{"id":39523,"date":"2020-04-27T19:48:33","date_gmt":"2020-04-27T17:48:33","guid":{"rendered":"http:\/\/miradordeatarfe.es\/?p=39523"},"modified":"2020-04-27T19:48:33","modified_gmt":"2020-04-27T17:48:33","slug":"el-ayuntamiento-de-atarfe-va-a-suministrar-mascarillas-para-ls-nins","status":"publish","type":"post","link":"https:\/\/miradordeatarfe.es\/?p=39523","title":{"rendered":"EL AYUNTAMIENTO DE ATARFE VA A SUMINISTRAR MASCARILLAS PARA L@S NI\u00d1@S"},"content":{"rendered":"<div id=\"fbPhotoSnowliftDetails\" class=\"_3t09 _6iil\">\n<div class=\"rhcBody _72zy\">\n<div class=\"uiScrollableArea rhcScroller _467y fade uiScrollableAreaWithShadow _72z- contentAfter\">\n<div id=\"u_25_1\" class=\"uiScrollableAreaWrap\" tabindex=\"0\" role=\"group\" aria-label=\"Zona desplazable\">\n<div class=\"uiScrollableAreaBody\">\n<div class=\"uiScrollableAreaContent\">\n<div class=\"_xlr\"><span id=\"fbPhotoSnowliftContext\" class=\"fbPhotosPhotoContext\"><\/span><\/p>\n<h3 id=\"id_5ea71a49e39c76115463610\" class=\"text_exposed_root text_exposed\" style=\"text-align: justify;\">Una vez confirmada la posibilidad de que l@s ni\u00f1@s puedan salir a la calle a partir de ma\u00f1ana, el Ayuntamiento de Atarfe se puso en marcha para poder proporcionar mascarillas a l@s ni\u00f1@s de Atarfe gracias a la colaboraci\u00f3n del grupo de personas voluntarias que realizan la fabricaci\u00f3n de las Mascarillas en nuestro pueblo.<\/h3>\n<p class=\"text_exposed_root text_exposed\" style=\"text-align: justify;\">Una v<span class=\"text_exposed_show\">ez recibido el tejido TNT (espec\u00edfico para Mascarillas Sanitarias), ha comenzado la fabricaci\u00f3n de las Mascarillas, y despu\u00e9s se someter\u00e1n al correspondiente proceso de desinfecci\u00f3n, procediendo a repartirse siguiendo el mismo m\u00e9todo que las mascarillas para adultos.<\/p>\n<p>Si necesitas estas Mascarillas de Protecci\u00f3n para l@s ni\u00f1@s, puedes reservarlas de la siguiente forma:<\/p>\n<p>.- Llamando a los tel\u00e9fonos de Protecci\u00f3n Civil 608793432 \/ 958164193, en horario 09:00 &#8211; 12:00 y 17:00 &#8211; 21:00<\/p>\n<p>.- Enviando un Mensaje de WhatsApp al tel\u00e9fono 682543376<\/p>\n<p>Al hacer tu solicitud tienes que indicar:<\/p>\n<p>. Nombre y Apellidos<br \/>\n\u00b7 Direcci\u00f3n<br \/>\n\u00b7 N\u00ba de Ni\u00f1@s y su edad<\/p>\n<p>Protecci\u00f3n Civil se encargar\u00e1 de llevar las mascarillas a tu domicilio.<\/p>\n<p>Queremos hacer p\u00fablico el agradecimiento a todas las personas que a diario trabajan desde sus casas fabricando estos elementos de protecci\u00f3n que tanto bien est\u00e1n haciendo a los Atarfe\u00f1os y Atarfe\u00f1as que lo necesitan.<\/p>\n<p><a class=\"_58cn\" href=\"https:\/\/www.facebook.com\/hashtag\/atarfetenecesita?epa=HASHTAG\" data-ft=\"{&quot;type&quot;:104,&quot;tn&quot;:&quot;*N&quot;}\">#AtarfeTeNecesita<\/a><br \/>\n<a class=\"_58cn\" href=\"https:\/\/www.facebook.com\/hashtag\/atarfesequedaencasa?epa=HASHTAG\" data-ft=\"{&quot;type&quot;:104,&quot;tn&quot;:&quot;*N&quot;}\">#AtarfeSeQuedaEnCasa<\/a><br \/>\n<a class=\"_58cn\" href=\"https:\/\/www.facebook.com\/hashtag\/todovaasalirbien?epa=HASHTAG\" data-ft=\"{&quot;type&quot;:104,&quot;tn&quot;:&quot;*N&quot;}\">#TodoVaASalirBien<\/a><br \/>\n<a class=\"_58cn\" href=\"https:\/\/www.facebook.com\/hashtag\/estevirusloparamosunidos?epa=HASHTAG\" data-ft=\"{&quot;type&quot;:104,&quot;tn&quot;:&quot;*N&quot;}\">#EsteVirusLoParamosUnidos<\/a><\/span><\/p>\n<div id=\"fbPhotoSnowliftProductMiniListHscroll\" class=\"fbCommerceProductMiniListHscroll\">\u00a0<\/div>\n<div id=\"fbPhotoSnowliftLegacyTagList\" class=\"pts fbPhotoLegacyTagList\">\n<div>FOTO: OK DIARIO<\/div>\n<\/div>\n<\/div>\n<\/div>\n<\/div>\n<\/div>\n<\/div>\n<\/div>\n<\/div>\n<div id=\"fbPhotoSnowliftPhotoFundraiser\">\u00a0<\/div>\n<div id=\"fbPhotoSnowliftOwnerButtons\" class=\"mvm fbPhotosPhotoOwnerButtons stat_elem\">\u00a0<\/div>\n","protected":false},"excerpt":{"rendered":"<p>Una vez confirmada la posibilidad de que l@s ni\u00f1@s puedan salir a la calle a&#8230;<\/p>\n","protected":false},"author":1,"featured_media":39524,"comment_status":"closed","ping_status":"closed","sticky":false,"template":"","format":"standard","meta":{"_coblocks_attr":"","_coblocks_dimensions":"","_coblocks_responsive_height":"","_coblocks_accordion_ie_support":"","jetpack_post_was_ever_published":false,"_jetpack_newsletter_access":"","_jetpack_dont_email_post_to_subs":false,"_jetpack_newsletter_tier_id":0,"_jetpack_memberships_contains_paywalled_content":false,"_jetpack_memberships_contains_paid_content":false,"footnotes":"","jetpack_publicize_message":"","jetpack_publicize_feature_enabled":true,"jetpack_social_post_already_shared":false,"jetpack_social_options":{"image_generator_settings":{"template":"highway","default_image_id":0,"enabled":false},"version":2}},"categories":[6916,1161,7149,44,15],"tags":[81,4293,7155],"class_list":["post-39523","post","type-post","status-publish","format-standard","has-post-thumbnail","hentry","category-ayuntamiento-de-atarfe","category-ciudadania","category-coronavirus","category-noticias-de-hoy","category-ultimas-noticias","tag-atarfe","tag-ayuntamiento-de-atarfe","tag-mascarillas"],"jetpack_publicize_connections":[],"jetpack_featured_media_url":"https:\/\/i0.wp.com\/miradordeatarfe.es\/wp-content\/uploads\/2020\/04\/buenas-noticias-el-coronavirus-no-es-grave-para-los-ninos-655x368-1.jpg?fit=655%2C368&ssl=1","jetpack_likes_enabled":true,"jetpack_sharing_enabled":true,"_links":{"self":[{"href":"https:\/\/miradordeatarfe.es\/index.php?rest_route=\/wp\/v2\/posts\/39523","targetHints":{"allow":["GET"]}}],"collection":[{"href":"https:\/\/miradordeatarfe.es\/index.php?rest_route=\/wp\/v2\/posts"}],"about":[{"href":"https:\/\/miradordeatarfe.es\/index.php?rest_route=\/wp\/v2\/types\/post"}],"author":[{"embeddable":true,"href":"https:\/\/miradordeatarfe.es\/index.php?rest_route=\/wp\/v2\/users\/1"}],"replies":[{"embeddable":true,"href":"https:\/\/miradordeatarfe.es\/index.php?rest_route=%2Fwp%2Fv2%2Fcomments&post=39523"}],"version-history":[{"count":1,"href":"https:\/\/miradordeatarfe.es\/index.php?rest_route=\/wp\/v2\/posts\/39523\/revisions"}],"predecessor-version":[{"id":39525,"href":"https:\/\/miradordeatarfe.es\/index.php?rest_route=\/wp\/v2\/posts\/39523\/revisions\/39525"}],"wp:featuredmedia":[{"embeddable":true,"href":"https:\/\/miradordeatarfe.es\/index.php?rest_route=\/wp\/v2\/media\/39524"}],"wp:attachment":[{"href":"https:\/\/miradordeatarfe.es\/index.php?rest_route=%2Fwp%2Fv2%2Fmedia&parent=39523"}],"wp:term":[{"taxonomy":"category","embeddable":true,"href":"https:\/\/miradordeatarfe.es\/index.php?rest_route=%2Fwp%2Fv2%2Fcategories&post=39523"},{"taxonomy":"post_tag","embeddable":true,"href":"https:\/\/miradordeatarfe.es\/index.php?rest_route=%2Fwp%2Fv2%2Ftags&post=39523"}],"curies":[{"name":"wp","href":"https:\/\/api.w.org\/{rel}","templated":true}]}}