{"id":39540,"date":"2020-04-30T10:16:51","date_gmt":"2020-04-30T08:16:51","guid":{"rendered":"http:\/\/miradordeatarfe.es\/?p=39540"},"modified":"2020-04-29T16:19:26","modified_gmt":"2020-04-29T14:19:26","slug":"un-hombre-de-atarfe-que-incumplio-nueve-veces-el-confinamiento-primer-condenado-a-prision-en-granada","status":"publish","type":"post","link":"https:\/\/miradordeatarfe.es\/?p=39540","title":{"rendered":"Un hombre de Atarfe que incumpli\u00f3 nueve veces el confinamiento, primer condenado a prisi\u00f3n en Granada"},"content":{"rendered":"<h2 style=\"text-align: justify;\">La condena contempla tres meses de prisi\u00f3n por un delito de desobediencia<\/h2>\n<p style=\"text-align: justify;\">Un vecino de Atarfe (Granada) de 43 a\u00f1os ha sido condenado a tres meses de prisi\u00f3n por un delito de desobediencia tras <strong>ser sorprendido nueve veces en la v\u00eda p\u00fablica<\/strong> incumpliendo la orden general de confinamiento impuesta durante el estado de alarma para evitar la propagaci\u00f3n del coronavirus.<\/p>\n<p style=\"text-align: justify;\">La sentencia se dict\u00f3 oralmente en una comparecencia realizada por videoconferencia desde el Juzgado con las dependencias de la Guardia Civil donde el acusado estaba detenido y le fue notificada en ese mismo momento, con presencia de la Letrada de la Administraci\u00f3n de Justicia, tras lo que <strong>sali\u00f3 de all\u00ed directo a la prisi\u00f3n de Albolote<\/strong> (Granada) a cumplir la pena, seg\u00fan han informado a Europa Press fuentes del caso.<\/p>\n<p style=\"text-align: justify;\">Fue el pasado 18 de abril cuando la Polic\u00eda Local de Albolote localiz\u00f3 al acusado en una parada de autob\u00fas donde se excus\u00f3 diciendo que estaba esperando el bus para regresar a su casa tras haber visitado a su primo en esta localidad. No era la primera vez que el hombre daba esta justificaci\u00f3n a los agentes que le hab\u00edan sorprendido en la calle, pese a que esta circunstancia <strong>no est\u00e1 contemplada entre las excepciones por las que se permite permanecer en la v\u00eda p\u00fablica durante el estado de alarma<\/strong>.<\/p>\n<p style=\"text-align: justify;\">Antes de eso, el acusado hab\u00eda sido denunciado administrativamente en otras siete ocasiones entre el 6 de marzo y el 14 de abril tras ser localizado, por ejemplo, paseando a las cinco de la madrugada alegando que iba a comprar tabaco o dando un paseo por el campo porque, seg\u00fan lleg\u00f3 a confesar a los agentes, \u00ab<strong>no quer\u00eda estar en su casa<\/strong>\u00ab.o d\u00eda. Ocurri\u00f3 el 21 de marzo, cuando a las 17,15 horas fue sorprendido en los aparcamientos del supermercado Lidl de Atarfe sin hacer compra alguna y m\u00e1s tarde, a las 22,36 horas, cuando supuestamente iba a comprarse un bocadillo a un establecimiento fuera del horario de atenci\u00f3n al p\u00fablico. As\u00ed hasta <strong>un total de nueve ocasiones<\/strong> en lo que la Fiscal\u00eda considera una \u00abclara y abierta oposici\u00f3n\u00bb al cumplimiento de la orden general de confinamiento.<\/p>\n<p style=\"text-align: justify;\">En su escrito de calificaci\u00f3n, el fiscal Francisco Hern\u00e1ndez Guerrero calific\u00f3 los hechos como un delito de desobediencia y se opuso a la aplicaci\u00f3n del beneficio de suspensi\u00f3n de la pena, <strong>dados los reiterados antecedentes penales del acusado<\/strong> y la sucesi\u00f3n de denuncias administrativas que en un breve plazo de tiempo se le han impuesto por incumplir el confinamiento. Por lo que consider\u00f3 procedente el cumplimiento \u00edntegro de la pena, que el acusado acept\u00f3 y qued\u00f3 fijada en tres meses de prisi\u00f3n.<\/p>\n","protected":false},"excerpt":{"rendered":"<p>La condena contempla tres meses de prisi\u00f3n por un delito de desobediencia Un vecino de&#8230;<\/p>\n","protected":false},"author":1,"featured_media":39541,"comment_status":"closed","ping_status":"closed","sticky":false,"template":"","format":"standard","meta":{"_coblocks_attr":"","_coblocks_dimensions":"","_coblocks_responsive_height":"","_coblocks_accordion_ie_support":"","jetpack_post_was_ever_published":false,"_jetpack_newsletter_access":"","_jetpack_dont_email_post_to_subs":false,"_jetpack_newsletter_tier_id":0,"_jetpack_memberships_contains_paywalled_content":false,"_jetpack_memberships_contains_paid_content":false,"footnotes":"","jetpack_publicize_message":"","jetpack_publicize_feature_enabled":true,"jetpack_social_post_already_shared":false,"jetpack_social_options":{"image_generator_settings":{"template":"highway","default_image_id":0,"enabled":false},"version":2}},"categories":[1],"tags":[81,2154],"class_list":["post-39540","post","type-post","status-publish","format-standard","has-post-thumbnail","hentry","category-uncategorized","tag-atarfe","tag-prision"],"jetpack_publicize_connections":[],"jetpack_featured_media_url":"https:\/\/i0.wp.com\/miradordeatarfe.es\/wp-content\/uploads\/2020\/04\/gra-tribunales-k4ZC-U1001068378349lYG-624x385%40Ideal.jpg?fit=622%2C385&ssl=1","jetpack_likes_enabled":true,"jetpack_sharing_enabled":true,"_links":{"self":[{"href":"https:\/\/miradordeatarfe.es\/index.php?rest_route=\/wp\/v2\/posts\/39540","targetHints":{"allow":["GET"]}}],"collection":[{"href":"https:\/\/miradordeatarfe.es\/index.php?rest_route=\/wp\/v2\/posts"}],"about":[{"href":"https:\/\/miradordeatarfe.es\/index.php?rest_route=\/wp\/v2\/types\/post"}],"author":[{"embeddable":true,"href":"https:\/\/miradordeatarfe.es\/index.php?rest_route=\/wp\/v2\/users\/1"}],"replies":[{"embeddable":true,"href":"https:\/\/miradordeatarfe.es\/index.php?rest_route=%2Fwp%2Fv2%2Fcomments&post=39540"}],"version-history":[{"count":1,"href":"https:\/\/miradordeatarfe.es\/index.php?rest_route=\/wp\/v2\/posts\/39540\/revisions"}],"predecessor-version":[{"id":39542,"href":"https:\/\/miradordeatarfe.es\/index.php?rest_route=\/wp\/v2\/posts\/39540\/revisions\/39542"}],"wp:featuredmedia":[{"embeddable":true,"href":"https:\/\/miradordeatarfe.es\/index.php?rest_route=\/wp\/v2\/media\/39541"}],"wp:attachment":[{"href":"https:\/\/miradordeatarfe.es\/index.php?rest_route=%2Fwp%2Fv2%2Fmedia&parent=39540"}],"wp:term":[{"taxonomy":"category","embeddable":true,"href":"https:\/\/miradordeatarfe.es\/index.php?rest_route=%2Fwp%2Fv2%2Fcategories&post=39540"},{"taxonomy":"post_tag","embeddable":true,"href":"https:\/\/miradordeatarfe.es\/index.php?rest_route=%2Fwp%2Fv2%2Ftags&post=39540"}],"curies":[{"name":"wp","href":"https:\/\/api.w.org\/{rel}","templated":true}]}}