{"id":3955,"date":"2015-10-17T09:23:48","date_gmt":"2015-10-17T09:23:48","guid":{"rendered":"http:\/\/miradordeatarfe.es\/?p=3955"},"modified":"2015-10-08T15:29:27","modified_gmt":"2015-10-08T15:29:27","slug":"seis-elucubraciones-sobre-el-nombre-del-reino-de-granada","status":"publish","type":"post","link":"https:\/\/miradordeatarfe.es\/?p=3955","title":{"rendered":"Seis elucubraciones sobre el nombre del Reino de Granada"},"content":{"rendered":"<div>A lo largo de la historia se han ofrecido diversas razones y elucubrado distintas teor\u00edas por las que nuestra ciudad recibi\u00f3 el nombre de Granada. Muchas de ellas fueron recopiladas por el abogado Francisco Berm\u00fadez de Pedraza en el a\u00f1o 1608, dando lugar a un compendio denominado \u201c<i>Las razones porque la ciudad de Illiberia se llam\u00f3 Granada<\/i>\u201d y en donde se enumeran todas las que se conoc\u00edan hasta a aquel momento.<\/div>\n<p><!--more--><\/p>\n<h3>Primera raz\u00f3n: el nombre de Granada procede de \u201cP\u00fanica Granatum\u201d<\/h3>\n<div>El Obispo de Girona sugiri\u00f3 que el nombre de nuestra ciudad proced\u00eda del nombre del fruto. Este a su vez hab\u00eda sido tomado del nombre de las provincias romanas donde fueron descubiertos. Seg\u00fan la tradici\u00f3n, Lucio Licinio L\u00faculo trajo 74 ejemplares a la ciudad de Roma procedentes de la colonia griega \u00a0Cerasunte, aunque se refiere que estas proced\u00edan a su vez de la provincia de S\u00e9rica en Persia. Los romanos llamaban a las granadas tambi\u00e9n \u201c<i>mala p\u00fanica<\/i>\u201d, es decir, \u00abmanzana p\u00fanica\u00bb y al \u00e1rbol \u201c<i>P\u00fanica Granatum<\/i>\u201d. Este era el nombre que originalmente los romanos dieron al pueblo cartagin\u00e9s que era originario de \u00c1frica, as\u00ed que muy probablemente debido a la cercan\u00eda de la provincia con el Norte de este continente fue muy f\u00e1cil que los primeros granados que llegase a nuestro pa\u00eds se plantaran en nuestra ciudad. De ah\u00ed que la proliferaci\u00f3n de esta fruta en nuestro territorio fue la que otorg\u00f3 nombre a la ciudad.<\/div>\n<div><\/div>\n<div>Esta primera teor\u00eda cuenta con el apoyo de fray Juan de Marieta. Este autor afirmaba que el nombre de Granada se otorgaba porque precisamente en esta ciudad exist\u00eda una gran abundancia de granados, m\u00e1s quiz\u00e1s que en ninguna otra de Espa\u00f1a.<\/div>\n<div><\/div>\n<h3>Segunda raz\u00f3n: el nombre de Granada procede de la similitud con los cascos de una Granada.<\/h3>\n<div>Para el historiador siciliano y cronista del rey Fernando el Cat\u00f3lico, Lucio Marineo S\u00edculo, la ciudad fue llamada Granada por la similitud que tiene con ese fruto. Si nos fijamos, la ciudad est\u00e1 dividida en dos montes llenos de casas que asemejan los cascos de este fruto. Uno de ellos estar\u00eda en el Albaic\u00edn y el otro en la Alhambra. El propio Luis del M\u00e1rmol refiere adem\u00e1s que los barrios cercados vistos desde arriba asemejaban el interior de una Granada.<\/div>\n<div><\/div>\n<table class=\"tr-caption-container\" cellspacing=\"0\" cellpadding=\"0\">\n<tbody>\n<tr>\n<td><a href=\"https:\/\/i0.wp.com\/1.bp.blogspot.com\/-ERb4ASz4q8A\/VfBMBcdaUaI\/AAAAAAAANDY\/hdHYhIaPK4s\/s1600\/DSC04702.JPG\"><img data-recalc-dims=\"1\" loading=\"lazy\" decoding=\"async\" class=\"\" src=\"https:\/\/i0.wp.com\/1.bp.blogspot.com\/-ERb4ASz4q8A\/VfBMBcdaUaI\/AAAAAAAANDY\/hdHYhIaPK4s\/s640\/DSC04702.JPG?resize=592%2C444\" alt=\"\" width=\"592\" height=\"444\" border=\"0\" \/><\/a><\/td>\n<\/tr>\n<tr>\n<td class=\"tr-caption\">Vista del Albaic\u00edn desde la Ermita de San Miguel Alto. Fotograf\u00eda: Jos\u00e9 Antonio Fern\u00e1ndez L\u00f3pez<\/td>\n<\/tr>\n<\/tbody>\n<\/table>\n<h3>\u00a0Tercera raz\u00f3n: Granada de los graneros<\/h3>\n<div>\u00c1lvaro G\u00f3mez y Fernando de Mendoza teorizaron con que el nombre de Granada proced\u00eda de unos antiguos libros \u00e1rabes en los que se describ\u00eda la historia de una reina que hubo en la ciudad. Dicha reina pose\u00eda grandes trojes y graneros de trigo. De ah\u00ed se supone que estas tierras recibieron el nombre de Granada por su relaci\u00f3n con los silos de grano.<\/div>\n<div><\/div>\n<h3>Cuarta raz\u00f3n: Granada el nombre de una cueva<\/h3>\n<div>Esta es una de las teor\u00edas m\u00e1s extendidas entre las leyendas existentes. En palabras del propio Diego de Mendoza el nombre de Granada proceder\u00eda de una cueva situada junto a la Puerta de Bibataub\u00edn, hoy plaza del Campillo. Esta cueva era mencionada como \u00ab<i>Cava<\/i>\u00bb o \u00ab<i>Gar<\/i>\u00bb y en ella viv\u00eda la hija del conde don Juli\u00e1n, cuyo nombre propio era Natta. De manera que el autor sostiene que el nombre de la ciudad se form\u00f3 por la uni\u00f3n de ambas palabras en \u00ab<i>Garnatta<\/i>\u00ab.<\/div>\n<div><\/div>\n<table class=\"tr-caption-container\" cellspacing=\"0\" cellpadding=\"0\">\n<tbody>\n<tr>\n<td><a href=\"https:\/\/i0.wp.com\/1.bp.blogspot.com\/-YnxQadPAR_E\/VfBMjzCkvxI\/AAAAAAAANDo\/0EUOdgZjP3I\/s1600\/DSC02498.JPG\"><img data-recalc-dims=\"1\" loading=\"lazy\" decoding=\"async\" src=\"https:\/\/i0.wp.com\/1.bp.blogspot.com\/-YnxQadPAR_E\/VfBMjzCkvxI\/AAAAAAAANDo\/0EUOdgZjP3I\/s640\/DSC02498.JPG?resize=640%2C480\" alt=\"\" width=\"640\" height=\"480\" border=\"0\" \/><\/a><\/td>\n<\/tr>\n<tr>\n<td class=\"tr-caption\">Fuente en la Plaza del Campillo, justo el lugar donde se encontraba la cueva de Gar-Natta. Fotograf\u00eda: Jos\u00e9 Ant. Fern\u00e1ndez<\/td>\n<\/tr>\n<\/tbody>\n<\/table>\n<div><\/div>\n<div>Tomando como base algunos de los escritos hispanomusulmanes, el propio Francisco Berm\u00fadez de Pedraza, mencion\u00f3 adem\u00e1s que esa hip\u00f3tesis podr\u00eda ser la correcta ya que el nombre de la ciudad radicaba en esa cueva que el mismo hab\u00eda visitado siendo ni\u00f1o y que seg\u00fan hab\u00eda leido part\u00eda desde la Puerta de Bibataub\u00edn y llegaba hasta Alfacar. Asimismo algunos textos antiguos, refer\u00edan este lugar como un sitio de culto religioso en tiempos de los moros pues all\u00ed eran sanadas la personas que estaban pose\u00eddas por esp\u00edritus y demonios. Se dice que la cueva fue nombrada por los soldados de Damasco como \u201c<i>Garnatta<\/i>\u201d \u00abcueva de las palmas\u00bb, aunque \u00ab<i>Gar<\/i>\u00bb significa tambi\u00e9n poniente.<\/div>\n<div><\/div>\n<h3>Quinta raz\u00f3n: Granada procede de Natta hija de Liberia<\/h3>\n<div>Esta historia entronca el pasado de nuestra ciudad con la misma mitolog\u00eda griega. Seg\u00fan algunas tradiciones, Natta era una reina, hija de Liberia y nieta de Hisp\u00e1n, descendiente directos de No\u00e9 y de H\u00e9rcules. Al parecer, reinando en estas tierras llegaron unos extranjeros que le pidieron terrenos para poblar, en una cantidad de no m\u00e1s de cuanto ocupase la piel de una vaca. La reina Natta accedi\u00f3 a que ocuparan dicho espacio, pero los nuevos pobladores transformaron la piel de vaca en delgados hilos con los que llegaron a cercar gran parte del monte. Tras la afrenta se cuenta que Natta se encerr\u00f3 en una cueva hasta su muerte. En este lugar ejercitar\u00eda la Astrolog\u00eda y las artes m\u00e1gicas que su madre Liberia le hab\u00eda ense\u00f1ado. Los nuevos pobladores le hicieron una gran lisonja y en honor a ella llamaron a la ciudad \u00ab<i>Garnatta<\/i>\u00bb o \u201c<i>Cueva de Natta<\/i>\u201d. En dicha ciudad erigir\u00edan una estatua que adorar\u00edan tras su muerte. Dicha estatua ser\u00eda encontrada despu\u00e9s por las legiones romanas que la llevaron al templo de H\u00e9rcules que hab\u00eda en la capital del Imperio como se\u00f1al de fidelidad de los pobladores de estas tierras. Junto a la estatua se llevaron tambi\u00e9n los descendientes directos de Natta, siendo convertidos en sacerdotes y custodios del templo.<\/div>\n<div><\/div>\n<table class=\"tr-caption-container\" cellspacing=\"0\" cellpadding=\"0\" align=\"center\">\n<tbody>\n<tr>\n<td><a href=\"https:\/\/i0.wp.com\/4.bp.blogspot.com\/-sKinQZgxH2Y\/VfBMweYzFcI\/AAAAAAAANDw\/dub7cEokyRg\/s1600\/DSC08279%2B%25282%2529.JPG\"><img data-recalc-dims=\"1\" loading=\"lazy\" decoding=\"async\" src=\"https:\/\/i0.wp.com\/4.bp.blogspot.com\/-sKinQZgxH2Y\/VfBMweYzFcI\/AAAAAAAANDw\/dub7cEokyRg\/s640\/DSC08279%2B%25282%2529.JPG?resize=640%2C480\" alt=\"\" width=\"640\" height=\"480\" border=\"0\" \/><\/a><\/td>\n<\/tr>\n<tr>\n<td class=\"tr-caption\">Le\u00f3n y reloj del Palacio de Bibataub\u00edn, lugar donde se refiere que existe una cueva que comunica con Alfacar.<br \/>\nFotograf\u00eda: Jos\u00e9 Ant. Fern\u00e1ndez L\u00f3pez<\/td>\n<\/tr>\n<\/tbody>\n<\/table>\n<div><\/div>\n<h3>Sexta raz\u00f3n: Granada procede de Illipula Laus<\/h3>\n<div>Granada procede de Illiberia, tierra que era hermosa, f\u00e9rtil y rica. Tanto que Plinio la llam\u00f3 \u00ab<i>Illipula Laus\u00bb<\/i>, pues era un lugar de alabanza. Seg\u00fan el autor el t\u00e9rmino de Granada significar\u00eda cosa f\u00e9rtil y abundante, precisamente lo que era Illiberia, de modo que se usaba como sin\u00f3nimo de abundancia y de su nombre fundacional.<\/div>\n<div class=\"separator\"><\/div>\n<p>&nbsp;<\/p>\n<table class=\"tr-caption-container\" cellspacing=\"0\" cellpadding=\"0\" align=\"center\">\n<tbody>\n<tr>\n<td><a href=\"https:\/\/i0.wp.com\/2.bp.blogspot.com\/-JGflVDcFBjE\/VfBMUmV1G6I\/AAAAAAAANDg\/kTQk5mE1s6c\/s1600\/DSC01120.JPG\"><img data-recalc-dims=\"1\" loading=\"lazy\" decoding=\"async\" src=\"https:\/\/i0.wp.com\/2.bp.blogspot.com\/-JGflVDcFBjE\/VfBMUmV1G6I\/AAAAAAAANDg\/kTQk5mE1s6c\/s640\/DSC01120.JPG?resize=640%2C480\" alt=\"\" width=\"640\" height=\"480\" border=\"0\" \/><\/a><\/td>\n<\/tr>\n<\/tbody>\n<\/table>\n<div><\/div>\n<div><\/div>\n<div>publicado en :<\/p>\n<h1 class=\"title\"><a href=\"http:\/\/eljardindelalbaydero.blogspot.com.es\/\">El Jard\u00edn del Albaydero<\/a><\/h1>\n<\/div>\n<div><\/div>\n<div><\/div>\n<div><\/div>\n<div><\/div>\n<div><\/div>\n<div><\/div>\n<div><\/div>\n<div><\/div>\n<div><\/div>\n<div><\/div>\n<div><\/div>\n<div><\/div>\n<div><\/div>\n<h3 class=\"post-body entry-content\"><\/h3>\n<table class=\"tr-caption-container\" cellspacing=\"0\" cellpadding=\"0\" align=\"center\">\n<tbody>\n<tr>\n<td><\/td>\n<\/tr>\n<\/tbody>\n<\/table>\n","protected":false},"excerpt":{"rendered":"<p>A lo largo de la historia se han ofrecido diversas razones y elucubrado distintas teor\u00edas&#8230;<\/p>\n","protected":false},"author":1,"featured_media":3956,"comment_status":"closed","ping_status":"closed","sticky":false,"template":"","format":"standard","meta":{"_coblocks_attr":"","_coblocks_dimensions":"","_coblocks_responsive_height":"","_coblocks_accordion_ie_support":"","jetpack_post_was_ever_published":false,"_jetpack_newsletter_access":"","_jetpack_dont_email_post_to_subs":false,"_jetpack_newsletter_tier_id":0,"_jetpack_memberships_contains_paywalled_content":false,"_jetpack_memberships_contains_paid_content":false,"footnotes":"","jetpack_publicize_message":"","jetpack_publicize_feature_enabled":true,"jetpack_social_post_already_shared":false,"jetpack_social_options":{"image_generator_settings":{"template":"highway","default_image_id":0,"enabled":false},"version":2}},"categories":[1],"tags":[1435,129,1436],"class_list":["post-3955","post","type-post","status-publish","format-standard","has-post-thumbnail","hentry","category-uncategorized","tag-garnata","tag-granada","tag-punica-granatum"],"jetpack_publicize_connections":[],"jetpack_featured_media_url":"https:\/\/i0.wp.com\/miradordeatarfe.es\/wp-content\/uploads\/2015\/10\/DSC07787.jpg?fit=640%2C480&ssl=1","jetpack_likes_enabled":true,"jetpack_sharing_enabled":true,"_links":{"self":[{"href":"https:\/\/miradordeatarfe.es\/index.php?rest_route=\/wp\/v2\/posts\/3955","targetHints":{"allow":["GET"]}}],"collection":[{"href":"https:\/\/miradordeatarfe.es\/index.php?rest_route=\/wp\/v2\/posts"}],"about":[{"href":"https:\/\/miradordeatarfe.es\/index.php?rest_route=\/wp\/v2\/types\/post"}],"author":[{"embeddable":true,"href":"https:\/\/miradordeatarfe.es\/index.php?rest_route=\/wp\/v2\/users\/1"}],"replies":[{"embeddable":true,"href":"https:\/\/miradordeatarfe.es\/index.php?rest_route=%2Fwp%2Fv2%2Fcomments&post=3955"}],"version-history":[{"count":1,"href":"https:\/\/miradordeatarfe.es\/index.php?rest_route=\/wp\/v2\/posts\/3955\/revisions"}],"predecessor-version":[{"id":3957,"href":"https:\/\/miradordeatarfe.es\/index.php?rest_route=\/wp\/v2\/posts\/3955\/revisions\/3957"}],"wp:featuredmedia":[{"embeddable":true,"href":"https:\/\/miradordeatarfe.es\/index.php?rest_route=\/wp\/v2\/media\/3956"}],"wp:attachment":[{"href":"https:\/\/miradordeatarfe.es\/index.php?rest_route=%2Fwp%2Fv2%2Fmedia&parent=3955"}],"wp:term":[{"taxonomy":"category","embeddable":true,"href":"https:\/\/miradordeatarfe.es\/index.php?rest_route=%2Fwp%2Fv2%2Fcategories&post=3955"},{"taxonomy":"post_tag","embeddable":true,"href":"https:\/\/miradordeatarfe.es\/index.php?rest_route=%2Fwp%2Fv2%2Ftags&post=3955"}],"curies":[{"name":"wp","href":"https:\/\/api.w.org\/{rel}","templated":true}]}}