{"id":39556,"date":"2020-04-30T11:31:44","date_gmt":"2020-04-30T09:31:44","guid":{"rendered":"http:\/\/miradordeatarfe.es\/?p=39556"},"modified":"2020-04-29T17:33:51","modified_gmt":"2020-04-29T15:33:51","slug":"reunion-de-la-junta-de-portavoces-local-para-la-regeneracion-economica-y-social-de-atarfe","status":"publish","type":"post","link":"https:\/\/miradordeatarfe.es\/?p=39556","title":{"rendered":"REUNI\u00d3N DE LA JUNTA DE PORTAVOCES LOCAL PARA LA REGENERACI\u00d3N ECON\u00d3MICA Y SOCIAL DE ATARFE"},"content":{"rendered":"<p>En la tarde de ayer se celebr\u00f3 la reuni\u00f3n de la Junta de Portavoces del Ayuntamiento de Atarfe en la que se acord\u00f3 de manera un\u00e1nime, por todos los Grupos Pol\u00edticos, la necesidad de trabajar unidos en el desarrollo de Medidas para la regeneraci\u00f3n econ\u00f3mica y social de Atarfe frente a las consecuencias de la Crisis Sanitaria del Covid-19 que estamos viviendo.<\/p>\n<p>En esta tarea vamos a centra<span class=\"text_exposed_show\">r nuestros esfuerzos de manera conjunta y hemos quedado emplazados para comenzar las sesiones de trabajo que permitan dedicar los recursos municipales, y los que demandemos a administraciones de \u00e1mbito superior, a mejorar la vida de los Atarfe\u00f1os y Atarfe\u00f1as ante la nueva realidad socio-econ\u00f3mica que nos va a tocar vivir.<\/span><\/p>\n<div class=\"text_exposed_show\">\n<p>En la reuni\u00f3n, de manera un\u00e1nime por parte de toda la Corporaci\u00f3n Municipal, se hizo una menci\u00f3n especial de Felicitaci\u00f3n y Agradecimiento a tod@s l@s trabajador@s municipales, protecci\u00f3n civil, personas voluntarias y empresas que durante esta crisis sanitaria d\u00eda a d\u00eda trabajan para mejorar la vida de tod@s.<\/p>\n<p><a class=\"_58cn\" href=\"https:\/\/www.facebook.com\/hashtag\/atarfetenecesita?source=feed_text&amp;epa=HASHTAG&amp;__xts__%5B0%5D=68.ARAURDENiYNIFig09C1FpyITbUjiFHyCtjioyHKMb6u55RSA3qtMhlTjwF7fIORe2Ta-jmKWl8RQwVZTh2ma4piSRxihNocxH1ScXuvqk3Q1C4oeZSi56krigl--w6u1MsvyKZLFWIiAd3UQtmiuHmGqUroZUXET9g3pT8G_YOn_F_OOrU0Ht7ED-6ZrpNoRuuxR_Z3SCRrbjPb0IpJC9DnoFM9IhMVhSZ-wZ01Zcg_Jahhar56-s-ecIcWNiF_K938Lan2dVlDpPaKP8U4uwPcYavo2hbE1pYu3z30hSWsV_m7cp7CbQb8ze18VkOz14YVoKVnOuLOjGxRgvP6La_hobg&amp;__tn__=%2ANK-R\" data-ft=\"{&quot;type&quot;:104,&quot;tn&quot;:&quot;*N&quot;}\"><span class=\"_5afx\"><span class=\"_58cl _5afz\" aria-label=\"hashtag\">#<\/span><span class=\"_58cm\">AtarfeTeNecesita<\/span><\/span><\/a><br \/>\n<a class=\"_58cn\" href=\"https:\/\/www.facebook.com\/hashtag\/atarfesequedaencasa?source=feed_text&amp;epa=HASHTAG&amp;__xts__%5B0%5D=68.ARAURDENiYNIFig09C1FpyITbUjiFHyCtjioyHKMb6u55RSA3qtMhlTjwF7fIORe2Ta-jmKWl8RQwVZTh2ma4piSRxihNocxH1ScXuvqk3Q1C4oeZSi56krigl--w6u1MsvyKZLFWIiAd3UQtmiuHmGqUroZUXET9g3pT8G_YOn_F_OOrU0Ht7ED-6ZrpNoRuuxR_Z3SCRrbjPb0IpJC9DnoFM9IhMVhSZ-wZ01Zcg_Jahhar56-s-ecIcWNiF_K938Lan2dVlDpPaKP8U4uwPcYavo2hbE1pYu3z30hSWsV_m7cp7CbQb8ze18VkOz14YVoKVnOuLOjGxRgvP6La_hobg&amp;__tn__=%2ANK-R\" data-ft=\"{&quot;type&quot;:104,&quot;tn&quot;:&quot;*N&quot;}\"><span class=\"_5afx\"><span class=\"_58cl _5afz\" aria-label=\"hashtag\">#<\/span><span class=\"_58cm\">AtarfeSeQuedaEnCasa<\/span><\/span><\/a><br \/>\n<a class=\"_58cn\" href=\"https:\/\/www.facebook.com\/hashtag\/todovaasalirbien?source=feed_text&amp;epa=HASHTAG&amp;__xts__%5B0%5D=68.ARAURDENiYNIFig09C1FpyITbUjiFHyCtjioyHKMb6u55RSA3qtMhlTjwF7fIORe2Ta-jmKWl8RQwVZTh2ma4piSRxihNocxH1ScXuvqk3Q1C4oeZSi56krigl--w6u1MsvyKZLFWIiAd3UQtmiuHmGqUroZUXET9g3pT8G_YOn_F_OOrU0Ht7ED-6ZrpNoRuuxR_Z3SCRrbjPb0IpJC9DnoFM9IhMVhSZ-wZ01Zcg_Jahhar56-s-ecIcWNiF_K938Lan2dVlDpPaKP8U4uwPcYavo2hbE1pYu3z30hSWsV_m7cp7CbQb8ze18VkOz14YVoKVnOuLOjGxRgvP6La_hobg&amp;__tn__=%2ANK-R\" data-ft=\"{&quot;type&quot;:104,&quot;tn&quot;:&quot;*N&quot;}\"><span class=\"_5afx\"><span class=\"_58cl _5afz\" aria-label=\"hashtag\">#<\/span><span class=\"_58cm\">TodoVaASalirBien<\/span><\/span><\/a><br \/>\n<a class=\"_58cn\" href=\"https:\/\/www.facebook.com\/hashtag\/estevirusloparamosunidos?source=feed_text&amp;epa=HASHTAG&amp;__xts__%5B0%5D=68.ARAURDENiYNIFig09C1FpyITbUjiFHyCtjioyHKMb6u55RSA3qtMhlTjwF7fIORe2Ta-jmKWl8RQwVZTh2ma4piSRxihNocxH1ScXuvqk3Q1C4oeZSi56krigl--w6u1MsvyKZLFWIiAd3UQtmiuHmGqUroZUXET9g3pT8G_YOn_F_OOrU0Ht7ED-6ZrpNoRuuxR_Z3SCRrbjPb0IpJC9DnoFM9IhMVhSZ-wZ01Zcg_Jahhar56-s-ecIcWNiF_K938Lan2dVlDpPaKP8U4uwPcYavo2hbE1pYu3z30hSWsV_m7cp7CbQb8ze18VkOz14YVoKVnOuLOjGxRgvP6La_hobg&amp;__tn__=%2ANK-R\" data-ft=\"{&quot;type&quot;:104,&quot;tn&quot;:&quot;*N&quot;}\"><span class=\"_5afx\"><span class=\"_58cl _5afz\" aria-label=\"hashtag\">#<\/span><span class=\"_58cm\">EsteVirusLoParamosUnidos<\/span><\/span><\/a><\/p>\n<\/div>\n","protected":false},"excerpt":{"rendered":"<p>En la tarde de ayer se celebr\u00f3 la reuni\u00f3n de la Junta de Portavoces del&#8230;<\/p>\n","protected":false},"author":1,"featured_media":39557,"comment_status":"closed","ping_status":"closed","sticky":false,"template":"","format":"standard","meta":{"_coblocks_attr":"","_coblocks_dimensions":"","_coblocks_responsive_height":"","_coblocks_accordion_ie_support":"","jetpack_post_was_ever_published":false,"_jetpack_newsletter_access":"","_jetpack_dont_email_post_to_subs":false,"_jetpack_newsletter_tier_id":0,"_jetpack_memberships_contains_paywalled_content":false,"_jetpack_memberships_contains_paid_content":false,"footnotes":"","jetpack_publicize_message":"","jetpack_publicize_feature_enabled":true,"jetpack_social_post_already_shared":false,"jetpack_social_options":{"image_generator_settings":{"template":"highway","default_image_id":0,"enabled":false},"version":2}},"categories":[6916,186,44,15],"tags":[7288,81,7287],"class_list":["post-39556","post","type-post","status-publish","format-standard","has-post-thumbnail","hentry","category-ayuntamiento-de-atarfe","category-instituciones","category-noticias-de-hoy","category-ultimas-noticias","tag-acuerdo-municipal","tag-atarfe","tag-coorporacion-municipal"],"jetpack_publicize_connections":[],"jetpack_featured_media_url":"https:\/\/i0.wp.com\/miradordeatarfe.es\/wp-content\/uploads\/2020\/04\/95497084_3042937952436721_8927129596780871680_n.jpg?fit=500%2C500&ssl=1","jetpack_likes_enabled":true,"jetpack_sharing_enabled":true,"_links":{"self":[{"href":"https:\/\/miradordeatarfe.es\/index.php?rest_route=\/wp\/v2\/posts\/39556","targetHints":{"allow":["GET"]}}],"collection":[{"href":"https:\/\/miradordeatarfe.es\/index.php?rest_route=\/wp\/v2\/posts"}],"about":[{"href":"https:\/\/miradordeatarfe.es\/index.php?rest_route=\/wp\/v2\/types\/post"}],"author":[{"embeddable":true,"href":"https:\/\/miradordeatarfe.es\/index.php?rest_route=\/wp\/v2\/users\/1"}],"replies":[{"embeddable":true,"href":"https:\/\/miradordeatarfe.es\/index.php?rest_route=%2Fwp%2Fv2%2Fcomments&post=39556"}],"version-history":[{"count":1,"href":"https:\/\/miradordeatarfe.es\/index.php?rest_route=\/wp\/v2\/posts\/39556\/revisions"}],"predecessor-version":[{"id":39558,"href":"https:\/\/miradordeatarfe.es\/index.php?rest_route=\/wp\/v2\/posts\/39556\/revisions\/39558"}],"wp:featuredmedia":[{"embeddable":true,"href":"https:\/\/miradordeatarfe.es\/index.php?rest_route=\/wp\/v2\/media\/39557"}],"wp:attachment":[{"href":"https:\/\/miradordeatarfe.es\/index.php?rest_route=%2Fwp%2Fv2%2Fmedia&parent=39556"}],"wp:term":[{"taxonomy":"category","embeddable":true,"href":"https:\/\/miradordeatarfe.es\/index.php?rest_route=%2Fwp%2Fv2%2Fcategories&post=39556"},{"taxonomy":"post_tag","embeddable":true,"href":"https:\/\/miradordeatarfe.es\/index.php?rest_route=%2Fwp%2Fv2%2Ftags&post=39556"}],"curies":[{"name":"wp","href":"https:\/\/api.w.org\/{rel}","templated":true}]}}