{"id":3982,"date":"2015-10-18T08:27:20","date_gmt":"2015-10-18T08:27:20","guid":{"rendered":"http:\/\/miradordeatarfe.es\/?p=3982"},"modified":"2015-10-19T08:16:55","modified_gmt":"2015-10-19T08:16:55","slug":"dale-que-dale-por-juan-alfredo-bellon","status":"publish","type":"post","link":"https:\/\/miradordeatarfe.es\/?p=3982","title":{"rendered":"DALE QUE DALE  Por Juan Alfredo Bell\u00f3n"},"content":{"rendered":"<p><strong><em>DALE QUE DALE <\/em>Por Juan Alfredo Bell\u00f3n N\u00ba71 de DESDE EL MIRADOR Domingo 18-10-2015<\/strong><!--more--><\/p>\n<p><strong>\u00a0<\/strong><\/p>\n<p>Qu\u00e9 peligro tiene que se nos vea el plumero cuando nos observan desde la distancia en el despliegue patente de nuestras verdaderas y latentes intenciones. Como ocurre con el PP granadino y su aspiraci\u00f3n at\u00e1vica y reiterada de enlazar la capital con la Sierra y\/o con la Alhambra y hasta el centro hist\u00f3rico con el eje Abayc\u00edn-Sacromonte, por medio de un sistema de artilugios moto-elevadores colectivos ll\u00e1mense telecabinas, telef\u00e9ricos, funiculares, etc. que, adem\u00e1s de ser un acto de emprendimiento de notables proporciones, elevado costo y altas expectativas cremat\u00edsticas, contar\u00eda con paralelos en bastantes y famosos lugares del mundo y generar\u00eda continuas pol\u00e9micas entre sus promotores empresariales e institucionales y sus detractores socioculturales, surgidos de una u otra forma entre la ciudadan\u00eda.<\/p>\n<p>&nbsp;<\/p>\n<p>En esto, la actitud cerrada e infatigable del alcalde granadino, a quien no llamar\u00e9 <em>pi\u00f1ero<\/em> por primar m\u00e1s su <em>pacimiento<\/em> que su nacimiento, ha venido de nuevo a soliviantar a la opini\u00f3n p\u00fablica tratando de superar el proceso funambulesco de su reelecci\u00f3n y planteando el en\u00e9simo reclamo electoral del a\u00f1o al que el binomio P\u00e9rez <em>versus <\/em>Torres accede dividido y enfrentado y con una fuerte crisis de iniciativas y liderazgo. Si por ellos fuera, sus respectivos programas electorales capitalinos, provinciales y en bastantes otras localidades con promontorios panor\u00e1micos amenos y de perspectivas pintorescas estar\u00edan encabezados por la promesa de construir artilugios colgantes y transportables desde una base que servir\u00eda de lanzadera y plataforma comercial donde aparcaran miles de veh\u00edculos de esos hipot\u00e9ticos visitantes a quienes tambi\u00e9n supuestamente se les har\u00eda m\u00e1s grata y practicable la visita y crecer\u00edan <em>ad infinitum <\/em>las cifras del turismo y las ganancias de su empresariado, ahora que las condiciones laborales del sector andan tan por los suelos.<\/p>\n<p>&nbsp;<\/p>\n<p>De hecho, en Granada-capital contar\u00edamos con tres dimensiones verticales para deslizarnos por el aire colectivamente, adem\u00e1s de la tirolina, el <em>puenting<\/em> y la bici de monta\u00f1a, las tres poco factibles de un seguimiento masivo, aquella por agreste, ese por peligroso y esta por las dificultades de su pr\u00e1ctica, por lo que nos queda el deslizamiento colectivo por cable en cabina telesf\u00e9rica, el funicular, el ascensor y el vag\u00f3n mono y bi-rail asistido de cremallera. Y seg\u00fan el superalcalde. el primero partir\u00eda del Zaid\u00edn, el puente Verde o los anchurones de la zona polideportiva del nuevo Estadio de los C\u00e1rmenes; el segundo de Plaza Nueva o el hotel de las Re\u00famas y el tercero del Arco o la calle de Elvira para no citar por atrevido y prematuro el inter funicular entre la Torre de la Vela, las Torres Bermejas, el Llano de la Perdiz, San Miguel Alto y la Plaza Larga que por ahora tendr\u00eda la dificultad de su elevad\u00edsimo presupuesto en obra y en indemnizaciones en caso de accidente (tambi\u00e9n ahora por atentado islamista, cada vez m\u00e1s inminente seg\u00fan el cardenal Ca\u00f1izares, tan conocedor de estos lares) aunque yo comprendo que nuestro primer edil insista, dale que dale, como una pava en un pepino, para descorazonar a su delf\u00edn natural el Sr. P\u00e9rez y, de camino, mantener encendida la llama de la pol\u00e9mica con La Junta y los conservacionistas, que no solo de pan sino de constantes controversias vivimos las personas principales.<\/p>\n<p>&nbsp;<\/p>\n<p>Claro que los recientes argumentos racistas de la Iglesia Cat\u00f3lica m\u00e1s cavern\u00edcola, expuestos desde Valencia ante una feligres\u00eda tan propicia por boca del cardenal Ca\u00f1izares, vendr\u00edan a socavar las razones de alcalde Torres para vender la casa de Agreda a una ONG Marroqu\u00ed de actividades m\u00e1s que controvertidas y lo dejar\u00edan sin argumentos en pro de iniciativas levitatorias colectivas a no ser que fijara su vista en la Ermita de los tres Juanes y su panor\u00e1mica inigualable sobre La Vega y propusiera la instalaci\u00f3n de un macro telecabina con lanzadera en el cementerio de Maracena, paradas en Albolote y la Plaza de Toros de Atarfe y llegada al Mirador de la Ermita atarfe\u00f1a desde donde, con el tiempo y cien mil ca\u00f1as, se podr\u00eda pensar en otra l\u00ednea aut\u00f3noma con parada en el Pe\u00f1\u00f3n de la Mata, el puerto de La Mora, las minas de Alquife y el castillo de la Calahorra y estaci\u00f3n t\u00e9rmino (tambi\u00e9n ampliable) en Castril de la Pe\u00f1a, y en un futuro pr\u00f3ximo hasta los alrededores de Orce y Galera donde se han excavado los yacimientos paleontol\u00f3gicos y los neol\u00edticos mortuorios m\u00e1s importantes del Sur peninsular.<\/p>\n<p>No hace falta decir que al telecabina de Sierra Nevada se le sumar\u00edan los del Realejo, Albayc\u00edn y otro nuevos -\u00bfpor qu\u00e9 no?- a la Ermita de los Tres Juanes y a la Pe\u00f1a de Castril, sembrando as\u00ed nuestro territorio andaluz oriental de ingenios mec\u00e1nicos transportadores que podr\u00edan llegar hasta el observatorio astrof\u00edsico de Calar Alto y volcar hacia el Sur por el Puerto de la Ragua para aterrizar en Balerma, cuyo calendario de ejecuci\u00f3n alargar\u00eda indefinidamente m\u00e1s que el chicle la duraci\u00f3n de proyectos y obras creando en la ciudadan\u00eda una sensaci\u00f3n de frustraci\u00f3n constante y desconfianza en sus administraciones respectivas.<\/p>\n<p>&nbsp;<\/p>\n<p>Para no hablar de las recientes pol\u00e9micas sobre la agresividad del turismo masivo que desnaturaliza los lugares colapsados por forasteros incontrolados sin tener en cuenta su crecimiento sostenible ni la posibilidad y calidad de vida de sus habitantes habituales, tal como se ha planteado recientemente el tema en Barcelona por su nueva alcaldesa con la arribada irrefrenable de supercruceros y su repercusi\u00f3n en las zonas del Paseo de Gracia, las Ramblas, el Barrio G\u00f3tico y la Sagrada Familia y teniendo en cuenta que algo parecido estamos empezando a sufrir aqu\u00ed en Granada los fines de semana, puentes y fiestas de guardar en que a la Alhambra, la Catedral y la capilla Real, el Realejo-San Mat\u00edas, la Plaza Nueva, la Calle de Elvira y sendas Calderere\u00edas, la Carrera del Darro, el Paseo de los Tristes, el Albayc\u00edn y el Sacromonte les estallan las costuras por la proliferaci\u00f3n incontrolada de plazas hoteleras regulares e irregulares y establecimientos de ocio, el flamenquito callejero espont\u00e1neo, la restauraci\u00f3n cutreca\u00f1i restauraci\u00f3n ca\u00f1\u00ed, las infumables despedidas der solteros y el famoso botell\u00f3n promocionado en su d\u00eda por el alcalde y el Ayuntamiento.<\/p>\n<p>&nbsp;<\/p>\n<p>As\u00ed, no hay nada tan eficaz como la perseverancia tur\u00edstica de nuestra derechona esquilmadora que tanto se asemeja al caballo de Atila y al estado de devastaci\u00f3n ciudadano en que quedaban a su paso las llanuras centreuropeas o los grandes clubes del futbol continental tras pasar Jos\u00e9 Mouri\u00f1o por sus respectivos banquillos.<\/p>\n<p>&nbsp;<\/p>\n<p>Por eso, al despertar por vez en\u00e9sima las propuestas transportadoras decimon\u00f3nicas de Torres Hurtado que, en la cortedad de sus miras se ha llegado a creer imagen rediviva del conde de San Pedro de Galatino, han respondido con rechazo contundente la parte m\u00e1s representativa del empresariado y de otros colectivos socioculturales desechando la tozudez y el empecinamiento con que el de P\u00ed\u00f1ar (ahora s\u00ed) se <em>empi\u00f1a <\/em>en ofrecernos tan burdos enga\u00f1os tom\u00e1ndonos por reses de carril que vuelven mansamente a tropezar en las mismas simplezas que ya no son cre\u00edbles ni para sus mismos correligionarios. As\u00ed, la se\u00f1ora Garc\u00eda Nieto, teniente de alcalde de Urbanismo y uno de los pesos pesados de la Plaza del Carmen, se ha apuntado a criticar sensatamente la llegada del AVE en superficie a la capital reconociendo que \u00abhar\u00e1 que nos lo quedemos as\u00ed para siempre\u00bb, abriendo una crisis de consecuencias insospechadas entre el PP y el Ayuntamiento, mientras La Chana, uno de los barrios m\u00e1s luchadores afectados por la inhibici\u00f3n del ministerio de Fomento, se ha alzado contra tan importante recorte en materia urban\u00edstica que acabar\u00e1 por afectar a toda la ciudad y a su \u00e1rea metropolitana profundizando en los tradicionales y victimitas agravios comparativos granadinos con Sevilla y otras capitales andaluzas.<\/p>\n<p>&nbsp;<\/p>\n<p>Cosas veremos dentro de poco y nos maravillaremos al comprobar que ellos seguir\u00e1n imperturbables como don Tancredo y nosotros tambi\u00e9n: dale que dale.<\/p>\n<p>&nbsp;<\/p>\n","protected":false},"excerpt":{"rendered":"<p>DALE QUE DALE Por Juan Alfredo Bell\u00f3n N\u00ba71 de DESDE EL MIRADOR Domingo 18-10-2015<\/p>\n","protected":false},"author":1,"featured_media":3983,"comment_status":"closed","ping_status":"closed","sticky":false,"template":"","format":"standard","meta":{"_coblocks_attr":"","_coblocks_dimensions":"","_coblocks_responsive_height":"","_coblocks_accordion_ie_support":"","jetpack_post_was_ever_published":false,"_jetpack_newsletter_access":"","_jetpack_dont_email_post_to_subs":false,"_jetpack_newsletter_tier_id":0,"_jetpack_memberships_contains_paywalled_content":false,"_jetpack_memberships_contains_paid_content":false,"footnotes":"","jetpack_publicize_message":"","jetpack_publicize_feature_enabled":true,"jetpack_social_post_already_shared":false,"jetpack_social_options":{"image_generator_settings":{"template":"highway","default_image_id":0,"enabled":false},"version":2}},"categories":[1161,36,15],"tags":[898,417,1446],"class_list":["post-3982","post","type-post","status-publish","format-standard","has-post-thumbnail","hentry","category-ciudadania","category-opinion-de-juan-alfredo-bellon","category-ultimas-noticias","tag-alcalde","tag-politicos","tag-telesferico"],"jetpack_publicize_connections":[],"jetpack_featured_media_url":"https:\/\/i0.wp.com\/miradordeatarfe.es\/wp-content\/uploads\/2015\/10\/telesf.jpg?fit=246%2C205&ssl=1","jetpack_likes_enabled":true,"jetpack_sharing_enabled":true,"_links":{"self":[{"href":"https:\/\/miradordeatarfe.es\/index.php?rest_route=\/wp\/v2\/posts\/3982","targetHints":{"allow":["GET"]}}],"collection":[{"href":"https:\/\/miradordeatarfe.es\/index.php?rest_route=\/wp\/v2\/posts"}],"about":[{"href":"https:\/\/miradordeatarfe.es\/index.php?rest_route=\/wp\/v2\/types\/post"}],"author":[{"embeddable":true,"href":"https:\/\/miradordeatarfe.es\/index.php?rest_route=\/wp\/v2\/users\/1"}],"replies":[{"embeddable":true,"href":"https:\/\/miradordeatarfe.es\/index.php?rest_route=%2Fwp%2Fv2%2Fcomments&post=3982"}],"version-history":[{"count":1,"href":"https:\/\/miradordeatarfe.es\/index.php?rest_route=\/wp\/v2\/posts\/3982\/revisions"}],"predecessor-version":[{"id":3984,"href":"https:\/\/miradordeatarfe.es\/index.php?rest_route=\/wp\/v2\/posts\/3982\/revisions\/3984"}],"wp:featuredmedia":[{"embeddable":true,"href":"https:\/\/miradordeatarfe.es\/index.php?rest_route=\/wp\/v2\/media\/3983"}],"wp:attachment":[{"href":"https:\/\/miradordeatarfe.es\/index.php?rest_route=%2Fwp%2Fv2%2Fmedia&parent=3982"}],"wp:term":[{"taxonomy":"category","embeddable":true,"href":"https:\/\/miradordeatarfe.es\/index.php?rest_route=%2Fwp%2Fv2%2Fcategories&post=3982"},{"taxonomy":"post_tag","embeddable":true,"href":"https:\/\/miradordeatarfe.es\/index.php?rest_route=%2Fwp%2Fv2%2Ftags&post=3982"}],"curies":[{"name":"wp","href":"https:\/\/api.w.org\/{rel}","templated":true}]}}