{"id":39909,"date":"2020-05-19T11:47:01","date_gmt":"2020-05-19T09:47:01","guid":{"rendered":"http:\/\/miradordeatarfe.es\/?p=39909"},"modified":"2020-06-26T13:11:38","modified_gmt":"2020-06-26T11:11:38","slug":"luces-de-pandemia-por-alberto-granados","status":"publish","type":"post","link":"https:\/\/miradordeatarfe.es\/?p=39909","title":{"rendered":"\u00abLuces de pandemia\u00bb \u00a0por Alberto Granados"},"content":{"rendered":"<div class=\"entry-content\">\n<h3 style=\"text-align: justify;\">\u00a0\u00a0\u00a0\u00a0\u00a0\u00a0\u00a0 Los esperpentos de Valle-Incl\u00e1n nos mostraron la realidad desfigurada de la Espa\u00f1a de su \u00e9poca, como reproducida en los espejos desenfocados del madrile\u00f1o callej\u00f3n del Gato.<\/h3>\n<p style=\"text-align: justify;\">Por sus piezas esperp\u00e9nticas se derrama un sutil\u00edsimo juego de cinismos, contradicciones, personajes visionarios, desgarros y miserias, muy propios de unos a\u00f1os en que Espa\u00f1a se jugaba en una desesperada partida el encontrar un lugar decente bajo el sol de la Historia. Las cartas, marcadas o no, salieron p\u00e9simas, se perdi\u00f3 la partida y una Espa\u00f1a m\u00e1s siniestra que nunca, como una pintura negra de Goya, nos ocup\u00f3 desde 1936 a la Transici\u00f3n. Y desde entonces hemos convivido a trancas y barrancas, con alternancia de poder entre izquierda y derecha y pr\u00e1cticamente alejados de radicalismos.<\/p>\n<p class=\"wp-caption alignleft\" style=\"text-align: justify;\" data-shortcode=\"caption\"><a href=\"https:\/\/albertogranados.files.wordpress.com\/2020\/05\/duelo-a-garrotazos-francisco-de-goya.jpg\"><img data-recalc-dims=\"1\" loading=\"lazy\" decoding=\"async\" class=\"size-full wp-image-8464\" src=\"https:\/\/albertogranados.files.wordpress.com\/2020\/05\/duelo-a-garrotazos-francisco-de-goya.jpg?w=560&#038;h=258&#038;fit=560%2C258&#038;resize=560%2C258\" sizes=\"auto, (max-width: 560px) 100vw, 560px\" srcset=\"https:\/\/albertogranados.files.wordpress.com\/2020\/05\/duelo-a-garrotazos-francisco-de-goya.jpg?w=560&amp;h=258 560w, https:\/\/albertogranados.files.wordpress.com\/2020\/05\/duelo-a-garrotazos-francisco-de-goya.jpg?w=150&amp;h=69 150w, https:\/\/albertogranados.files.wordpress.com\/2020\/05\/duelo-a-garrotazos-francisco-de-goya.jpg?w=300&amp;h=138 300w, https:\/\/albertogranados.files.wordpress.com\/2020\/05\/duelo-a-garrotazos-francisco-de-goya.jpg?w=768&amp;h=354 768w, https:\/\/albertogranados.files.wordpress.com\/2020\/05\/duelo-a-garrotazos-francisco-de-goya.jpg 800w\" alt=\"\" width=\"560\" height=\"258\" aria-describedby=\"caption-attachment-8464\" data-attachment-id=\"8464\" data-permalink=\"https:\/\/albertogranados.wordpress.com\/2020\/05\/16\/luces-de-pandemia\/duelo-a-garrotazos-francisco-de-goya\/\" data-orig-file=\"https:\/\/albertogranados.files.wordpress.com\/2020\/05\/duelo-a-garrotazos-francisco-de-goya.jpg\" data-orig-size=\"800,369\" data-comments-opened=\"1\" data-image-meta=\"{&quot;aperture&quot;:&quot;0&quot;,&quot;credit&quot;:&quot;&quot;,&quot;camera&quot;:&quot;&quot;,&quot;caption&quot;:&quot;&quot;,&quot;created_timestamp&quot;:&quot;0&quot;,&quot;copyright&quot;:&quot;&quot;,&quot;focal_length&quot;:&quot;0&quot;,&quot;iso&quot;:&quot;0&quot;,&quot;shutter_speed&quot;:&quot;0&quot;,&quot;title&quot;:&quot;&quot;,&quot;orientation&quot;:&quot;0&quot;}\" data-image-title=\"Duelo a garrotazos, Francisco de Goya\" data-image-description=\"\" data-medium-file=\"https:\/\/albertogranados.files.wordpress.com\/2020\/05\/duelo-a-garrotazos-francisco-de-goya.jpg?w=300\" data-large-file=\"https:\/\/albertogranados.files.wordpress.com\/2020\/05\/duelo-a-garrotazos-francisco-de-goya.jpg?w=560\" \/><\/a><\/p>\n<p id=\"caption-attachment-8464\" class=\"wp-caption-text\">Duelo a garrotazos, Francisco de Goya<\/p>\n<p style=\"text-align: justify;\">\u00a0\u00a0\u00a0\u00a0\u00a0\u00a0\u00a0 Pero los \u00faltimos a\u00f1os nos devuelven a la realidad inexplicable, a la carencia de una pol\u00edtica l\u00f3gica, a una falta de respeto hacia el papel que las urnas hayan otorgado a cada partido, pues la aparici\u00f3n de los llamados partidos emergentes (Ciudadanos y Podemos) ha descabalado el juego de fuerzas que siempre nos hab\u00eda garantizado un cierto equilibrio. Desde las elecciones de 2016, este pa\u00eds es un juego permanente de tensiones originadas en los partidos, no en la ciudadan\u00eda. Si en los noventa, Jos\u00e9 Mar\u00eda Aznar repiti\u00f3 mil veces aquel \u00abV\u00e1yase, se\u00f1or Gonz\u00e1lez\u00bb, un cuarto de siglo despu\u00e9s parece que el juego democr\u00e1tico y el \u00a0veredicto inapelable \u00a0de las urnas han desaparecido. Ya no vale m\u00e1s que una situaci\u00f3n, seg\u00fan parece: la derecha, m\u00e1s fatua que nunca, tiene que ganar. Se siente legitimada para ganar elecciones de manera incuestionable, pero se da la circunstancia de que las pierde, y eso tiene mala digesti\u00f3n, de donde se produce el enrarecimiento que nos tiene m\u00e1s sofocados que nunca. Todo lo que haga el gobierno leg\u00edtimamente constituido est\u00e1 mal hecho, incluso cuando coincide con las medidas de las presidencias auton\u00f3micas controladas por el PP y sus socios.<\/p>\n<p style=\"text-align: justify;\">\u00a0\u00a0\u00a0\u00a0\u00a0\u00a0\u00a0\u00a0 Que S\u00e1nchez haya ganado dos elecciones seguidas no parece tener para ellos relevancia alguna: el poder, como por inequ\u00edvoco designio divino, tendr\u00eda que haber sido sobradamente para ellos. Que el electorado no lo haya entendido as\u00ed es un simple accidente que hay que corregir a trav\u00e9s de contradicciones, falsedades, insultos y descalificaciones. No he o\u00eddo ni una sola idea positiva por parte de Pablo Casado y sus lugartenientes. Nada que ayude a resolver los problemas reales de la gente, nada que haga un pa\u00eds m\u00e1s justo o habitable. Cualquier noticiario es una cadena de trallazos al gobierno. Reconozco el derecho de todos a la cr\u00edtica, estar\u00eda bueno. Pero es que no se hace cr\u00edtica, sino que se miente y se envenena el clima social, hasta el punto de adivinarse un futuro sombr\u00edo donde se instaure el insulto, el meme destructivo, la noticia tergiversada, el exabrupto o la acusaci\u00f3n absurda.<\/p>\n<p class=\"wp-caption alignright\" style=\"text-align: justify;\" data-shortcode=\"caption\"><a href=\"https:\/\/albertogranados.files.wordpress.com\/2020\/05\/el-abrazo-juan-genovc3a9s.jpg\"><img data-recalc-dims=\"1\" loading=\"lazy\" decoding=\"async\" class=\"size-full wp-image-8466\" src=\"https:\/\/albertogranados.files.wordpress.com\/2020\/05\/el-abrazo-juan-genovc3a9s.jpg?w=560&#038;h=373&#038;fit=560%2C373&#038;resize=560%2C373\" sizes=\"auto, (max-width: 560px) 100vw, 560px\" srcset=\"https:\/\/albertogranados.files.wordpress.com\/2020\/05\/el-abrazo-juan-genovc3a9s.jpg?w=560&amp;h=373 560w, https:\/\/albertogranados.files.wordpress.com\/2020\/05\/el-abrazo-juan-genovc3a9s.jpg?w=1120&amp;h=746 1120w, https:\/\/albertogranados.files.wordpress.com\/2020\/05\/el-abrazo-juan-genovc3a9s.jpg?w=150&amp;h=100 150w, https:\/\/albertogranados.files.wordpress.com\/2020\/05\/el-abrazo-juan-genovc3a9s.jpg?w=300&amp;h=200 300w, https:\/\/albertogranados.files.wordpress.com\/2020\/05\/el-abrazo-juan-genovc3a9s.jpg?w=768&amp;h=512 768w, https:\/\/albertogranados.files.wordpress.com\/2020\/05\/el-abrazo-juan-genovc3a9s.jpg?w=1024&amp;h=683 1024w\" alt=\"\" width=\"560\" height=\"373\" aria-describedby=\"caption-attachment-8466\" data-attachment-id=\"8466\" data-permalink=\"https:\/\/albertogranados.wordpress.com\/2020\/05\/16\/luces-de-pandemia\/el-abrazo-juan-genoves\/\" data-orig-file=\"https:\/\/albertogranados.files.wordpress.com\/2020\/05\/el-abrazo-juan-genovc3a9s.jpg\" data-orig-size=\"1200,800\" data-comments-opened=\"1\" data-image-meta=\"{&quot;aperture&quot;:&quot;0&quot;,&quot;credit&quot;:&quot;&quot;,&quot;camera&quot;:&quot;&quot;,&quot;caption&quot;:&quot;&quot;,&quot;created_timestamp&quot;:&quot;0&quot;,&quot;copyright&quot;:&quot;&quot;,&quot;focal_length&quot;:&quot;0&quot;,&quot;iso&quot;:&quot;0&quot;,&quot;shutter_speed&quot;:&quot;0&quot;,&quot;title&quot;:&quot;&quot;,&quot;orientation&quot;:&quot;0&quot;}\" data-image-title=\"El abrazo, Juan Genov\u00e9s\" data-image-description=\"\" data-medium-file=\"https:\/\/albertogranados.files.wordpress.com\/2020\/05\/el-abrazo-juan-genovc3a9s.jpg?w=300\" data-large-file=\"https:\/\/albertogranados.files.wordpress.com\/2020\/05\/el-abrazo-juan-genovc3a9s.jpg?w=560\" \/><\/a><\/p>\n<p id=\"caption-attachment-8466\" class=\"wp-caption-text\">El abrazo, Juan Genov\u00e9s<\/p>\n<p style=\"text-align: justify;\">\u00a0\u00a0\u00a0\u00a0\u00a0\u00a0\u00a0 Con esta situaci\u00f3n como tel\u00f3n de fondo, nos llega una grav\u00edsima pandemia. En otros pa\u00edses han comprendido que la situaci\u00f3n es un problema de todos y se ha apoyado, con m\u00e1s o menos reticencia, al gobierno. Aqu\u00ed no, aqu\u00ed se crea ruido de fondo, se hacen acusaciones absurdas y parece que el \u00fanico objetivo de la derechaa es debilitar al gobierno, hacerlo morder el polvo y, si hay suerte, ganar las eventuales elecciones anticipadas con que, irresponsablemente, sue\u00f1an.<\/p>\n<p style=\"text-align: justify;\">\u00a0\u00a0\u00a0\u00a0\u00a0\u00a0\u00a0\u00a0 El drama de la pandemia, con sus curvas de infectados, muertos y parados, con la desolaci\u00f3n, la incertidumbre, el miedo y el penoso confinamiento suponen una verdadera tragedia a la que el bloque de la derecha ha enriquecido con \u00a0inoportunos toques de humor \u00e1cido e inoportuno. Porque supongo que muchos de sus actos son simples <em>boutades<\/em>, o es que son m\u00e1s irresponsables de lo que parece. S\u00e1nchez ha decidido usar dos estrategias: curar a los enfermos hasta donde ha sido posible y aislar al resto en un confinamiento mon\u00f3tono, aburrido y, sobre todo, preocupante. Cada cual tendr\u00e1 su opini\u00f3n sobre ambas medidas. Desde luego, el aislamiento, el qu\u00e9date-en-casa me parece que ha evitado una cat\u00e1strofe mucho mayor. Pero en su chiste supremo, la caverna decide considerarlo un abuso de poder, una inaceptable restricci\u00f3n de sus libertades (\u00a1ellos, que jam\u00e1s creyeron en la libertad, que se han opuesto sistem\u00e1ticamente a la libertad de las mujeres, que han votado contra la Ley de Igualdad, que son los hijos ideol\u00f3gicos del r\u00e9gimen franquista\u2026!). Ahora se erigen en paladines en de una libertad de movimientos que ya me hubiera gustado que airearan en los tiempos convulsos de la dictadura. Los de las cacerolas, los de los memes insultantes, los socios de los neonazis\u2026 m\u00e1ximos defensores de una libertad a la que media Espa\u00f1a ha acogido como la \u00fanica medida terap\u00e9utica segura, como el cable al que aferrarse cuando se est\u00e1 a punto de ahogarse.<\/p>\n<p style=\"text-align: justify;\" data-adtags-visited=\"true\"><a href=\"https:\/\/albertogranados.files.wordpress.com\/2020\/05\/isabel-dc3adaz-ayuso-imagen-de-madridiario.jpg\"><img data-recalc-dims=\"1\" loading=\"lazy\" decoding=\"async\" class=\"size-full wp-image-8467 alignleft\" src=\"https:\/\/albertogranados.files.wordpress.com\/2020\/05\/isabel-dc3adaz-ayuso-imagen-de-madridiario.jpg?w=560&#038;h=315&#038;fit=560%2C315&#038;resize=560%2C315\" sizes=\"auto, (max-width: 560px) 100vw, 560px\" srcset=\"https:\/\/albertogranados.files.wordpress.com\/2020\/05\/isabel-dc3adaz-ayuso-imagen-de-madridiario.jpg?w=560&amp;h=315 560w, https:\/\/albertogranados.files.wordpress.com\/2020\/05\/isabel-dc3adaz-ayuso-imagen-de-madridiario.jpg?w=150&amp;h=84 150w, https:\/\/albertogranados.files.wordpress.com\/2020\/05\/isabel-dc3adaz-ayuso-imagen-de-madridiario.jpg?w=300&amp;h=169 300w, https:\/\/albertogranados.files.wordpress.com\/2020\/05\/isabel-dc3adaz-ayuso-imagen-de-madridiario.jpg 613w\" alt=\"\" width=\"560\" height=\"315\" data-attachment-id=\"8467\" data-permalink=\"https:\/\/albertogranados.wordpress.com\/2020\/05\/16\/luces-de-pandemia\/isabel-diaz-ayuso-imagen-de-madridiario\/\" data-orig-file=\"https:\/\/albertogranados.files.wordpress.com\/2020\/05\/isabel-dc3adaz-ayuso-imagen-de-madridiario.jpg\" data-orig-size=\"613,345\" data-comments-opened=\"1\" data-image-meta=\"{&quot;aperture&quot;:&quot;0&quot;,&quot;credit&quot;:&quot;&quot;,&quot;camera&quot;:&quot;&quot;,&quot;caption&quot;:&quot;&quot;,&quot;created_timestamp&quot;:&quot;0&quot;,&quot;copyright&quot;:&quot;&quot;,&quot;focal_length&quot;:&quot;0&quot;,&quot;iso&quot;:&quot;0&quot;,&quot;shutter_speed&quot;:&quot;0&quot;,&quot;title&quot;:&quot;&quot;,&quot;orientation&quot;:&quot;0&quot;}\" data-image-title=\"Isabel D\u00edaz Ayuso, imagen de Madridiario\" data-image-description=\"\" data-medium-file=\"https:\/\/albertogranados.files.wordpress.com\/2020\/05\/isabel-dc3adaz-ayuso-imagen-de-madridiario.jpg?w=300\" data-large-file=\"https:\/\/albertogranados.files.wordpress.com\/2020\/05\/isabel-dc3adaz-ayuso-imagen-de-madridiario.jpg?w=560\" \/><\/a><\/p>\n<p style=\"text-align: justify;\">\u00a0\u00a0\u00a0\u00a0\u00a0\u00a0\u00a0\u00a0 El esperpento est\u00e1 servido. Ver a los de la <em>caye-borroka<\/em> enfundados en sus banderas patri\u00f3ticas, golpeando el mobiliario urbano con palos de golf, o llevando a la asistenta uniformada para aporrear la cacerola y que la vieja dama no se canse\u2026 Pero nada de esta carnavalada es inocua. Detr\u00e1s de la funci\u00f3n de teatro de calle hay algo m\u00e1s grave y estos d\u00edas eran el momento de mostrar un gesto (uno m\u00e1s) para debilitar al gobierno.<\/p>\n<p style=\"text-align: justify;\">\u00a0\u00a0\u00a0\u00a0\u00a0\u00a0\u00a0 Por un lado, la doble hip\u00f3tesis de trabajo: salvar vidas o salvar empresas. Por otro, a punto de pasar al proceso de desescalada tiene que ponerse sobre el tapete un tema muy desagradable: \u00bfqui\u00e9n va a pagar la ruina en que Espa\u00f1a va a quedar con los negocios cerrados, los EREs prolongados y la gente acudiendo masivamente a C\u00e1ritas? \u00bfLo van a hacer los poderosos o lo vamos a hacer, como siempre, la sufrida clase media, los trabajadores y pensionistas? Curioso que por los mismos d\u00edas de la mascarada de la Sra. Ayuso vestida de Dolorosa y la revoluci\u00f3n de los palos de golf, el alma negra del gobierno, el diablo materializado y reencarnado en Pablo Iglesias, haya lanzado la sonda delicada del impuesto para las grandes fortunas. La diferencia ideol\u00f3gica, con ser acusada, se queda en agua de borrajas cuando se empieza a intuir que la pandemia puede enfermar la gl\u00e1ndula m\u00e1s sensible, la que est\u00e1 al lado del coraz\u00f3n: la cartera. Ante eso, a echarse todo el mundo a la calle a reclamar libertades. Valle-Incl\u00e1n se qued\u00f3 corto. El verdadero esperpento es esta pieza burlesca: <em>Luces de pandemia<\/em>.<\/p>\n<p style=\"text-align: justify;\">Alberto Granados<\/p>\n<\/div>\n<p>FOTO : <span class=\"voc-photo-caption\">La primera pandemia data de 1347<\/span><\/p>\n","protected":false},"excerpt":{"rendered":"<p>\u00a0\u00a0\u00a0\u00a0\u00a0\u00a0\u00a0 Los esperpentos de Valle-Incl\u00e1n nos mostraron la realidad desfigurada de la Espa\u00f1a de su&#8230;<\/p>\n","protected":false},"author":1,"featured_media":39910,"comment_status":"closed","ping_status":"closed","sticky":false,"template":"","format":"standard","meta":{"_coblocks_attr":"","_coblocks_dimensions":"","_coblocks_responsive_height":"","_coblocks_accordion_ie_support":"","jetpack_post_was_ever_published":false,"_jetpack_newsletter_access":"","_jetpack_dont_email_post_to_subs":false,"_jetpack_newsletter_tier_id":0,"_jetpack_memberships_contains_paywalled_content":false,"_jetpack_memberships_contains_paid_content":false,"footnotes":"","jetpack_publicize_message":"","jetpack_publicize_feature_enabled":true,"jetpack_social_post_already_shared":false,"jetpack_social_options":{"image_generator_settings":{"template":"highway","default_image_id":0,"enabled":false},"version":2}},"categories":[39,1161,7149,44,6937,15],"tags":[3572,55,7348],"class_list":["post-39909","post","type-post","status-publish","format-standard","has-post-thumbnail","hentry","category-opinion-de-alberto-granados","category-ciudadania","category-coronavirus","category-noticias-de-hoy","category-sociedad","category-ultimas-noticias","tag-pandemia","tag-salud","tag-salvar-vidas"],"jetpack_publicize_connections":[],"jetpack_featured_media_url":"https:\/\/i0.wp.com\/miradordeatarfe.es\/wp-content\/uploads\/2020\/05\/pandemia-kXYG-U100782752370KSG-624x385%40El-Correo.jpg?fit=624%2C385&ssl=1","jetpack_likes_enabled":true,"jetpack_sharing_enabled":true,"_links":{"self":[{"href":"https:\/\/miradordeatarfe.es\/index.php?rest_route=\/wp\/v2\/posts\/39909","targetHints":{"allow":["GET"]}}],"collection":[{"href":"https:\/\/miradordeatarfe.es\/index.php?rest_route=\/wp\/v2\/posts"}],"about":[{"href":"https:\/\/miradordeatarfe.es\/index.php?rest_route=\/wp\/v2\/types\/post"}],"author":[{"embeddable":true,"href":"https:\/\/miradordeatarfe.es\/index.php?rest_route=\/wp\/v2\/users\/1"}],"replies":[{"embeddable":true,"href":"https:\/\/miradordeatarfe.es\/index.php?rest_route=%2Fwp%2Fv2%2Fcomments&post=39909"}],"version-history":[{"count":1,"href":"https:\/\/miradordeatarfe.es\/index.php?rest_route=\/wp\/v2\/posts\/39909\/revisions"}],"predecessor-version":[{"id":39911,"href":"https:\/\/miradordeatarfe.es\/index.php?rest_route=\/wp\/v2\/posts\/39909\/revisions\/39911"}],"wp:featuredmedia":[{"embeddable":true,"href":"https:\/\/miradordeatarfe.es\/index.php?rest_route=\/wp\/v2\/media\/39910"}],"wp:attachment":[{"href":"https:\/\/miradordeatarfe.es\/index.php?rest_route=%2Fwp%2Fv2%2Fmedia&parent=39909"}],"wp:term":[{"taxonomy":"category","embeddable":true,"href":"https:\/\/miradordeatarfe.es\/index.php?rest_route=%2Fwp%2Fv2%2Fcategories&post=39909"},{"taxonomy":"post_tag","embeddable":true,"href":"https:\/\/miradordeatarfe.es\/index.php?rest_route=%2Fwp%2Fv2%2Ftags&post=39909"}],"curies":[{"name":"wp","href":"https:\/\/api.w.org\/{rel}","templated":true}]}}