{"id":39962,"date":"2020-05-25T08:08:50","date_gmt":"2020-05-25T06:08:50","guid":{"rendered":"http:\/\/miradordeatarfe.es\/?p=39962"},"modified":"2020-05-22T13:50:48","modified_gmt":"2020-05-22T11:50:48","slug":"cual-es-el-futuro-del-mediterraneo-tras-la-covid-19","status":"publish","type":"post","link":"https:\/\/miradordeatarfe.es\/?p=39962","title":{"rendered":"\u00bfCu\u00e1l es el futuro del Mediterr\u00e1neo tras la covid-19?"},"content":{"rendered":"<h3 class=\"articulo-subtitulo\" style=\"text-align: justify;\">La regi\u00f3n euromediterr\u00e1nea necesita construir una estrategia de desarrollo basada en el impulso de econom\u00edas locales, regionales y circulares como motor de un crecimiento sostenido y a la vez sostenible.<\/h3>\n<div id=\"articulo_contenedor\" class=\"articulo__contenedor\">\n<div id=\"cuerpo_noticia\" class=\"articulo-cuerpo\">\n<p class=\"Paragraph SCXW212460637 BCX2\" style=\"text-align: justify;\">Ya no hay ninguna duda, la pandemia nos ha empujado a una nueva era. Debemos preguntarnos c\u00f3mo la regi\u00f3n mediterr\u00e1nea, y el mundo, pueden unirse para salir de la crisis global, m\u00e1s fuertes y resilientes. El estallido de la covid-19 es sin duda una de las mayores crisis a las que nos enfrentamos en m\u00e1s de un siglo y sirve como un recordatorio descarnado e inflexible de la necesidad de una mayor cooperaci\u00f3n a trav\u00e9s de nuestras fronteras, entre sectores y entre ciudadanos y sus representantes.<\/p>\n<p class=\"Paragraph SCXW212460637 BCX2\" style=\"text-align: justify;\">En t\u00e9rminos globales, la OCDE estima que por cada mes de confinamiento, habr\u00e1 una p\u00e9rdida del 2% en el crecimiento anual del PIB y se espera que el impacto econ\u00f3mico por s\u00ed solo sea peor que la recesi\u00f3n de 2008. Esta realidad resulta sin embargo m\u00e1s inquietante para la regi\u00f3n del Mediterr\u00e1neo, donde las condiciones de fragilidad y exposici\u00f3n son m\u00e1s acuciantes. Al igual que los efectos domin\u00f3 de las enfermedades infecciosas, las dificultades econ\u00f3micas y los impactos del cambio clim\u00e1tico no conocen fronteras. De hecho, la amenaza que supone este \u00faltimo para la salud y la riqueza es especialmente m\u00e1s intensa en la cuenca mediterr\u00e1nea, donde el calentamiento avanza un 20% m\u00e1s r\u00e1pido que la media mundial.<\/p>\n<p class=\"Paragraph SCXW212460637 BCX2\" style=\"text-align: justify;\">Pero los desaf\u00edos de esta complejidad \u2014las pandemias mundiales, el cambio clim\u00e1tico y el consiguiente impacto econ\u00f3mico\u2014 no pueden ser resueltos uno a uno ni abordados de manera independiente. Tampoco deber\u00edamos pretender hacerlo. Existen claros v\u00ednculos entre todos ellos, empezando por la forma en que ponen de manifiesto las desigualdades existentes afectando m\u00e1s a las poblaciones y econom\u00edas vulnerables.<\/p>\n<section id=\"sumario_3|html\" class=\"sumario_html izquierda\">\n<div class=\"sumario__interior\">\n<div class=\"sumario-texto\">\n<blockquote>\n<p>Debemos aprovechar la oportunidad para crear sociedades inclusivas que garanticen que los j\u00f3venes y las mujeres puedan desarrollar su potencial como agentes de cambio y contribuyentes a la econom\u00eda de la regi\u00f3n<\/p>\n<\/blockquote>\n<\/div>\n<\/div>\n<\/section>\n<p class=\"Paragraph SCXW212460637 BCX2\" style=\"text-align: justify;\">Las comunidades incapaces de aislarse debido a las condiciones precarias de sus viviendas contribuir\u00e1n a un aumento en las tasas de infecci\u00f3n. La presi\u00f3n sobre los sistemas de salud p\u00fablica mermar\u00e1 los recursos de la econom\u00eda que, de otro modo, podr\u00edan invertirse en la mitigaci\u00f3n del cambio clim\u00e1tico. Y as\u00ed, la lista contin\u00faa. Y es por ello que la resiliencia debe forjarse mediante un enfoque hol\u00edstico que impulse la recuperaci\u00f3n ambiental, social y econ\u00f3mica al mismo tiempo. Tambi\u00e9n es necesario proporcionar una respuesta colectiva ante estos desaf\u00edos globales, lo que determinar\u00e1 la efectividad con que los abordemos y la rapidez de nuestra recuperaci\u00f3n.<\/p>\n<p class=\"Paragraph SCXW212460637 BCX2\" style=\"text-align: justify;\">Para lograrlo, la regi\u00f3n euromediterr\u00e1nea necesita construir una estrategia de desarrollo basada en el impulso de econom\u00edas locales, regionales y circulares como motor de un crecimiento sostenido y a la vez sostenible. Econom\u00edas que faciliten una distribuci\u00f3n equitativa de la riqueza fomentando al mismo tiempo la competencia. A medida que nos vayamos recuperando, debemos aprovechar la oportunidad para crear sociedades inclusivas que garanticen que los j\u00f3venes y las mujeres puedan desarrollar su potencial como agentes de cambio y contribuyentes a la econom\u00eda de la regi\u00f3n en su conjunto.<\/p>\n<section id=\"sumario_2|html\" class=\"sumario_html derecha\">\n<div class=\"sumario__interior\">\n<div class=\"sumario-texto\">\n<blockquote>\n<p>Al igual que los efectos domin\u00f3 de las enfermedades infecciosas, las dificultades econ\u00f3micas y los impactos del cambio clim\u00e1tico no conocen fronteras<\/p>\n<\/blockquote>\n<\/div>\n<\/div>\n<\/section>\n<p class=\"Paragraph SCXW212460637 BCX2\" style=\"text-align: justify;\">Ya existen nuevos conceptos, nuevos modelos econ\u00f3micos, la voluntad de crear una cadena regional de suministro y nuevas estrategias p\u00fablicas para ayudar a realizar este cambio de paradigma, no es necesario reinventarlos. Sin embargo, s\u00ed se requiere una mayor cooperaci\u00f3n y conectividad, requisitos previos a dicho cambio. Aunque hoy en d\u00eda s\u00f3lo el 57% de los ciudadanos de la UE afirman tener competencias digitales b\u00e1sicas, y poco m\u00e1s del 50% de los hogares de la regi\u00f3n de Oriente Medio y \u00c1frica del Norte tienen acceso a Internet, las predicciones ya preve\u00edan que la transformaci\u00f3n digital registrar\u00eda un crecimiento de dos d\u00edgitos.<\/p>\n<p class=\"Paragraph SCXW212460637 BCX2\" style=\"text-align: justify;\">La covid-19 ha hecho que la necesidad de la digitalizaci\u00f3n de la econom\u00eda y de los servicios tome a\u00fan m\u00e1s relevancia en la agenda euromediterr\u00e1nea. En las \u00faltimas semanas, son estas tecnolog\u00edas las que han aportado esperanza para un futuro mejor facilitando que los \u00abcerebros\u00bb de los diferentes pa\u00edses puedan unir fuerzas compartiendo ideas.<\/p>\n<p class=\"Paragraph SCXW212460637 BCX2\" style=\"text-align: justify;\">Y estas ideas se est\u00e1n teniendo en cuenta. S\u00f3lo a trav\u00e9s del di\u00e1logo, la cooperaci\u00f3n y el fomento de la igualdad superaremos los complejos desaf\u00edos a los que nos enfrentamos. La visi\u00f3n que la Uni\u00f3n por el Mediterr\u00e1neo propone para abordar los retos sociales, ambientales y econ\u00f3micos en este punto de encuentro entre tres continentes, se basa en acciones concertadas y coordinadas que aborden las causas intr\u00ednsecas de las crisis.<\/p>\n<p class=\"Paragraph SCXW212460637 BCX2\" style=\"text-align: justify;\">Ese es el mensaje que quiero transmitir, un mensaje de esperanza y confianza para todos nuestros ciudadanos. El camino hacia un futuro mejor nos pertenece a todos, y estamos decididos a ser valientes en nuestro compromiso de entregar un mejor ma\u00f1ana a las pr\u00f3ximas generaciones.<\/p>\n<p class=\"nota_pie\" style=\"text-align: justify;\"><strong>Nasser Kamel<\/strong> es Secretario General de la <a href=\"https:\/\/ufmsecretariat.org\/\">Uni\u00f3n por el Mediterr\u00e1neo (UpM).<\/a><\/p>\n<\/div>\n<\/div>\n<p>FOTO:<span class=\"foto-firma\"><span class=\"foto-autor\">Javier Allegue Barros <\/span> <span class=\"foto-agencia\">Unsplash<\/span><\/span><\/p>\n<p>https:\/\/elpais.com\/elpais\/2020\/05\/13\/planeta_futuro\/1589385946_801804.html<\/p>\n","protected":false},"excerpt":{"rendered":"<p>La regi\u00f3n euromediterr\u00e1nea necesita construir una estrategia de desarrollo basada en el impulso de econom\u00edas&#8230;<\/p>\n","protected":false},"author":1,"featured_media":39963,"comment_status":"closed","ping_status":"closed","sticky":false,"template":"","format":"standard","meta":{"_coblocks_attr":"","_coblocks_dimensions":"","_coblocks_responsive_height":"","_coblocks_accordion_ie_support":"","jetpack_post_was_ever_published":false,"_jetpack_newsletter_access":"","_jetpack_dont_email_post_to_subs":false,"_jetpack_newsletter_tier_id":0,"_jetpack_memberships_contains_paywalled_content":false,"_jetpack_memberships_contains_paid_content":false,"footnotes":"","jetpack_publicize_message":"","jetpack_publicize_feature_enabled":true,"jetpack_social_post_already_shared":false,"jetpack_social_options":{"image_generator_settings":{"template":"highway","default_image_id":0,"enabled":false},"version":2}},"categories":[1161,7149,9,44,15],"tags":[65,983],"class_list":["post-39962","post","type-post","status-publish","format-standard","has-post-thumbnail","hentry","category-ciudadania","category-coronavirus","category-medio-ambiente","category-noticias-de-hoy","category-ultimas-noticias","tag-economia","tag-mediterraneo"],"jetpack_publicize_connections":[],"jetpack_featured_media_url":"https:\/\/i0.wp.com\/miradordeatarfe.es\/wp-content\/uploads\/2020\/05\/1589385946_801804_1589458641_noticia_normal_recorte1.jpg?fit=1960%2C1127&ssl=1","jetpack_likes_enabled":true,"jetpack_sharing_enabled":true,"_links":{"self":[{"href":"https:\/\/miradordeatarfe.es\/index.php?rest_route=\/wp\/v2\/posts\/39962","targetHints":{"allow":["GET"]}}],"collection":[{"href":"https:\/\/miradordeatarfe.es\/index.php?rest_route=\/wp\/v2\/posts"}],"about":[{"href":"https:\/\/miradordeatarfe.es\/index.php?rest_route=\/wp\/v2\/types\/post"}],"author":[{"embeddable":true,"href":"https:\/\/miradordeatarfe.es\/index.php?rest_route=\/wp\/v2\/users\/1"}],"replies":[{"embeddable":true,"href":"https:\/\/miradordeatarfe.es\/index.php?rest_route=%2Fwp%2Fv2%2Fcomments&post=39962"}],"version-history":[{"count":1,"href":"https:\/\/miradordeatarfe.es\/index.php?rest_route=\/wp\/v2\/posts\/39962\/revisions"}],"predecessor-version":[{"id":39964,"href":"https:\/\/miradordeatarfe.es\/index.php?rest_route=\/wp\/v2\/posts\/39962\/revisions\/39964"}],"wp:featuredmedia":[{"embeddable":true,"href":"https:\/\/miradordeatarfe.es\/index.php?rest_route=\/wp\/v2\/media\/39963"}],"wp:attachment":[{"href":"https:\/\/miradordeatarfe.es\/index.php?rest_route=%2Fwp%2Fv2%2Fmedia&parent=39962"}],"wp:term":[{"taxonomy":"category","embeddable":true,"href":"https:\/\/miradordeatarfe.es\/index.php?rest_route=%2Fwp%2Fv2%2Fcategories&post=39962"},{"taxonomy":"post_tag","embeddable":true,"href":"https:\/\/miradordeatarfe.es\/index.php?rest_route=%2Fwp%2Fv2%2Ftags&post=39962"}],"curies":[{"name":"wp","href":"https:\/\/api.w.org\/{rel}","templated":true}]}}