{"id":39968,"date":"2020-05-23T10:19:22","date_gmt":"2020-05-23T08:19:22","guid":{"rendered":"http:\/\/miradordeatarfe.es\/?p=39968"},"modified":"2020-05-20T11:23:52","modified_gmt":"2020-05-20T09:23:52","slug":"el-bayern-munich-homenajeara-a-la-sanidad-espanola","status":"publish","type":"post","link":"https:\/\/miradordeatarfe.es\/?p=39968","title":{"rendered":"El Bayern M\u00fanich homenajear\u00e1 a la sanidad espa\u00f1ola"},"content":{"rendered":"<h3 class=\"a_st font_secondary color_gray_dark \" style=\"text-align: justify;\">\u201cEs tiempo de que el f\u00fatbol sea generoso\u201d, afirma Rummenigge, presidente del club alem\u00e1n, que organiza un torneo ben\u00e9fico con el Real Madrid y el Inter<\/h3>\n<p class=\"\" style=\"text-align: justify;\">Alarmado por las noticias que le llegaban de Madrid y Mil\u00e1n, en marzo Karl-Heinz Rummenigge, presidente del Bayern de M\u00fanich, tom\u00f3 la iniciativa de organizar un torneo ben\u00e9fico. Se puso en contacto con el Inter de Mil\u00e1n y el Real Madrid, dos clubes emblem\u00e1ticos de las ciudades m\u00e1s golpeadas por el coronavirus en Europa, y entre los tres concibieron tres partidos: Madrid-Inter en el Bernab\u00e9u, Inter-Bayern en San Siro, y Bayern-Madrid en M\u00fanich. Las fechas se determinar\u00e1n en 2021, en funci\u00f3n de la evoluci\u00f3n de la pandemia. La recaudaci\u00f3n se repartir\u00e1 en dos mitades: una para la sanidad espa\u00f1ola y otra para la italiana.<\/p>\n<p class=\"\" style=\"text-align: justify;\">\u201cHace dos semanas\u201d, cont\u00f3 Rummenigge a EL PA\u00cdS; \u201chabl\u00e9 por tel\u00e9fono con Florentino y le pregunt\u00e9 que qu\u00e9 le parec\u00eda si hac\u00edamos algo en com\u00fan, un gesto solidario que mostrase que en el f\u00fatbol compartimos algo as\u00ed como una forma europea de pensar. Quise organizar algo para honrar al personal sanitario italiano y espa\u00f1ol, dividiendo la recaudaci\u00f3n en dos mitades, ya que en Alemania el sistema de salud no sufri\u00f3 tanto en estos meses de pandemia. Florentino se mostr\u00f3 totalmente a favor, e inmediatamente quiso formar parte de esta iniciativa\u201d.<\/p>\n<p class=\"\" style=\"text-align: justify;\">El lunes, Francia y Alemania anunciaron la creaci\u00f3n de un fondo de medio bill\u00f3n de euros en subvenciones no reembolsables a los sectores m\u00e1s afectados por el covid-19. \u201c\u00a1Hemos tenido un <i>timing<\/i> perfecto!\u201d, se congratul\u00f3 Rummenigge. \u201cPues este martes abr\u00ed los peri\u00f3dicos y le\u00ed que Macron y Merkel acordaron medidas de apoyo financiero a los pa\u00edses m\u00e1s castigados. En este contexto es una buena se\u00f1al que el f\u00fatbol se preocupe por la comunidad en su conjunto. Los europeos deben confiar en que, si es necesario, nos ayudaremos mutuamente\u201d.<\/p>\n<p class=\"\" style=\"text-align: justify;\">\u201cDesde que empez\u00f3 la pandemia ten\u00eda algo en mente\u201d, asegura Rummenigge. \u201cMe falt\u00f3 poco para llorar cuando miraba por televisi\u00f3n las im\u00e1genes de Italia y Espa\u00f1a, donde el coronavirus se extendi\u00f3 con mucha m\u00e1s dureza que en aqu\u00ed en Alemania. Llevo cerca de 20 a\u00f1os en la directiva del Bayern y he estado estrechamente relacionado con estos dos clubes. Al Inter como jugador, y al Madrid como rival y admirador del primer club del mundo\u201d.<\/p>\n<aside class=\"quote quote_pull |   font_secondary italic\">\n<blockquote class=\"flex container_column \">\n<div>El regreso de la Bundesliga puede ayudar a la gente a pensar que es posible recuperar una vida normal. Cruzo los dedos para que LaLiga acabe la temporada en la hierba<\/div>\n<\/blockquote>\n<\/aside>\n<p class=\"\" style=\"text-align: justify;\">\u201cTenemos que hacer un gesto de amistad en tiempos dif\u00edciles\u201d, reflexion\u00f3 el dirigente y Bal\u00f3n de Oro de 1980 y 1981. \u201cEs tiempo de que el f\u00fatbol no solo sea generoso con sus aficionados sino con la ciudadan\u00eda en general. La semana pasada tuvimos el placer de reiniciar la Bundesliga. Debemos mostrarle a nuestras sociedades que el f\u00fatbol es m\u00e1s que un simple deporte, y que puede ser una herramienta para superar esta situaci\u00f3n. Despu\u00e9s de estos dos meses largos nuestra sociedad ha padecido mucho y el f\u00fatbol puede ayudar a la gente a pensar que es posible volver a vivir una vida normal. Esto es algo muy importante\u201d.<\/p>\n<p class=\"\" style=\"text-align: justify;\">El m\u00e1ximo mandatario del Bayern asisti\u00f3 con mascarilla al primer encuentro que disput\u00f3 su equipo tras la pandemia, este domingo en Berl\u00edn, contra el Uni\u00f3n Berl\u00edn. \u201cLa atm\u00f3sfera no es buena, sinceramente\u201d, dijo, tras ver el partido sin p\u00fablico en un estadio que hasta marzo bull\u00eda con una de las hinchadas m\u00e1s bravas de Alemania. \u201cTambi\u00e9n vi el Dortmund-Schalke por televisi\u00f3n; y debo decir que los partidos han sido seriamente interpretados por los equipos. La competici\u00f3n ha sido re\u00f1ida. Por supuesto no es f\u00e1cil jugar sin espectadores pero no hab\u00eda otra alternativa. Jugar con hinchas ha sido absolutamente imposible y tal vez esto dure meses. Pero ha sido la \u00fanica manera de acabar las competiciones en la hierba y no en los despachos. Odio los despachos en los deportes. Espero que en Espa\u00f1a, Italia e Inglaterra puedan acabar las temporadas\u201d.<\/p>\n<p class=\"\" style=\"text-align: justify;\">\u201cTenemos un protocolo sanitario de 51 p\u00e1ginas llenas de reglas para los jugadores y los t\u00e9cnicos\u201d, explic\u00f3 Rummenigge. \u201cLo que vimos el fin de semana fue muy bien. Si en Espa\u00f1a quieren reiniciar el f\u00fatbol seguramente tendr\u00e1n que hacer como hicimos aqu\u00ed: colaborar con los pol\u00edticos. No hay m\u00e1s salida\u201d.<\/p>\n<p class=\"\" style=\"text-align: justify;\">Rummenigge se mostr\u00f3 conforme con el juego del Bayern, pese a que el equipo se entren\u00f3 por Internet durante un mes y en peque\u00f1os grupos desde hace tres semanas. Entiende que los jugadores se han esforzado por superar obst\u00e1culos ins\u00f3litos y que la Bundesliga que acaba de reanudarse ocupa una posici\u00f3n estrat\u00e9gica inconcebible en un momento cr\u00edtico. \u201cEste fin de semana los partidos se retransmitieron en vivo a 200 pa\u00edses en todo el mundo\u201d, observa. \u201cLa audiencia global es gigantesca. Normalmente, cada fin de semana la compartimos con la Premier, con la Serie A, con LaLiga y la Ligue 1. Pero nos hemos quedado solos y eso es una ventaja porque todos estamos hambrientos de f\u00fatbol. Hemos dado ejemplo de que es posible reiniciar la liga bajo determinados requerimientos, que l\u00f3gicamente no son los ideales. Queremos trasladar a la industria del f\u00fatbol la idea de que trabajando y colaborando con los pol\u00edticos puedes alcanzar el \u00e9xito. Cruzo los dedos para que LaLiga pueda terminar su temporada. \u00a1Nunca me pierdo los partidos del Madrid y el Bar\u00e7a!\u201d.<\/p>\n<p><span class=\"a_aut | margin_bottom uppercase flex align_items_center margin_right\"><a class=\"a_aut_n | color_black\" title=\"Ver todas las noticias de Diego Torres\" href=\"https:\/\/elpais.com\/autor\/diego-torres\/\">Diego Torres<\/a><\/span><\/p>\n<p>https:\/\/elpais.com\/deportes\/2020-05-19\/madrid-bayern-e-inter-disputaran-un-torneo-solidario.html<\/p>\n","protected":false},"excerpt":{"rendered":"<p>\u201cEs tiempo de que el f\u00fatbol sea generoso\u201d, afirma Rummenigge, presidente del club alem\u00e1n, que&#8230;<\/p>\n","protected":false},"author":1,"featured_media":39970,"comment_status":"closed","ping_status":"closed","sticky":false,"template":"","format":"standard","meta":{"_coblocks_attr":"","_coblocks_dimensions":"","_coblocks_responsive_height":"","_coblocks_accordion_ie_support":"","jetpack_post_was_ever_published":false,"_jetpack_newsletter_access":"","_jetpack_dont_email_post_to_subs":false,"_jetpack_newsletter_tier_id":0,"_jetpack_memberships_contains_paywalled_content":false,"_jetpack_memberships_contains_paid_content":false,"footnotes":"","jetpack_publicize_message":"","jetpack_publicize_feature_enabled":true,"jetpack_social_post_already_shared":false,"jetpack_social_options":{"image_generator_settings":{"template":"highway","default_image_id":0,"enabled":false},"version":2}},"categories":[44,6937,15,10],"tags":[666,7353,880],"class_list":["post-39968","post","type-post","status-publish","format-standard","has-post-thumbnail","hentry","category-noticias-de-hoy","category-sociedad","category-ultimas-noticias","category-salud","tag-futbol","tag-rummenigge","tag-sanitarios"],"jetpack_publicize_connections":[],"jetpack_featured_media_url":"https:\/\/i0.wp.com\/miradordeatarfe.es\/wp-content\/uploads\/2020\/05\/OB3QRPDT3RFWLB324K7QZVZI5E.jpg?fit=1500%2C1000&ssl=1","jetpack_likes_enabled":true,"jetpack_sharing_enabled":true,"_links":{"self":[{"href":"https:\/\/miradordeatarfe.es\/index.php?rest_route=\/wp\/v2\/posts\/39968","targetHints":{"allow":["GET"]}}],"collection":[{"href":"https:\/\/miradordeatarfe.es\/index.php?rest_route=\/wp\/v2\/posts"}],"about":[{"href":"https:\/\/miradordeatarfe.es\/index.php?rest_route=\/wp\/v2\/types\/post"}],"author":[{"embeddable":true,"href":"https:\/\/miradordeatarfe.es\/index.php?rest_route=\/wp\/v2\/users\/1"}],"replies":[{"embeddable":true,"href":"https:\/\/miradordeatarfe.es\/index.php?rest_route=%2Fwp%2Fv2%2Fcomments&post=39968"}],"version-history":[{"count":1,"href":"https:\/\/miradordeatarfe.es\/index.php?rest_route=\/wp\/v2\/posts\/39968\/revisions"}],"predecessor-version":[{"id":39971,"href":"https:\/\/miradordeatarfe.es\/index.php?rest_route=\/wp\/v2\/posts\/39968\/revisions\/39971"}],"wp:featuredmedia":[{"embeddable":true,"href":"https:\/\/miradordeatarfe.es\/index.php?rest_route=\/wp\/v2\/media\/39970"}],"wp:attachment":[{"href":"https:\/\/miradordeatarfe.es\/index.php?rest_route=%2Fwp%2Fv2%2Fmedia&parent=39968"}],"wp:term":[{"taxonomy":"category","embeddable":true,"href":"https:\/\/miradordeatarfe.es\/index.php?rest_route=%2Fwp%2Fv2%2Fcategories&post=39968"},{"taxonomy":"post_tag","embeddable":true,"href":"https:\/\/miradordeatarfe.es\/index.php?rest_route=%2Fwp%2Fv2%2Ftags&post=39968"}],"curies":[{"name":"wp","href":"https:\/\/api.w.org\/{rel}","templated":true}]}}