{"id":39997,"date":"2020-05-31T10:30:00","date_gmt":"2020-05-31T08:30:00","guid":{"rendered":"http:\/\/miradordeatarfe.es\/?p=39997"},"modified":"2020-05-27T13:12:20","modified_gmt":"2020-05-27T11:12:20","slug":"por-que-el-coronavirus-se-expande-sin-sintomas","status":"publish","type":"post","link":"https:\/\/miradordeatarfe.es\/?p=39997","title":{"rendered":"\u00bfPor qu\u00e9 el coronavirus se expande sin s\u00edntomas?"},"content":{"rendered":"<p style=\"text-align: justify;\">Un<strong>\u00a0asilo de ancianos<\/strong>\u00a0de Washington se infect\u00f3 con\u00a0<strong>coronavirus<\/strong>. Se confirmaron\u00a0167 positivos de <a href=\"https:\/\/www.ambientum.com\/ambientum\/ciencia\/el-pangolin-tiene-la-clave-para-la-vacuna-del-covid-19.asp\" target=\"_blank\" rel=\"noopener noreferrer\">Covid-19<\/a>, entre los que hab\u00eda 101 residentes, 50 miembros del personal sanitario y 16 visitantes del centro. Murieron 34 ancianos, pero <strong>7 no mostraron ning\u00fan s\u00edntoma<\/strong>\u00a0a pesar de contraer el <a href=\"https:\/\/www.ambientum.com\/ambientum\/ciencia\/descubren-virus-parecido-al-sars-cov-2-en-murcielagos.asp\" target=\"_blank\" rel=\"noopener noreferrer\">virus<\/a>.<\/p>\n<p style=\"text-align: justify;\">Algo parecido ocurri\u00f3 cuando se hicieron pruebas a<strong>\u00a0397 personas de un refugio para gente sin hogar<\/strong>\u00a0en Boston: despu\u00e9s de hacer test a los\u00a0<strong>asintom\u00e1ticos<\/strong>, las pruebas mostraron que hab\u00eda un\u00a0<a href=\"https:\/\/www.wbur.org\/commonhealth\/2020\/04\/14\/coronavirus-boston-homeless-testing\" target=\"_blank\" rel=\"noopener noreferrer\">36% de positivos en SARS-CoV-2 aparentemente sanos<\/a>.<\/p>\n<p style=\"text-align: justify;\">Un porcentaje similar revelaron las pruebas realizadas a los <strong>ciudadanos japoneses evacuados desde Wuhan<\/strong>: alrededor del 30% de los infectados no mostraban s\u00edntomas. Un estudio italiano preliminar se\u00f1ala que este <a href=\"https:\/\/www.medrxiv.org\/content\/10.1101\/2020.04.17.20053157v1\" target=\"_blank\" rel=\"noopener noreferrer\">porcentaje se podr\u00eda elevar hasta el 43% de los positivos\u00a0<\/a>en t\u00e9rminos generales.<\/p>\n<p style=\"text-align: justify;\">Los pacientes asintom\u00e1ticos son alivio y preocupaci\u00f3n en las <a href=\"https:\/\/www.abc.es\/ciencia\/abci-hasta-cuando-durara-aislamiento-tres-posibles-estrategias-para-volver-normalidad-202003261221_noticia.html\">estrategias contra la pandemia global<\/a> del coronavirus. \u00bfQu\u00e9 significan a nivel microsc\u00f3pico? \u00bfPuede ser el propio plan evolutivo del Covid-19 para expandirse m\u00e1s y mejor entre la poblaci\u00f3n humana?<\/p>\n<p style=\"text-align: justify;\">Es la teor\u00eda que barajan investigadores de la Universidad de Princeton (EE. UU.), que ha publicado la revista <em>\u00ab<a href=\"http:\/\/dx.doi.org\/10.1073\/pnas.1920761117\" target=\"_blank\" rel=\"noopener noreferrer\">Proceedings of the National Academy of Sciences<\/a>\u00bb<\/em>.<\/p>\n<p style=\"text-align: justify;\">En concreto, expusieron\u00a0<strong>pros y contras de la propagaci\u00f3n\u00a0<\/strong>\u00absilenciosa\u00bb del coronavirus en base a dos teor\u00edas: \u00bfla transmisi\u00f3n asintom\u00e1tica permite que el virus infecte a un mayor n\u00famero de personas? \u00bfO es la falta de s\u00edntomas la que, eventualmente, disminuye la propagaci\u00f3n y reduce la supervivencia del SARS-CoV-2 a largo plazo?<\/p>\n<p style=\"text-align: justify;\"><em>\u00abPor varias razones, una etapa asintom\u00e1tica podr\u00eda proporcionar ciertos beneficios al pat\u00f3geno\u00bb<\/em>, explica\u00a0<strong>Bryan Grenfell<\/strong>, bi\u00f3logo de Princeton y uno de los autores de la investigaci\u00f3n. <em>\u00abCon la crisis de Covid-19, la importancia de esta fase asintom\u00e1tica se ha vuelto extremadamente relevante\u00bb<\/em>. Sobre todo, de cara a evaluar las posibles medidas para acabar con este pat\u00f3geno.<\/p>\n<h2 class=\"ladillo\" style=\"text-align: justify;\">La naturaleza se abre paso<\/h2>\n<p style=\"text-align: justify;\">Igual que ocurre con organismos m\u00e1s complejos, los<strong>\u00a0virus pueden evolucionar por selecci\u00f3n natural<\/strong>. La mutaci\u00f3n genera\u00a0<a href=\"https:\/\/www.abc.es\/ciencia\/abci-aparece-nueva-cepa-coronavirus-mucho-mas-contagiosa-original-202005052050_noticia.html\">nuevas variantes<\/a>\u00a0y, si estos cambios benefician la transmisi\u00f3n del pat\u00f3geno, entonces esa cepa del virus se extender\u00e1. De hecho, las\u00a0<a href=\"https:\/\/www.abc.es\/ciencia\/abci-coronavirus-eficacia-real-cuarentena-y-otras-nueve-claves-matematicas-para-atajar-pandemias-202003160006_noticia.html\">enfermedades m\u00e1s virulentas a menudo son menos mortales<\/a>, ya que el fallecimiento del hu\u00e9sped de manera r\u00e1pida y sin posibilidad de contagiar a mucha gente no favorece su expansi\u00f3n.<\/p>\n<p style=\"text-align: justify;\"><em>\u00abLa evoluci\u00f3n viral implica una\u00a0<strong>compensaci\u00f3n\u00a0<\/strong>entre el aumento de la<strong>\u00a0tasa de transmisi\u00f3n\u00a0<\/strong>y el\u00a0<strong>mantenimiento del hu\u00e9sped\u00a0<\/strong>como base de propagaci\u00f3n\u00bb<\/em>, afirma<strong>\u00a0Simon Levin<\/strong>, profesor de Princeton en Ecolog\u00eda y Biolog\u00eda Evolutiva. <em>\u00abLas especies que utilizan esta compensaci\u00f3n de manera m\u00e1s efectiva desplazar\u00e1n a otras en la poblaci\u00f3n\u00bb<\/em>.<\/p>\n<h2 class=\"ladillo\" style=\"text-align: justify;\">El \u00abjuego\u00bb entre pat\u00f3geno y hu\u00e9sped<\/h2>\n<p style=\"text-align: justify;\">Para comprenderlo, hay que pensar en una suerte de\u00a0<strong>\u00abjuego\u00bb entre pat\u00f3geno y hu\u00e9sped<\/strong>, en el que la\u00a0<strong>supervivencia es la meta final\u00a0<\/strong>y la<strong>\u00a0evoluci\u00f3n la herramienta\u00a0<\/strong>para hacerse con la victoria.<\/p>\n<p style=\"text-align: justify;\">As\u00ed, los\u00a0<strong>asintom\u00e1ticos\u00a0<\/strong>ser\u00edan una\u00a0<strong>ventaja a corto plazo\u00a0<\/strong>para el virus, ya que las estrategias de la sociedad hu\u00e9sped a la que infectan (en este caso, la especie humana) son dif\u00edciles de implementar: las personas infecciosas que carecen de s\u00edntomas tienden a\u00a0<strong>seguir con normalidad su vida<\/strong>, entrando en<strong>\u00a0contacto con mucha gente<\/strong>\u00a0susceptible de ser contagiada.<\/p>\n<p style=\"text-align: justify;\">En contraste, una persona que desarrolla fiebre y tos puede ser m\u00e1s propensa a aislarse, por ejemplo, al quedarse en casa y no ir al trabajo.<\/p>\n<p style=\"text-align: justify;\">Pero tambi\u00e9n hay\u00a0<strong>inconvenientes<\/strong>: las personas sin s\u00edntomas pueden generar\u00a0<strong>menos part\u00edculas infecciosas\u00a0<\/strong>y, por lo tanto, contagiar de forma m\u00e1s limitada con un estornudo violento o una tos fuerte. Esto significa que la transmisi\u00f3n general podr\u00eda reducirse con el tiempo.<\/p>\n<p style=\"text-align: justify;\">Los investigadores utilizaron modelos de enfermedades para explorar las compensaciones entre estos escenarios. De hecho, esta\u00a0<strong>investigaci\u00f3n se realiz\u00f3 antes\u00a0<\/strong>de que el nuevo coronavirus apareciera en escena.\u00a0<strong>Chadi Saad-Roy<\/strong>, primer autor de la investigaci\u00f3n, us\u00f3 la\u00a0<strong>gripe como modelo\u00a0<\/strong>de una infecci\u00f3n que puede\u00a0<strong>no mostrar s\u00edntomas<\/strong>\u00a0y que adem\u00e1s tuviera un<strong>a incidencia significativa<\/strong>.<\/p>\n<p style=\"text-align: justify;\"><em>\u00abMe preguntaba por qu\u00e9 la gripe asintom\u00e1tica surg\u00eda en la evoluci\u00f3n y es as\u00ed como formulamos un modelo simple para tratar de entender por qu\u00e9 la evoluci\u00f3n favorecer\u00eda ese comportamiento\u00bb<\/em>, afirma Saad-Roy.<\/p>\n<h2 class=\"ladillo\" style=\"text-align: justify;\">Coronavirus, s\u00edntomas variables e inexistentes<\/h2>\n<p style=\"text-align: justify;\">Los pat\u00f3genos pueden exhibir una variedad de comportamientos que contribuyen a su propagaci\u00f3n. Algunos virus, como el\u00a0<strong>VIH<\/strong>, se extienden antes de mostrar s\u00edntomas. Otros se transmiten a la vez que aparecen los s\u00edntomas, como la\u00a0<strong>viruela<\/strong>. La mayor\u00eda probablemente emplean una<strong>\u00a0combinaci\u00f3n de ambas, como se ha demostrado con la gripe o el nuevo coronavirus.<\/strong><\/p>\n<p style=\"text-align: justify;\">Para estudiar el efecto de la transmisi\u00f3n asintom\u00e1tica, el equipo realiz\u00f3 modificaciones a un modelo matem\u00e1tico est\u00e1ndar de c\u00f3mo una enfermedad se propaga a trav\u00e9s de una poblaci\u00f3n.<\/p>\n<p style=\"text-align: justify;\">El modelo divide a la poblaci\u00f3n en individuos susceptibles, infectados y recuperados. Adem\u00e1s, a los infectados los dividieron a su vez en\u00a0<strong>dos etapas<\/strong>: en la\u00a0<strong>primera<\/strong>, los investigadores podr\u00edan<strong>\u00a0variar el nivel de los s\u00edntomas<\/strong>\u00a0en ninguno, algunos y significativos.<\/p>\n<p style=\"text-align: justify;\">En la segunda, los individuos son completamente sintom\u00e1ticos. El equipo se centr\u00f3 no solo en el efecto de la variaci\u00f3n de los s\u00edntomas en la propagaci\u00f3n de la enfermedad, sino tambi\u00e9n en las consecuencias evolutivas de mostrar niveles variables de s\u00edntomas en la primera etapa.<\/p>\n<p style=\"text-align: justify;\">El equipo descubri\u00f3 que el virus ten\u00eda\u00a0<strong>m\u00e1s \u00e9xito de sobrevivir\u00a0<\/strong>cuando en la<strong>primera etapa no se mostraban s\u00edntomas<\/strong>. Tambi\u00e9n encontraron que el rango de ser sintom\u00e1tico, desde ausencia de s\u00edntomas hasta s\u00edntomas m\u00e1ximos, podr\u00eda verse alterado por peque\u00f1os cambios en las estrategias de control de la enfermedad.<\/p>\n<p style=\"text-align: justify;\">Esta \u00faltima parte implica que los planes para<strong>\u00a0luchar contra los virus\u00a0<\/strong>-como el confinamiento actual- podr\u00edan tener<strong>\u00a0impacto en el curso de la epidemia\u00a0<\/strong>y que variase la estrategia del propio pat\u00f3geno para adecuarse a su desarrollo. Es decir: no se puede firmar el <em>\u00abgame over\u00bb<\/em> a\u00fan para el Covid-19.<\/p>\n<p style=\"text-align: justify;\"><strong>Fuente:<\/strong> <a href=\"https:\/\/www.abc.es\/natural\/\" target=\"_blank\" rel=\"noopener noreferrer\">Patricia Biosca \/ ABC,<\/a><\/p>\n<p style=\"text-align: justify;\"><strong>Art\u00edculo de referencia:<\/strong> <a href=\"https:\/\/www.abc.es\/ciencia\/abci-propagacion-silenciosa-covid-19-coronavirus-expande-sin-sintomas-202005132053_noticia.html\" target=\"_blank\" rel=\"noopener noreferrer\">https:\/\/www.abc.es\/ciencia\/abci-propagacion-silenciosa-covid-19-coronavirus-expande-sin-sintomas-202005132053_noticia.html,<\/a><\/p>\n","protected":false},"excerpt":{"rendered":"<p>Un\u00a0asilo de ancianos\u00a0de Washington se infect\u00f3 con\u00a0coronavirus. Se confirmaron\u00a0167 positivos de Covid-19, entre los que&#8230;<\/p>\n","protected":false},"author":1,"featured_media":39998,"comment_status":"closed","ping_status":"closed","sticky":false,"template":"","format":"standard","meta":{"_coblocks_attr":"","_coblocks_dimensions":"","_coblocks_responsive_height":"","_coblocks_accordion_ie_support":"","jetpack_post_was_ever_published":false,"_jetpack_newsletter_access":"","_jetpack_dont_email_post_to_subs":false,"_jetpack_newsletter_tier_id":0,"_jetpack_memberships_contains_paywalled_content":false,"_jetpack_memberships_contains_paid_content":false,"footnotes":"","jetpack_publicize_message":"","jetpack_publicize_feature_enabled":true,"jetpack_social_post_already_shared":false,"jetpack_social_options":{"image_generator_settings":{"template":"highway","default_image_id":0,"enabled":false},"version":2}},"categories":[1161,7149,44,6937,15],"tags":[7356,7021,7355,697],"class_list":["post-39997","post","type-post","status-publish","format-standard","has-post-thumbnail","hentry","category-ciudadania","category-coronavirus","category-noticias-de-hoy","category-sociedad","category-ultimas-noticias","tag-asintomaticos","tag-coronavirus","tag-patogenos","tag-virus"],"jetpack_publicize_connections":[],"jetpack_featured_media_url":"https:\/\/i0.wp.com\/miradordeatarfe.es\/wp-content\/uploads\/2020\/05\/coronavirus-tierra-696x464-1.jpg?fit=696%2C464&ssl=1","jetpack_likes_enabled":true,"jetpack_sharing_enabled":true,"_links":{"self":[{"href":"https:\/\/miradordeatarfe.es\/index.php?rest_route=\/wp\/v2\/posts\/39997","targetHints":{"allow":["GET"]}}],"collection":[{"href":"https:\/\/miradordeatarfe.es\/index.php?rest_route=\/wp\/v2\/posts"}],"about":[{"href":"https:\/\/miradordeatarfe.es\/index.php?rest_route=\/wp\/v2\/types\/post"}],"author":[{"embeddable":true,"href":"https:\/\/miradordeatarfe.es\/index.php?rest_route=\/wp\/v2\/users\/1"}],"replies":[{"embeddable":true,"href":"https:\/\/miradordeatarfe.es\/index.php?rest_route=%2Fwp%2Fv2%2Fcomments&post=39997"}],"version-history":[{"count":1,"href":"https:\/\/miradordeatarfe.es\/index.php?rest_route=\/wp\/v2\/posts\/39997\/revisions"}],"predecessor-version":[{"id":39999,"href":"https:\/\/miradordeatarfe.es\/index.php?rest_route=\/wp\/v2\/posts\/39997\/revisions\/39999"}],"wp:featuredmedia":[{"embeddable":true,"href":"https:\/\/miradordeatarfe.es\/index.php?rest_route=\/wp\/v2\/media\/39998"}],"wp:attachment":[{"href":"https:\/\/miradordeatarfe.es\/index.php?rest_route=%2Fwp%2Fv2%2Fmedia&parent=39997"}],"wp:term":[{"taxonomy":"category","embeddable":true,"href":"https:\/\/miradordeatarfe.es\/index.php?rest_route=%2Fwp%2Fv2%2Fcategories&post=39997"},{"taxonomy":"post_tag","embeddable":true,"href":"https:\/\/miradordeatarfe.es\/index.php?rest_route=%2Fwp%2Fv2%2Ftags&post=39997"}],"curies":[{"name":"wp","href":"https:\/\/api.w.org\/{rel}","templated":true}]}}