{"id":4000,"date":"2015-10-19T08:16:42","date_gmt":"2015-10-19T08:16:42","guid":{"rendered":"http:\/\/miradordeatarfe.es\/?p=4000"},"modified":"2015-10-20T08:22:14","modified_gmt":"2015-10-20T08:22:14","slug":"proyecto-capacitados-en-atarfe-tecnologia-para-la-ilusion-y-la-inclusion","status":"publish","type":"post","link":"https:\/\/miradordeatarfe.es\/?p=4000","title":{"rendered":"Proyecto CapaCITados en Atarfe. Tecnolog\u00eda para la ilusi\u00f3n y la inclusi\u00f3n"},"content":{"rendered":"<p style=\"text-align: justify;\">Con la llegada del oto\u00f1o, la localidad de Atarfe se ha embarcado en un nuevo proyecto comunitario. Esta vez, la protagonista es la tecnolog\u00eda al servicio de la calidad de vida de las personas. Durante los pr\u00f3ximos 8 meses, el proyecto <em>\u2018<a href=\"http:\/\/proyectocapacitados.wordpress.com\" target=\"_blank\">CapaCITados<\/a>\u2018<\/em> tratar\u00e1 de abrir los ojos a los ciudadanos sobre la importancia de tener una ciudad universalmente accesible. <!--more--><\/p>\n<p style=\"text-align: justify;\">Como siempre,\u00a0uno de los agentes sociales m\u00e1s importantes dentro de los proyectos de mejora del entorno, es la comunidad educativa, en este caso representada por el CEIP Atalaya.<\/p>\n<p style=\"text-align: justify;\">Los peques no est\u00e1n solos en esta batalla, de nuevo, el Ayuntamiento de Atarfe y la Asociaci\u00f3n Cultural \u2018Ciudad de Atarfe\u2019 se han sumado a esta iniciativa. Adem\u00e1s, la Asociaci\u00f3n \u2018Te doy la Luna\u2019 se implicar\u00e1 en las actuaciones y tendr\u00e1 un importante papel en la concienciaci\u00f3n sobre la diversidad funcional.<\/p>\n<p style=\"text-align: justify;\">Este proyecto tiene un importante componente cient\u00edfico-tecnol\u00f3gico ya que los avances t\u00e9cnicos en el campo de la accesibilidad suponen la pieza angular para lograr una verdadera inclusi\u00f3n. En este caso, empresas como Ortopedia Gerardo Le\u00f3n y Sunrise Medical, son los encargados de proporcionar informaci\u00f3n, recursos, asesoramiento y soporte t\u00e9cnico al proyecto y sus agentes sociales. Tambi\u00e9n contar\u00e1n con el apoyo y los recursos de\u00a0la\u00a0red de centros de acceso p\u00fablico a Internet Guadalinfo.<\/p>\n<p style=\"text-align: justify;\">\u2018[Andaluc\u00eda], mejor con Ciencia\u2019 le da la bienvenida a este fascinante proyecto comunitario que est\u00e1 dando sus primeros pasos. Si quer\u00e9is m\u00e1s informaci\u00f3n, echarle un vistazo a su <a href=\"http:\/\/proyectocapacitados.wordpress.com\" target=\"_blank\">blog<\/a>.<\/p>\n<p style=\"text-align: justify;\">El centro en el que se desarrolla este proyecto, CEIP Atalaya (Atarfe-Granada) es un Centro de Educaci\u00f3n Infantil y Primaria con la distinci\u00f3n de ser un centro de Educaci\u00f3n Compensatoria. Tenemos matriculados un total de 660 alumnos y alumnas, y contamos un porcentaje aproximado del 20% de alumnado en situaci\u00f3n de desventaja socio- cultural.<\/p>\n<p style=\"text-align: justify;\">Uno de los elementos m\u00e1s importantes de nuestra visi\u00f3n de escuela es la necesidad de colaboraci\u00f3n e interacci\u00f3n con el entorno, por lo que hemos formado comunidades de aprendizaje, investigaci\u00f3n y acci\u00f3n que implican a las familias y a expertos externos (especialmente cient\u00edficos y referentes en diferentes ramas tecnol\u00f3gicas) para la formaci\u00f3n de nuestro alumnado y tambi\u00e9n del profesorado.<\/p>\n<p style=\"text-align: justify;\">Hemos llevado a cabo varios proyectos de mejora del entorno y el proyecto CapaCITados es la \u00faltima aventura en la que nos hemos embarcado. Este proyecto nace de la necesidad de crear escuela realmente inclusiva y una ciudad universalmente accesible. Grandes objetivos para un equipo que trata de encontrar oportunidades en las dificultades.<\/p>\n<p style=\"text-align: justify;\"><a href=\"https:\/\/proyectocapacitados.files.wordpress.com\/2015\/10\/cartel-proyectando-futuro-1.jpg\"><img data-recalc-dims=\"1\" loading=\"lazy\" decoding=\"async\" class=\"wp-image-95  aligncenter\" src=\"https:\/\/proyectocapacitados.files.wordpress.com\/2015\/10\/cartel-proyectando-futuro-1.jpg?w=397&#038;h=282&#038;fit=397%2C282&#038;resize=397%2C282\" alt=\"Cartel Proyectando Futuro 1\" width=\"397\" height=\"282\" \/><\/a><\/p>\n<p style=\"text-align: justify;\"><a href=\"https:\/\/proyectocapacitados.files.wordpress.com\/2015\/10\/cartel-proyectando-futuro-2.jpg\"><img data-recalc-dims=\"1\" loading=\"lazy\" decoding=\"async\" class=\"wp-image-96  aligncenter\" src=\"https:\/\/proyectocapacitados.files.wordpress.com\/2015\/10\/cartel-proyectando-futuro-3.jpg?w=400&#038;h=282&#038;fit=400%2C282&#038;resize=400%2C282\" alt=\"Cartel Proyectando Futuro 3\" width=\"400\" height=\"282\" \/><\/a><\/p>\n<p style=\"text-align: justify;\"><a href=\"https:\/\/proyectocapacitados.files.wordpress.com\/2015\/10\/cartel-proyectando-futuro-2.jpg\"><img data-recalc-dims=\"1\" loading=\"lazy\" decoding=\"async\" class=\"wp-image-97  aligncenter\" src=\"https:\/\/proyectocapacitados.files.wordpress.com\/2015\/10\/cartel-proyectando-futuro-2.jpg?w=398&#038;h=281&#038;fit=398%2C281&#038;resize=398%2C281\" alt=\"Cartel Proyectando Futuro 2\" width=\"398\" height=\"281\" \/><\/a><\/p>\n<div id=\"jp-post-flair\" class=\"sharedaddy sd-like-enabled sd-sharing-enabled\">\n<div class=\"sharedaddy sd-sharing-enabled\">\n<div class=\"robots-nocontent sd-block sd-social sd-social-icon-text sd-sharing\">\n<h3 class=\"sd-title\" style=\"text-align: justify;\">Comparte:<\/h3>\n<\/div>\n<\/div>\n<\/div>\n","protected":false},"excerpt":{"rendered":"<p>Con la llegada del oto\u00f1o, la localidad de Atarfe se ha embarcado en un nuevo&#8230;<\/p>\n","protected":false},"author":1,"featured_media":4001,"comment_status":"closed","ping_status":"closed","sticky":false,"template":"","format":"standard","meta":{"_coblocks_attr":"","_coblocks_dimensions":"","_coblocks_responsive_height":"","_coblocks_accordion_ie_support":"","jetpack_post_was_ever_published":false,"_jetpack_newsletter_access":"","_jetpack_dont_email_post_to_subs":false,"_jetpack_newsletter_tier_id":0,"_jetpack_memberships_contains_paywalled_content":false,"_jetpack_memberships_contains_paid_content":false,"footnotes":"","jetpack_publicize_message":"","jetpack_publicize_feature_enabled":true,"jetpack_social_post_already_shared":false,"jetpack_social_options":{"image_generator_settings":{"template":"highway","default_image_id":0,"enabled":false},"version":2}},"categories":[2,187,15,10],"tags":[239,1451],"class_list":["post-4000","post","type-post","status-publish","format-standard","has-post-thumbnail","hentry","category-atarfe","category-centros-educativos","category-ultimas-noticias","category-salud","tag-discapacidad","tag-trecnologia"],"jetpack_publicize_connections":[],"jetpack_featured_media_url":"https:\/\/i0.wp.com\/miradordeatarfe.es\/wp-content\/uploads\/2015\/10\/capaCITados7-672x372.jpg?fit=672%2C372&ssl=1","jetpack_likes_enabled":true,"jetpack_sharing_enabled":true,"_links":{"self":[{"href":"https:\/\/miradordeatarfe.es\/index.php?rest_route=\/wp\/v2\/posts\/4000","targetHints":{"allow":["GET"]}}],"collection":[{"href":"https:\/\/miradordeatarfe.es\/index.php?rest_route=\/wp\/v2\/posts"}],"about":[{"href":"https:\/\/miradordeatarfe.es\/index.php?rest_route=\/wp\/v2\/types\/post"}],"author":[{"embeddable":true,"href":"https:\/\/miradordeatarfe.es\/index.php?rest_route=\/wp\/v2\/users\/1"}],"replies":[{"embeddable":true,"href":"https:\/\/miradordeatarfe.es\/index.php?rest_route=%2Fwp%2Fv2%2Fcomments&post=4000"}],"version-history":[{"count":1,"href":"https:\/\/miradordeatarfe.es\/index.php?rest_route=\/wp\/v2\/posts\/4000\/revisions"}],"predecessor-version":[{"id":4002,"href":"https:\/\/miradordeatarfe.es\/index.php?rest_route=\/wp\/v2\/posts\/4000\/revisions\/4002"}],"wp:featuredmedia":[{"embeddable":true,"href":"https:\/\/miradordeatarfe.es\/index.php?rest_route=\/wp\/v2\/media\/4001"}],"wp:attachment":[{"href":"https:\/\/miradordeatarfe.es\/index.php?rest_route=%2Fwp%2Fv2%2Fmedia&parent=4000"}],"wp:term":[{"taxonomy":"category","embeddable":true,"href":"https:\/\/miradordeatarfe.es\/index.php?rest_route=%2Fwp%2Fv2%2Fcategories&post=4000"},{"taxonomy":"post_tag","embeddable":true,"href":"https:\/\/miradordeatarfe.es\/index.php?rest_route=%2Fwp%2Fv2%2Ftags&post=4000"}],"curies":[{"name":"wp","href":"https:\/\/api.w.org\/{rel}","templated":true}]}}