{"id":40019,"date":"2020-05-25T10:51:08","date_gmt":"2020-05-25T08:51:08","guid":{"rendered":"http:\/\/miradordeatarfe.es\/?p=40019"},"modified":"2020-05-23T19:10:51","modified_gmt":"2020-05-23T17:10:51","slug":"avisos-del-ayuntamiento-de-atarfe-2","status":"publish","type":"post","link":"https:\/\/miradordeatarfe.es\/?p=40019","title":{"rendered":"AVISOS DEL AYUNTAMIENTO DE ATARFE"},"content":{"rendered":"<h3 style=\"text-align: justify;\">EL AYUNTAMIENTO DE ATARFE INFORMA DE QUE A PARTIR DEL LUNES SE ABREN LOS SERVICIOS SOCIALES PREVIA CITA Y DE LA PROHIBICI\u00d3N DE REALIZAR BARBACOAS EN LOS ESPACIOS NATURALES<\/h3>\n<p style=\"text-align: justify;\"><strong>SERVICIOS SOCIALES COMUNITARIOS RETOMA LA ATENCI\u00d3N PRESENCIAL CON CITA PREVIA<\/strong><\/p>\n<p style=\"text-align: justify;\">A partir del Lunes 25 de Mayo<\/p>\n<p style=\"text-align: justify;\">Tel\u00e9fono para solicitud de <strong>Cita Previa: 676 235 681<\/strong><\/p>\n<div class=\"text_exposed_show\" style=\"text-align: justify;\">\n<p>&#8211; NO se atiende por WhatsApp<br \/>\n&#8211; Ser\u00e1 prioritaria la Atenci\u00f3n Telef\u00f3nica<br \/>\n&#8211; Si le indicamos que su caso necesita Atenci\u00f3n Presencial, debe acudir a nuestras oficinas con mascarilla, guantes y respetando las distancias de seguridad.<br \/>\n&#8211; Si tiene s\u00edntomas o ha estado en contacto con alguien contagiado, no acuda a la cita.<br \/>\n&#8211; Por favor, si es posible, asista a la cita sin acompa\u00f1ante.<\/p>\n<p><strong>E-Mail: serviciossociales@atarfe.es<\/strong><\/p>\n<p><a href=\"https:\/\/i0.wp.com\/miradordeatarfe.es\/wp-content\/uploads\/2020\/05\/99077758_3100354396695076_8489626592874594304_o.jpg?ssl=1\"><img data-recalc-dims=\"1\" loading=\"lazy\" decoding=\"async\" class=\"alignnone wp-image-40021 size-full\" src=\"https:\/\/i0.wp.com\/miradordeatarfe.es\/wp-content\/uploads\/2020\/05\/99077758_3100354396695076_8489626592874594304_o.jpg?resize=640%2C905&#038;ssl=1\" alt=\"\" width=\"640\" height=\"905\" srcset=\"https:\/\/i0.wp.com\/miradordeatarfe.es\/wp-content\/uploads\/2020\/05\/99077758_3100354396695076_8489626592874594304_o.jpg?w=679&amp;ssl=1 679w, https:\/\/i0.wp.com\/miradordeatarfe.es\/wp-content\/uploads\/2020\/05\/99077758_3100354396695076_8489626592874594304_o.jpg?resize=212%2C300&amp;ssl=1 212w, https:\/\/i0.wp.com\/miradordeatarfe.es\/wp-content\/uploads\/2020\/05\/99077758_3100354396695076_8489626592874594304_o.jpg?resize=600%2C848&amp;ssl=1 600w\" sizes=\"auto, (max-width: 640px) 100vw, 640px\" \/><\/a><\/p>\n<p><strong>SIGUEN PROHIBIDAS LAS BARBACOAS, COMIDAS Y MERIENDAS EN LOS ESPACIOS Y PARAJES NATURALES DE ATARFE<\/strong><\/p>\n<p>&nbsp;<\/p>\n<\/div>\n<p style=\"text-align: justify;\">Sigue en vigor el decreto que prohibe la concentraci\u00f3n de personas para la realizaci\u00f3n de barbacoas, meriendas y comidas en los parques, espacios y parajes naturales de Atarfe.<\/p>\n<p style=\"text-align: justify;\">Estos lugares actualmente est\u00e1n habilitados exclusivamente para la realizaci\u00f3n de actividades deportivas y de paseo. Son lugares de tr\u00e1nsito, pero no de concentraci\u00f3n de personas.<\/p>\n<div class=\"text_exposed_show\">\n<p style=\"text-align: justify;\">Es el momento de demostrar tu responsabilidad individual y estrictamente todas las medidas de seguridad y distanciamiento social. No seas el responsable de que tengamos que retroceder en nuestra lucha contra el Coronavirus.<\/p>\n<p><a href=\"https:\/\/i0.wp.com\/miradordeatarfe.es\/wp-content\/uploads\/2020\/05\/98205246_3095846243812558_6791274985051652096_n.jpg?ssl=1\"><img data-recalc-dims=\"1\" loading=\"lazy\" decoding=\"async\" class=\"alignnone wp-image-40020 size-full\" src=\"https:\/\/i0.wp.com\/miradordeatarfe.es\/wp-content\/uploads\/2020\/05\/98205246_3095846243812558_6791274985051652096_n.jpg?resize=600%2C400&#038;ssl=1\" alt=\"\" width=\"600\" height=\"400\" srcset=\"https:\/\/i0.wp.com\/miradordeatarfe.es\/wp-content\/uploads\/2020\/05\/98205246_3095846243812558_6791274985051652096_n.jpg?w=600&amp;ssl=1 600w, https:\/\/i0.wp.com\/miradordeatarfe.es\/wp-content\/uploads\/2020\/05\/98205246_3095846243812558_6791274985051652096_n.jpg?resize=300%2C200&amp;ssl=1 300w\" sizes=\"auto, (max-width: 600px) 100vw, 600px\" \/><\/a><\/p>\n<p><a class=\"_58cn\" href=\"https:\/\/www.facebook.com\/hashtag\/atarfetenecesita?__eep__=6&amp;source=feed_text&amp;epa=HASHTAG&amp;__xts__%5B0%5D=68.ARDpqx5xc986WDG1NbYL0eJoQO9YdPlRbJqywiRWZTlm71lxtUjkXq056odHHjdSxT4aDceaXfnYu578AAfzQskK8gWHhLk1CctMxO7-yNXakHzTg9SSBMKmAbMEMwNj5eXCvOOT4lXzWg0wfMnekmoxSdD4pSxfrf5b6Jm-OClzseYrE5dtM29dtATlO-9zqkhdY4PcVXxpuXXsA7VsLxr_RjpDu41LRzB3-ph3wfOO5CjqyhpDZhjjZFjCiwC9Rp-FvEEgMpJGP9NkoK4nSjFmiMDPaq9El2ADyPd3CsQmTqWWMZbYv6grzkcHEDdGfiMGDF71XEM9XzcZvo07JrpA4Q&amp;__tn__=%2ANK-R\" data-ft=\"{&quot;type&quot;:104,&quot;tn&quot;:&quot;*N&quot;}\"><span class=\"_5afx\"><span class=\"_58cl _5afz\" aria-label=\"hashtag\">#<\/span><span class=\"_58cm\">AtarfeTeNecesita<\/span><\/span><\/a><br \/>\n<a class=\"_58cn\" href=\"https:\/\/www.facebook.com\/hashtag\/atarfesequedaencasa?__eep__=6&amp;source=feed_text&amp;epa=HASHTAG&amp;__xts__%5B0%5D=68.ARDpqx5xc986WDG1NbYL0eJoQO9YdPlRbJqywiRWZTlm71lxtUjkXq056odHHjdSxT4aDceaXfnYu578AAfzQskK8gWHhLk1CctMxO7-yNXakHzTg9SSBMKmAbMEMwNj5eXCvOOT4lXzWg0wfMnekmoxSdD4pSxfrf5b6Jm-OClzseYrE5dtM29dtATlO-9zqkhdY4PcVXxpuXXsA7VsLxr_RjpDu41LRzB3-ph3wfOO5CjqyhpDZhjjZFjCiwC9Rp-FvEEgMpJGP9NkoK4nSjFmiMDPaq9El2ADyPd3CsQmTqWWMZbYv6grzkcHEDdGfiMGDF71XEM9XzcZvo07JrpA4Q&amp;__tn__=%2ANK-R\" data-ft=\"{&quot;type&quot;:104,&quot;tn&quot;:&quot;*N&quot;}\"><span class=\"_5afx\"><span class=\"_58cl _5afz\" aria-label=\"hashtag\">#<\/span><span class=\"_58cm\">AtarfeSeQuedaEnCasa<\/span><\/span><\/a><br \/>\n<a class=\"_58cn\" href=\"https:\/\/www.facebook.com\/hashtag\/todovaasalirbien?__eep__=6&amp;source=feed_text&amp;epa=HASHTAG&amp;__xts__%5B0%5D=68.ARDpqx5xc986WDG1NbYL0eJoQO9YdPlRbJqywiRWZTlm71lxtUjkXq056odHHjdSxT4aDceaXfnYu578AAfzQskK8gWHhLk1CctMxO7-yNXakHzTg9SSBMKmAbMEMwNj5eXCvOOT4lXzWg0wfMnekmoxSdD4pSxfrf5b6Jm-OClzseYrE5dtM29dtATlO-9zqkhdY4PcVXxpuXXsA7VsLxr_RjpDu41LRzB3-ph3wfOO5CjqyhpDZhjjZFjCiwC9Rp-FvEEgMpJGP9NkoK4nSjFmiMDPaq9El2ADyPd3CsQmTqWWMZbYv6grzkcHEDdGfiMGDF71XEM9XzcZvo07JrpA4Q&amp;__tn__=%2ANK-R\" data-ft=\"{&quot;type&quot;:104,&quot;tn&quot;:&quot;*N&quot;}\"><span class=\"_5afx\"><span class=\"_58cl _5afz\" aria-label=\"hashtag\">#<\/span><span class=\"_58cm\">TodoVaASalirBien<\/span><\/span><\/a><br \/>\n<a class=\"_58cn\" href=\"https:\/\/www.facebook.com\/hashtag\/estevirusloparamosunidos?__eep__=6&amp;source=feed_text&amp;epa=HASHTAG&amp;__xts__%5B0%5D=68.ARDpqx5xc986WDG1NbYL0eJoQO9YdPlRbJqywiRWZTlm71lxtUjkXq056odHHjdSxT4aDceaXfnYu578AAfzQskK8gWHhLk1CctMxO7-yNXakHzTg9SSBMKmAbMEMwNj5eXCvOOT4lXzWg0wfMnekmoxSdD4pSxfrf5b6Jm-OClzseYrE5dtM29dtATlO-9zqkhdY4PcVXxpuXXsA7VsLxr_RjpDu41LRzB3-ph3wfOO5CjqyhpDZhjjZFjCiwC9Rp-FvEEgMpJGP9NkoK4nSjFmiMDPaq9El2ADyPd3CsQmTqWWMZbYv6grzkcHEDdGfiMGDF71XEM9XzcZvo07JrpA4Q&amp;__tn__=%2ANK-R\" data-ft=\"{&quot;type&quot;:104,&quot;tn&quot;:&quot;*N&quot;}\"><span class=\"_5afx\"><span class=\"_58cl _5afz\" aria-label=\"hashtag\">#<\/span><span class=\"_58cm\">EsteVirusLoParamosUnidos<\/span><\/span><\/a><\/p>\n<\/div>\n","protected":false},"excerpt":{"rendered":"<p>EL AYUNTAMIENTO DE ATARFE INFORMA DE QUE A PARTIR DEL LUNES SE ABREN LOS SERVICIOS&#8230;<\/p>\n","protected":false},"author":1,"featured_media":40022,"comment_status":"closed","ping_status":"closed","sticky":false,"template":"","format":"standard","meta":{"_coblocks_attr":"","_coblocks_dimensions":"","_coblocks_responsive_height":"","_coblocks_accordion_ie_support":"","jetpack_post_was_ever_published":false,"_jetpack_newsletter_access":"","_jetpack_dont_email_post_to_subs":false,"_jetpack_newsletter_tier_id":0,"_jetpack_memberships_contains_paywalled_content":false,"_jetpack_memberships_contains_paid_content":false,"footnotes":"","jetpack_publicize_message":"","jetpack_publicize_feature_enabled":true,"jetpack_social_post_already_shared":false,"jetpack_social_options":{"image_generator_settings":{"template":"highway","default_image_id":0,"enabled":false},"version":2}},"categories":[6916,1161,7149,9,44,15],"tags":[4293],"class_list":["post-40019","post","type-post","status-publish","format-standard","has-post-thumbnail","hentry","category-ayuntamiento-de-atarfe","category-ciudadania","category-coronavirus","category-medio-ambiente","category-noticias-de-hoy","category-ultimas-noticias","tag-ayuntamiento-de-atarfe"],"jetpack_publicize_connections":[],"jetpack_featured_media_url":"https:\/\/i0.wp.com\/miradordeatarfe.es\/wp-content\/uploads\/2020\/05\/unnamed.jpg?fit=512%2C321&ssl=1","jetpack_likes_enabled":true,"jetpack_sharing_enabled":true,"_links":{"self":[{"href":"https:\/\/miradordeatarfe.es\/index.php?rest_route=\/wp\/v2\/posts\/40019","targetHints":{"allow":["GET"]}}],"collection":[{"href":"https:\/\/miradordeatarfe.es\/index.php?rest_route=\/wp\/v2\/posts"}],"about":[{"href":"https:\/\/miradordeatarfe.es\/index.php?rest_route=\/wp\/v2\/types\/post"}],"author":[{"embeddable":true,"href":"https:\/\/miradordeatarfe.es\/index.php?rest_route=\/wp\/v2\/users\/1"}],"replies":[{"embeddable":true,"href":"https:\/\/miradordeatarfe.es\/index.php?rest_route=%2Fwp%2Fv2%2Fcomments&post=40019"}],"version-history":[{"count":1,"href":"https:\/\/miradordeatarfe.es\/index.php?rest_route=\/wp\/v2\/posts\/40019\/revisions"}],"predecessor-version":[{"id":40023,"href":"https:\/\/miradordeatarfe.es\/index.php?rest_route=\/wp\/v2\/posts\/40019\/revisions\/40023"}],"wp:featuredmedia":[{"embeddable":true,"href":"https:\/\/miradordeatarfe.es\/index.php?rest_route=\/wp\/v2\/media\/40022"}],"wp:attachment":[{"href":"https:\/\/miradordeatarfe.es\/index.php?rest_route=%2Fwp%2Fv2%2Fmedia&parent=40019"}],"wp:term":[{"taxonomy":"category","embeddable":true,"href":"https:\/\/miradordeatarfe.es\/index.php?rest_route=%2Fwp%2Fv2%2Fcategories&post=40019"},{"taxonomy":"post_tag","embeddable":true,"href":"https:\/\/miradordeatarfe.es\/index.php?rest_route=%2Fwp%2Fv2%2Ftags&post=40019"}],"curies":[{"name":"wp","href":"https:\/\/api.w.org\/{rel}","templated":true}]}}