{"id":40024,"date":"2020-05-24T11:35:41","date_gmt":"2020-05-24T09:35:41","guid":{"rendered":"http:\/\/miradordeatarfe.es\/?p=40024"},"modified":"2020-07-04T19:38:07","modified_gmt":"2020-07-04T17:38:07","slug":"atarfe-y-los-premios-nacionales-de-turismo-por-jose-enrique-granados-torres-y-fuencisla-moreno-rueda","status":"publish","type":"post","link":"https:\/\/miradordeatarfe.es\/?p=40024","title":{"rendered":"\u00abAtarfe y los premios nacionales de Turismo\u00bb por Jos\u00e9 Enrique Granados Torres y Fuencisla Moreno Rueda"},"content":{"rendered":"<p style=\"text-align: justify;\"><span style=\"font-family: arial, helvetica, sans-serif;\"><strong>El Bolet\u00edn Ofificial del Estado n\u00famero<span style=\"font-family: book antiqua, palatino, serif;\"> 17 de 19 de Enero de 1968 insertaba en sus p\u00e1ginas la orden de 23 de Diciembre del a\u00f1o anterior, por la que se modifificabanlas normas a las que hab\u00edan que ajustarse la concesi\u00f3n delos Premios Nacionales de Turismo, de Embellecimiento y mejora de los pueblos espa\u00f1oles, y se convocaba el concurso correspondiente al a\u00f1o 1968<\/span><\/strong><span style=\"font-family: book antiqua, palatino, serif;\">.<\/span><\/span><\/p>\n<p style=\"text-align: justify;\"><span style=\"font-family: book antiqua, palatino, serif;\"> Dicha Orden dictada por el Ministerio de Informaci\u00f3n y Turismo conced\u00eda dos premios de 250.000 pesetas cada uno, a dos municipios espa\u00f1oles, uno costero y otro de interior, que se hubieran caracterizado por fomentar el turismo y el embellecimiento de las localidades espa\u00f1olas.<\/span><\/p>\n<p style=\"text-align: justify;\"><span style=\"font-family: book antiqua, palatino, serif;\">Asimismo se conced\u00edan dos accesits de cincuenta mil pesetas, de car\u00e1cter indivisible y pod\u00edan ser declarados desiertos o concedidos sin discriminaci\u00f3n a municipios costeros o de interior.<\/span><\/p>\n<p style=\"text-align: justify;\"><span style=\"font-family: book antiqua, palatino, serif;\">Para concurrir a dicha convocatoria era condici\u00f3n indispensable que los Ayuntamientos interesados hubieran obtenido un Primer Premio Provincial por el Embellecimiento y Mejora de su t\u00e9rmino municipal durante el a\u00f1o anterior al que se refer\u00eda el concurso.<\/span><\/p>\n<p style=\"text-align: justify;\"><span style=\"font-family: book antiqua, palatino, serif;\">Adem\u00e1s se deb\u00edan incluir los siguientes documentos:<\/span><\/p>\n<ul style=\"text-align: justify;\">\n<li><span style=\"font-family: book antiqua, palatino, serif;\">memoria por la que se solicitaba el premio provincial,<\/span><\/li>\n<li><span style=\"font-family: book antiqua, palatino, serif;\">fotocopia del t\u00edtulo de concesi\u00f3n del premio provincial,<\/span><\/li>\n<li><span style=\"font-family: book antiqua, palatino, serif;\">acuerdo plenario para tomar parte en el concurso convocado y<\/span><\/li>\n<li><span style=\"font-family: book antiqua, palatino, serif;\"> memoria redactada de acuerdo con la precitada Orden de convocatoria.<\/span><\/li>\n<\/ul>\n<p style=\"text-align: justify;\"><span style=\"font-family: book antiqua, palatino, serif;\">Debido a que el municipio de Atarfe hab\u00eda ganado el premio provincial de embellecimiento convocado en 1966 por la Jefatura Provincial del Movimiento, elAyuntamiento atarfe\u00f1o en sesi\u00f3n ordinaria celebrada el d\u00eda 31 de Enero de 1968 adopt\u00f3 entre otros, el acuerdo para participar en dicho concurso. Con fecha 23 de Abril de ese mismo a\u00f1o se presentaba al Director General de Promoci\u00f3n del Turismo la documentaci\u00f3n requerida para optar a dicho premio. <\/span><\/p>\n<p style=\"text-align: justify;\"><span style=\"font-family: book antiqua, palatino, serif;\">El 7 de Noviembre de 1968 el Director General de Promoci\u00f3n del Turismo, Antonio J. Garc\u00eda Rodr\u00edguez Acosta escrib\u00eda al Alcalde-Presidente del Ayuntamiento de Atarfe, Alfonso Bail\u00f3n Verdejo, comunic\u00e1ndole <\/span><\/p>\n<p style=\"text-align: justify;\"><span style=\"font-family: book antiqua, palatino, serif;\">\u201c<i>&#8230;.con <\/i><i>agrado la labor desarrollada por la corporaci\u00f3n que preside en <\/i><i>pro de los intereses tur\u00edstico-urban\u00edsticos del municipio, a\u00fan <\/i><i>cuando en este concurso, y por raz\u00f3n del limitado n\u00famero de <\/i><i>premios, no hab\u00eda podido otorgarse uno a Atarfe&#8230;\u201d <\/i><\/span><\/p>\n<p style=\"text-align: justify;\"><span style=\"font-family: book antiqua, palatino, serif;\"><i>\u201c&#8230; le dirijo <\/i><i>a usted estas l\u00edneas para felicitarle y al propio tiempo, animarlo <\/i><i>para que continu\u00e9 en su loable empe\u00f1o&#8230;.\u201d <\/i><\/span><\/p>\n<p style=\"text-align: justify;\"><span style=\"font-family: book antiqua, palatino, serif;\">A continuaci\u00f3n transcribimos literalmente la memoria por la que se obtuvo el Premio Provincial de Embellecimiento en el a\u00f1o 1966, as\u00ed como la presentada posteriormente para concursar a los Premios Nacionales de Turismo, Embellecimiento y Mejora de los pueblosespa\u00f1oles.<\/span><\/p>\n<p><a href=\"https:\/\/i0.wp.com\/miradordeatarfe.es\/wp-content\/uploads\/2020\/05\/IMG_20200523_134849-scaled.jpg?ssl=1\"><img data-recalc-dims=\"1\" loading=\"lazy\" decoding=\"async\" class=\"alignnone wp-image-40026 size-full\" src=\"https:\/\/i0.wp.com\/miradordeatarfe.es\/wp-content\/uploads\/2020\/05\/IMG_20200523_134849-scaled.jpg?resize=640%2C894&#038;ssl=1\" alt=\"\" width=\"640\" height=\"894\" srcset=\"https:\/\/i0.wp.com\/miradordeatarfe.es\/wp-content\/uploads\/2020\/05\/IMG_20200523_134849-scaled.jpg?w=1832&amp;ssl=1 1832w, https:\/\/i0.wp.com\/miradordeatarfe.es\/wp-content\/uploads\/2020\/05\/IMG_20200523_134849-scaled.jpg?resize=215%2C300&amp;ssl=1 215w, https:\/\/i0.wp.com\/miradordeatarfe.es\/wp-content\/uploads\/2020\/05\/IMG_20200523_134849-scaled.jpg?resize=733%2C1024&amp;ssl=1 733w, https:\/\/i0.wp.com\/miradordeatarfe.es\/wp-content\/uploads\/2020\/05\/IMG_20200523_134849-scaled.jpg?resize=768%2C1073&amp;ssl=1 768w, https:\/\/i0.wp.com\/miradordeatarfe.es\/wp-content\/uploads\/2020\/05\/IMG_20200523_134849-scaled.jpg?resize=600%2C838&amp;ssl=1 600w, https:\/\/i0.wp.com\/miradordeatarfe.es\/wp-content\/uploads\/2020\/05\/IMG_20200523_134849-scaled.jpg?resize=1099%2C1536&amp;ssl=1 1099w, https:\/\/i0.wp.com\/miradordeatarfe.es\/wp-content\/uploads\/2020\/05\/IMG_20200523_134849-scaled.jpg?resize=1466%2C2048&amp;ssl=1 1466w, https:\/\/i0.wp.com\/miradordeatarfe.es\/wp-content\/uploads\/2020\/05\/IMG_20200523_134849-scaled.jpg?resize=1320%2C1844&amp;ssl=1 1320w\" sizes=\"auto, (max-width: 640px) 100vw, 640px\" \/><\/a><i><\/i><\/p>\n<p><span style=\"font-family: book antiqua, palatino, serif;\"><strong><i>Memoria presentada para participar en el segundo <\/i><i>concurso provincial de embellecimiento de los pueblos <\/i><\/strong><i><strong>de la provincia de Granada (a\u00f1o 1966)<\/strong> <\/i><\/span><\/p>\n<p style=\"text-align: justify;\"><span style=\"font-family: book antiqua, palatino, serif;\">Atarfe, pueblo de la provincia de Granada, Partido Judicial de Granada, se encuentra situado en las estribaciones de Sierra Elvira, situado en el centro natural de la zona de las vegas. <\/span><\/p>\n<p style=\"text-align: justify;\"><span style=\"font-family: book antiqua, palatino, serif;\">Su poblaci\u00f3n censal, que alcanza 8.445 habitantes de derecho en la \u00faltima rectifificaci\u00f3n padronal, se dedica principalmente a la agricultura y a la industria, siendo c\u00e9lebres sus canteras, que llevan el nombre de la piedra de Sierra Elvira a todos los confines de la Patria, y que constutuyen una de las principales riquezas de la poblaci\u00f3n.<\/span><\/p>\n<p style=\"text-align: justify;\"><span style=\"font-family: book antiqua, palatino, serif;\">Su situaci\u00f3n geogr\u00e1fifica le sit\u00faa como uno de los pueblos de mayor porvenir en nuestra Provincia, pues une a la llanura de su terreno, las innumerables ventajas que\u00a0 suponen la prox\u00edmidad a Granada, al estar atravesado su t\u00e9rmino por una de las l\u00edneas de ferrocorriles de Granada, y muy cercano a la otra l\u00ednea, la de Madrid, as\u00ed como ser nudo de carreteras donde se unen las de C\u00f3rdoba, Madrid y M\u00e1laga, todo lo cual la sit\u00faa como el centro geogr\u00e1fifico de la zona y asimismo el centro geogr\u00e1fifico del posible Pol\u00edgono Industrial, que puede llevar al resurgimiento de Granada, en la forma y medida que Granada necesita.<\/span><\/p>\n<p style=\"text-align: justify;\"><span style=\"font-family: book antiqua, palatino, serif;\">Por todas estas razones, y comprendiendo el Ayuntamiento de Atarfe, y a su frente su alcalde, que todas estas posibilidades no podr\u00edan realizarse en un pueblo sin servicios, carente de lo m\u00e1s indispensable para este futuro desarrollo, se viene esforzando en dotar a la poblaci\u00f3n de todos los servicios m\u00ednimos que la Ley impone a los municipios, y en esta ard\u00faa y dif\u00edcil tarea, podr\u00edamos enumerar importantes y numerosas mejoras, pero dado el periodo a que la presente Memoria se contrae, nos limitaremos a se\u00f1alar las realizadas en el a\u00f1o actual en pro de la mejora y embellecimiento de la poblaci\u00f3n, a\u00f1o en que puede decirse ha comenzado larealizaci\u00f3n de todos los grandes proyectos pendientes.<\/span><\/p>\n<p style=\"text-align: justify;\"><span style=\"font-family: book antiqua, palatino, serif;\">El pueblo de Atarfe puede considerarse como uno de los m\u00e1s bellos y mejor urbanizados de la provincia de Granada, con dos espl\u00e9ndidas plazas, Jos\u00e9 Antonio Primo de Rivera y Queipo de Llano, debidamente urbanizadas, y un Paseo, el de Santa Ana, junto a cuya ermita existen unos jardines que se cuidan por elpersonal del municipio.<\/span><\/p>\n<p style=\"text-align: justify;\"><span style=\"font-family: book antiqua, palatino, serif;\">Las plantaciones en la poblaci\u00f3n de \u00e1rboles y flores no son numerosas, debido principalmente a la carencia de agua que este pueblo ha venido padeciendo, sin que llegara a resolverse este grave problema que junto con la carencia de saneamiento adecuado imped\u00eda todo el normal desarrollo de la poblaci\u00f3n, pero hoy d\u00eda, como veremos en un cap\u00edtulo m\u00e1s adelante, son problemas solucionados y a punto de entrar en servicio.<\/span><\/p>\n<p style=\"text-align: justify;\"><span style=\"font-family: book antiqua, palatino, serif;\">La belleza y urbanizaci\u00f3n de Atarfe se ve adem\u00e1s acrecentada por el constante esfuerzo del Ayuntamiento en mejorar el servicio de limpieza, para lo cual cuenta con una plantilla de personal y se ha procedido a la adquisici\u00f3n de un cami\u00f3n, marca Ebro, especialmente equipado que comenzar\u00e1 a prestar sus servicios en el mes de Enero de 1967.<\/span><\/p>\n<p style=\"text-align: justify;\"><span style=\"font-family: book antiqua, palatino, serif;\">Con estos servicios de limpieza, se pretende suprimir toda clase de estercoleros y rincones de suciedad, que har\u00e1n posible la desaparici\u00f3n de insectos molestos y lugares desagradables. Igualmente para realzar la belleza y limpieza de Atarfe, el Ayuntamiento viene realizando una labor de encalado de todos los edifificios ofificiales,Casa Consistorial, Matadero, Grupo Escolar y otros,que dan un aspecto de higiene y limpieza que puede apreciarse a simple vista. Igualmente se vienen realizando por el ayuntamiento obras de embellecimiento en callesy plazas, como la efectuada en la Barriada de Santa Ana, dot\u00e1ndola de una baranda de hierro, que adem\u00e1s ha evitado un peligro para la poblaci\u00f3n, por las cercan\u00edas de este lugar con la v\u00eda del tranv\u00eda, habi\u00e9ndose efectuado su reparaci\u00f3n por el municipio e igualmente se ha procedido con otras numerosas calles, a las que se ha dotado de aceras y pavimento.<\/span><\/p>\n<p style=\"text-align: justify;\"><span style=\"font-family: book antiqua, palatino, serif;\">Es claro que un pueblo que desee estar limpio ha de procurar ante todo tener un adecuado servicio de aguas y una pavimentaci\u00f3n en sus calles, ya que ello, adem\u00e1s de hacer m\u00e1s f\u00e1cil su limpieza, permite tener la misma en mejor estado de conservaci\u00f3n, por ello, y por haberlo comprendido as\u00ed el ayuntamiento de Atarfe, viene procurando pavimentar las principales calles de la poblaci\u00f3n y as\u00ed podemos se\u00f1alar, adem\u00e1s de la Barriada de Santa Ana, las calles Miguel Aguilar, Callej\u00f3n del Aire, Avenida de Franco, Avenida de Calvo Sotelo y otras muchas.<\/span><\/p>\n<p style=\"text-align: justify;\"><span style=\"font-family: book antiqua, palatino, serif;\">Igualmente esta pavimentaci\u00f3n y esta limpieza se ven a\u00fan m\u00e1s realizadas al haber dotado el ayuntamiento, con la colaboraci\u00f3n del vecindario, a la localidad, de un magn\u00edfifico alumbrado fluorescente, con postes o brazos art\u00edsticos, que pueden contemplarse en las plazas de Jose Antonio y Queipo de Llano, Avenida de Franco, Avenidade Calvo Sotelo, Barriada de San Nicol\u00e1s, Avenida de la Estaci\u00f3n, Paseo de Santa Ana y otras muchas.<\/span><\/p>\n<p style=\"text-align: justify;\"><span style=\"font-family: book antiqua, palatino, serif;\">Para contribuir a mejorar el nivel de vida de su poblaci\u00f3n, para hacer m\u00e1s agradable y c\u00f3moda la vida de sus habitantes, para poder ofrecer a las industrias que pretenden establecerse, unas condiciones adecuadas para hacer, en suma, que Atarfe pueda considerarse como un pueblo urbanizado, en el concepto moderno y social del urbanismo, no bastaba s\u00f3lo con las realizaciones mencionadas; es necesaria adem\u00e1s la existencia de multitud de otros servicios, los cuales, en su mayor parte se se\u00f1alan por la Ley de R\u00e9gimen Local, texto refundido de 24 de junio de 1955, en sus art\u00edculos 102 y 103, como m\u00ednimos obligatorios, y con respecto a los cuales se ha desarrollado por el Ayuntamiento de Atarfe, la siguiente actividad:<\/span><\/p>\n<ul style=\"text-align: justify;\">\n<li><span style=\"font-family: book antiqua, palatino, serif;\"><i>Aguas Potables:<\/i> A la obligaci\u00f3n que impone a los ayuntamientos la Ley, de surtido de aguas potablesen fuente p\u00fablicas y abastecimiento domiciliario, el Ayuntamiento hab\u00eda ya solicitado del Ministerio de ObrasP\u00fablicas la implantaci\u00f3n de este servicio, habi\u00e9ndoserealizado parte de \u00e9l en 1965, y estando para terminar con la ayuda del Estado, las obras de abastecimiento enfuentes p\u00fablicas. Por lo que respecta a la distribuci\u00f3n domiciliaria, se realizar\u00e1 por el Ayuntamiento, habi\u00e9ndose confeccionado el correspondiente proyecto. Todo ello unido a que en la red de distribuci\u00f3n van colocadas bocas de riego y de incendios, har\u00e1 posible una mayor efificiencia en la limpieza de la poblaci\u00f3n y en el cultivo de plantas y flores.<\/span><\/li>\n<li><span style=\"font-family: book antiqua, palatino, serif;\"><i>Alumbrado p\u00fablico:<\/i> Se ha procedido al establecimiento del alumbrado p\u00fablico en la Barriada de La Lastra, Paseo de Santa Ana y Avenida de la Estaci\u00f3n, alguno de los cuales, como el de la Barriada de La Lastra, ha servido para dotar a esta barriada del servicio el\u00e9ctrico del que carec\u00eda hasta la fecha, mejorando el resto del alumbradode la poblaci\u00f3n.<\/span><\/li>\n<li><span style=\"font-family: book antiqua, palatino, serif;\"><i>Pavimentaci\u00f3n de v\u00edas p\u00fablicas:<\/i> Se ha procedido a la pavimentaci\u00f3n del Callej\u00f3n del Aire, Plaza del Mercado de Abastos, Barriada de Santa Ana, Miguel Aguilar, Avenida de Franco, Avenida de la Estaci\u00f3n, mejor\u00e1ndosela pavimentaci\u00f3n de otras muchas y no habi\u00e9ndo podido terminar el resto, por estar realiz\u00e1ndose las obras de abastecimiento de aguas potables.<\/span><\/li>\n<li><span style=\"font-family: book antiqua, palatino, serif;\"><i>Cementerio:<\/i> En el a\u00f1o actual se ha procedido a la confecci\u00f3n del proyecto de construcci\u00f3n de nichos en el cementerio, habi\u00e9ndose construido ya 100 nichos, y habi\u00e9ndose procedido a embellecer el camino de acceso,as\u00ed como el interior del recinto.<\/span><\/li>\n<li><span style=\"font-family: book antiqua, palatino, serif;\"><i>Limpieza viaria:<\/i> Para mejorar el servicio de limpieza viaria, adem\u00e1s de la instalaci\u00f3n de bocas de riego, se ha procedido a la adquisici\u00f3n de un cami\u00f3n marca Ebro,que comenzar\u00e1 a prestar servicio en enero de 1967,especialmente dotado para la recogida de basuras en domicilios particulares y transporte a vertedero, al objeto de evitar todos los focos existentes en la poblaci\u00f3n.<\/span><\/li>\n<li><span style=\"font-family: book antiqua, palatino, serif;\"><i>Alcantarillado:<\/i> Se ha procedido a la construcci\u00f3n de alcantarillado en las calles San Blas, Col\u00f3n, Quevedo, Reyes Cat\u00f3licos y otras, y se ha mejorado la existente envarias calles m\u00e1s, estando pendiente de la realizaci\u00f3n de un proyecto general de saneamiento.<\/span><\/li>\n<li><span style=\"font-family: book antiqua, palatino, serif;\"><i>Matadero:<\/i> Por encontrase el matadero existente en la localidad, en ruinas, en el a\u00f1o actual y por la comisi\u00f3n provincial de servicios t\u00e9cnicos se procede ala construcci\u00f3n de un nuevo matadero en el solar del antiguo edifificio, habiendo procedido el ayuntamiento a la adquisici\u00f3n de una motocarro, debidamente acondicionada, para el traslado de la carne, evitando as\u00ed el acarreo de espuertas y otros medios, totalmente antihigi\u00e9nicos y desagradables.<\/span><\/li>\n<li><span style=\"font-family: book antiqua, palatino, serif;\"><i>Mercado:<\/i> En el a\u00f1o actual se han terminado las obras de ampliaci\u00f3n del mercado p\u00fablico, con la instalaci\u00f3n de nuevos puestos y mejora de los anteriormente existentes,habi\u00e9ndose procedido, como se dice anteriormente, a lapavimentaci\u00f3n de los accesos al mismo.<\/span><\/li>\n<li><span style=\"font-family: book antiqua, palatino, serif;\"><i>Fomento de la vivienda higi\u00e9nica:<\/i> En el a\u00f1o actual se han dado numerosos permisos y licencias para la mejorade las viviendas de la localidad, teniendo solicitado del Patronato Santa Adela, la construcci\u00f3n de nuevas viviendas.<\/span><\/li>\n<li><span style=\"font-family: book antiqua, palatino, serif;\"><i>Ense\u00f1anza: <\/i>En el campo de la ense\u00f1anza, tan fudamental para el desarrollo de un pueblo, se ha procedido por el ayuntamiento a la recepci\u00f3n del grupo escolar,construido por el Ministerio de la Vivienda, estando pendiente de realizaci\u00f3n el proyecto de terminaci\u00f3n del grupo y construcci\u00f3n de ocho viviendas para maestros.<\/span><\/li>\n<li><span style=\"font-family: book antiqua, palatino, serif;\">Edificios de las aguas potables y matadero municipal, construidos en 1967<\/span><\/li>\n<li><span style=\"font-family: book antiqua, palatino, serif;\">Igualmente y en el aspecto de la ense\u00f1anza, en el a\u00f1o\u00a0 actual se ha visto cumplirse uno de los m\u00e1s antiguos anhelos de Atarfe; la creaci\u00f3n de un colegio de Segunda Ense\u00f1anza, que ser\u00e1 realizado por el Ayuntamiento con la ayuda del Ministerio de Educaci\u00f3n y Ciencia, para lo cual en el mes de Septiembre del a\u00f1o actual se han adquirido los solares por un importe de 512.700 pesetas.<\/span><\/li>\n<li><span style=\"font-family: book antiqua, palatino, serif;\">En este Colegio de Segunda Ense\u00f1anza, junto a los edificos propios, existir\u00e1 un campo escolar de Deportes, que comprender\u00e1 numerosos servicios, para la pr\u00e1ctica por los escolares de deportes en todas sus clases.<\/span><\/li>\n<li><span style=\"font-family: book antiqua, palatino, serif;\"><i>Parque P\u00fablico:<\/i> Tambi\u00e9n para cumplir este servicio y facilitar un lugar de expansi\u00f3n para la infancia, existe en el Paseo de Santa Ana y el parque p\u00fablico junto a la Ermita, que se viene conservando por el Ayuntamiento anualmente para que est\u00e9 siempre en debidas condiciones de seguridad, salubridad y ornato.<\/span><\/li>\n<\/ul>\n<p style=\"text-align: justify;\"><span style=\"font-family: book antiqua, palatino, serif;\">Todo lo anteriormente expuesto ha sido en breve s\u00edntesis la actuaci\u00f3n del Ayuntamiento de Atarfe en el a\u00f1o de 1966, para embellecer y mejorar a su pueblo. En esta labor, llevada con grandes esfuerzos y sacrifificios, como se puede deducir de los datos expuestos, se han obtenido ya importantes realizaciones que son admiradas por propios y extra\u00f1os, y por ello el Ayuntamiento de Atarfe est\u00e1 contento con la labor realizada. Pero como ha dicho nuestro caudillo, en el discurso de presentaci\u00f3n a las Cortes de la Ley Org\u00e1nica del Estado, queda mucho a\u00fan por hacer.<\/span><\/p>\n<p style=\"text-align: justify;\"><span style=\"font-family: book antiqua, palatino, serif;\">Hay que tener en cuenta que Atarfe, que como hemos dicho constituye por su situaci\u00f3n geogr\u00e1fica el centro del pol\u00edgono industrial de Granada, que est\u00e1 llamado a ser uno de los pueblos de m\u00e1s brillante porvenir de la provincia, tiene que completar y mejorar todos sus servicios, muy principalmente lo que se refiere a viviendas, centros de ense\u00f1anza, aguas potables, saneamiento, etc, al objeto de que puedan instalarse decorosamente las nuevas industrias que hoy ya est\u00e1n tratando de instalarse en este lugar estrat\u00e9gico.<\/span><\/p>\n<p style=\"text-align: justify;\"><span style=\"font-family: book antiqua, palatino, serif;\">Por todo ello, Atarfe tiene que seguir trabajando y luchando, junto a los organismos provinciales, para hacer que estos servicios contin\u00faen mejor\u00e1ndose para que con los hoy existentes vea acrecentado en la medida de sus posibilidades y con la ayuda precisa, el bienestar de sus hijos y de todos los granadinos que, en defifinitiva, ser\u00e1 por el bienestar de todos los espa\u00f1oles. <\/span><\/p>\n<p style=\"text-align: justify;\"><span style=\"font-family: book antiqua, palatino, serif;\">Como punto final de esta memoria, que el Ayuntamiento de Atarfe pueblo adoptado por el caudillo, quiere destinar y dedicar al art\u00edfifice de esa paz maravillosa que disfruta nuestra patria, el caudillo de Espa\u00f1a, estima que todos estos desvelos y los de la poblaci\u00f3n e industriales de Atarfe, son dignos de ser expuestos y tenidos en cuenta como una aportaci\u00f3n m\u00e1s del pueblo para el fomento y riqueza de Granada y desarrollo y buen nombre de la naci\u00f3n.<\/span><\/p>\n<p><a href=\"https:\/\/i0.wp.com\/miradordeatarfe.es\/wp-content\/uploads\/2020\/05\/IMG_20200523_134928-1.jpg?ssl=1\"><img data-recalc-dims=\"1\" loading=\"lazy\" decoding=\"async\" class=\"alignnone wp-image-40028 size-full\" src=\"https:\/\/i0.wp.com\/miradordeatarfe.es\/wp-content\/uploads\/2020\/05\/IMG_20200523_134928-1.jpg?resize=640%2C944&#038;ssl=1\" alt=\"\" width=\"640\" height=\"944\" srcset=\"https:\/\/i0.wp.com\/miradordeatarfe.es\/wp-content\/uploads\/2020\/05\/IMG_20200523_134928-1.jpg?w=1646&amp;ssl=1 1646w, https:\/\/i0.wp.com\/miradordeatarfe.es\/wp-content\/uploads\/2020\/05\/IMG_20200523_134928-1.jpg?resize=203%2C300&amp;ssl=1 203w, https:\/\/i0.wp.com\/miradordeatarfe.es\/wp-content\/uploads\/2020\/05\/IMG_20200523_134928-1.jpg?resize=694%2C1024&amp;ssl=1 694w, https:\/\/i0.wp.com\/miradordeatarfe.es\/wp-content\/uploads\/2020\/05\/IMG_20200523_134928-1.jpg?resize=768%2C1133&amp;ssl=1 768w, https:\/\/i0.wp.com\/miradordeatarfe.es\/wp-content\/uploads\/2020\/05\/IMG_20200523_134928-1.jpg?resize=600%2C885&amp;ssl=1 600w, https:\/\/i0.wp.com\/miradordeatarfe.es\/wp-content\/uploads\/2020\/05\/IMG_20200523_134928-1.jpg?resize=1041%2C1536&amp;ssl=1 1041w, https:\/\/i0.wp.com\/miradordeatarfe.es\/wp-content\/uploads\/2020\/05\/IMG_20200523_134928-1.jpg?resize=1388%2C2048&amp;ssl=1 1388w, https:\/\/i0.wp.com\/miradordeatarfe.es\/wp-content\/uploads\/2020\/05\/IMG_20200523_134928-1.jpg?resize=1320%2C1947&amp;ssl=1 1320w\" sizes=\"auto, (max-width: 640px) 100vw, 640px\" \/><\/a><\/p>\n<h3 style=\"text-align: justify;\"><span style=\"font-family: book antiqua, palatino, serif;\"><i>Memoria presentada para optar a los <\/i><i>Premios Nacionales de Turismo (a\u00f1o 1968) <\/i><\/span><\/h3>\n<p style=\"text-align: justify;\"><span style=\"font-family: book antiqua, palatino, serif;\"><i>Antecedentes:<\/i> El 27 de junio de 1966 se solicitaba de la Jefatura Provincial del Movimiento de Granada, ser admitido para el II Concurso de Embellecimiento de los pueblos de esta provincia de Granada. A este efecto se enviaba instancia, cuya copia se acompa\u00f1a, en la que se reproduce la memoria que entonces se redact\u00f3. El 17 de Agosto de 1966, por comunicado n\u00ba 849, la Jefatura Provincial del Movimiento acusaba el correspondiente recibo de la documentaci\u00f3n enviada y manisfestaba haber quedado incluido o inscrito en el II Concurso, cual se solicitaba. <\/span><\/p>\n<p style=\"text-align: justify;\"><span style=\"font-family: book antiqua, palatino, serif;\">Posteriormente la Jefatura Provincial del Movimiento, seg\u00fan fotocopia de t\u00edtulo que unimos a la presente, en atenci\u00f3n a los m\u00e9ritos que concurr\u00edan en nuestro municipio de Atarfe, y en recompensa al esfuerzo comunitario realizado, manifestaba que el jurado califificador, presidido por su autoridad, hab\u00eda tenido a bien conceder el Primer Premio del II Concurso Provincial de Embellecimiento de Pueblos. Este documento, como puede apreciarse por la fotocopia de referencia est\u00e1 sellado y signado en Granada en Noviembre de 1967, por el entonces Gobernador Civil y Jefe Provincial del Movimiento, D. Antonio Luis Soler Bans.<\/span><\/p>\n<p style=\"text-align: justify;\"><span style=\"font-family: book antiqua, palatino, serif;\"><i>Festividad del D\u00eda de la Provincia:<\/i> Por proveido del Gobierno Civil, se se\u00f1alo la entrega de los premios correspondientes, en el pueblo de Atarfe, por la circunstancia de estar enclavado en el coraz\u00f3n de una bella vega, que dista de Granada, unos 8 kil\u00f3metros.<\/span><\/p>\n<p style=\"text-align: justify;\"><span style=\"font-family: book antiqua, palatino, serif;\">A \u00e9l concurrieron todos los pueblos de la provincia, con sus autoridades provinciales y locales a la cabeza,celebr\u00e1ndose con gran solemnidad y entusiasmo, el Primer D\u00eda de la Provincia con varias inauguraciones.<\/span><\/p>\n<p style=\"text-align: justify;\"><span style=\"font-family: book antiqua, palatino, serif;\"><i>Resumen de las Obras: <\/i>Ya expuestos los antecedentes en su mayor parte en la copia de la memoria enviada, y por la que oportunemente se conced\u00eda el Primer Premio de la Provincia a nuestro Municipio de Atarfe, no estimamos conveniente el extendernos, y por ello, habida cuenta las obras, mejoras y servicios que con abnegaci\u00f3n y sacrificio, y con una importante colaboraci\u00f3n de todo elvecindario que componen la comunidad atarfe\u00f1a, se ha llevado a cabo, nos atrevemos a asegurar que el nombre de Atarfe suena mucho en esta provincia, e incluso en toda Espa\u00f1a, por las obras que se han realizado, por su bello emplazamiento, por su limpieza y por su porvenir, ya que la labor iniciada no ha sido terminada y no cesaremos hasta que Atarfe quede convertido en un jal\u00f3n o en un municipio modelo. <\/span><\/p>\n<p><a href=\"https:\/\/i0.wp.com\/miradordeatarfe.es\/wp-content\/uploads\/2020\/05\/IMG_20200523_140742-scaled.jpg?ssl=1\"><img data-recalc-dims=\"1\" loading=\"lazy\" decoding=\"async\" class=\"alignnone wp-image-40029 size-full\" src=\"https:\/\/i0.wp.com\/miradordeatarfe.es\/wp-content\/uploads\/2020\/05\/IMG_20200523_140742-scaled.jpg?resize=640%2C491&#038;ssl=1\" alt=\"\" width=\"640\" height=\"491\" srcset=\"https:\/\/i0.wp.com\/miradordeatarfe.es\/wp-content\/uploads\/2020\/05\/IMG_20200523_140742-scaled.jpg?w=2560&amp;ssl=1 2560w, https:\/\/i0.wp.com\/miradordeatarfe.es\/wp-content\/uploads\/2020\/05\/IMG_20200523_140742-scaled.jpg?resize=300%2C230&amp;ssl=1 300w, https:\/\/i0.wp.com\/miradordeatarfe.es\/wp-content\/uploads\/2020\/05\/IMG_20200523_140742-scaled.jpg?resize=1024%2C786&amp;ssl=1 1024w, https:\/\/i0.wp.com\/miradordeatarfe.es\/wp-content\/uploads\/2020\/05\/IMG_20200523_140742-scaled.jpg?resize=768%2C589&amp;ssl=1 768w, https:\/\/i0.wp.com\/miradordeatarfe.es\/wp-content\/uploads\/2020\/05\/IMG_20200523_140742-scaled.jpg?resize=600%2C460&amp;ssl=1 600w, https:\/\/i0.wp.com\/miradordeatarfe.es\/wp-content\/uploads\/2020\/05\/IMG_20200523_140742-scaled.jpg?resize=1536%2C1179&amp;ssl=1 1536w, https:\/\/i0.wp.com\/miradordeatarfe.es\/wp-content\/uploads\/2020\/05\/IMG_20200523_140742-scaled.jpg?resize=2048%2C1571&amp;ssl=1 2048w, https:\/\/i0.wp.com\/miradordeatarfe.es\/wp-content\/uploads\/2020\/05\/IMG_20200523_140742-scaled.jpg?resize=1320%2C1013&amp;ssl=1 1320w, https:\/\/i0.wp.com\/miradordeatarfe.es\/wp-content\/uploads\/2020\/05\/IMG_20200523_140742-scaled.jpg?w=1920&amp;ssl=1 1920w\" sizes=\"auto, (max-width: 640px) 100vw, 640px\" \/><\/a><\/p>\n<p style=\"text-align: justify;\"><span style=\"font-family: book antiqua, palatino, serif;\">Las obras principales, pues, son las siguientes: viviendas, alumbrado p\u00fablico, aguas potables, electrificaci\u00f3n de las mismas, ampliaci\u00f3n del mercado de abastos, pavimientaci\u00f3n de varias calles, construcci\u00f3n del matadero, ampliaci\u00f3n del cementerio, grupo escolar Dr. Jim\u00e9nez Rueda, Jardines, Colegio Libre adoptado, grupo de casas Santa Adela, implantaci\u00f3n del servicio de tr\u00e1fico, ensanche de la calle Miguel Aguilar,prolongaci\u00f3n y pavimentaci\u00f3n del camino La Ceda, alumbrado de la Avenida de la Estaci\u00f3n, implantaci\u00f3n del servicio de recogida de basuras,\u00a0 alcantarillado de varias calles, instalaci\u00f3n de papeleras en la v\u00eda p\u00fablica, alumbrado del Barrio San Nicol\u00e1s, alumbrado de La Lasta, pavimentaci\u00f3n de la plaza de Jos\u00e9 Antonio, construcci\u00f3n de comedores escolares, reforma de la Casa-Ayuntamiento, distribuci\u00f3n a domicilio de aguas potables y otras m\u00e1s.<\/span><\/p>\n<p style=\"text-align: justify;\"><span style=\"font-family: book antiqua, palatino, serif;\">Todo hubo que hacerlo con vertiginosidad y marcada urgencia, al tratarse de obras, mejoras y servicios que se intentaban establecer en bien del Municipio, por lo que, en muchos casos, se hicieron por administraci\u00f3n directa, sin esperar a grandes estudios o proyectos, subastas, etc., cual exig\u00eda la rapidez de su momento y oportunidad del caso.<\/span><\/p>\n<p style=\"text-align: justify;\"><span style=\"font-family: book antiqua, palatino, serif;\">Por lo expuesto, y ya acompa\u00f1ado el detalle correspondiente de la repetida memoria que en su d\u00eda se enviaba a la Jefatura Provincial del Movimiento, ponemos a consideraci\u00f3n del Ilmo. Sr. Director General de Promoci\u00f3n del Turismo, todos los antecedentes que constan en este expediente, rogando haya por causadas estas manifestaciones y tenga por presentada la documentaci\u00f3n pertinente, y se nos adjudique el premio de 250.000 pesetas a que hace referencia la disposici\u00f3n ofificial u Orden dictada y que se publica en el Boletin Ofificial del Estado n\u00ba 17, de 19 de Enero de 1968. <\/span><\/p>\n<p style=\"text-align: justify;\"><span style=\"font-family: book antiqua, palatino, serif;\">Atarfe para Madrid a ventidos de abril de mil novecientos sesenta y ocho.<\/span><\/p>\n<p style=\"text-align: justify;\"><span style=\"font-family: book antiqua, palatino, serif;\"> Firmado el Alcalde y el Secretario.<\/span><\/p>\n<p><a href=\"https:\/\/i0.wp.com\/miradordeatarfe.es\/wp-content\/uploads\/2020\/05\/IMG_20200523_141653-scaled.jpg?ssl=1\"><img data-recalc-dims=\"1\" loading=\"lazy\" decoding=\"async\" class=\"alignnone wp-image-40030 size-full\" src=\"https:\/\/i0.wp.com\/miradordeatarfe.es\/wp-content\/uploads\/2020\/05\/IMG_20200523_141653-scaled.jpg?resize=640%2C861&#038;ssl=1\" alt=\"\" width=\"640\" height=\"861\" srcset=\"https:\/\/i0.wp.com\/miradordeatarfe.es\/wp-content\/uploads\/2020\/05\/IMG_20200523_141653-scaled.jpg?w=1904&amp;ssl=1 1904w, https:\/\/i0.wp.com\/miradordeatarfe.es\/wp-content\/uploads\/2020\/05\/IMG_20200523_141653-scaled.jpg?resize=223%2C300&amp;ssl=1 223w, https:\/\/i0.wp.com\/miradordeatarfe.es\/wp-content\/uploads\/2020\/05\/IMG_20200523_141653-scaled.jpg?resize=761%2C1024&amp;ssl=1 761w, https:\/\/i0.wp.com\/miradordeatarfe.es\/wp-content\/uploads\/2020\/05\/IMG_20200523_141653-scaled.jpg?resize=768%2C1033&amp;ssl=1 768w, https:\/\/i0.wp.com\/miradordeatarfe.es\/wp-content\/uploads\/2020\/05\/IMG_20200523_141653-scaled.jpg?resize=600%2C807&amp;ssl=1 600w, https:\/\/i0.wp.com\/miradordeatarfe.es\/wp-content\/uploads\/2020\/05\/IMG_20200523_141653-scaled.jpg?resize=1142%2C1536&amp;ssl=1 1142w, https:\/\/i0.wp.com\/miradordeatarfe.es\/wp-content\/uploads\/2020\/05\/IMG_20200523_141653-scaled.jpg?resize=1523%2C2048&amp;ssl=1 1523w, https:\/\/i0.wp.com\/miradordeatarfe.es\/wp-content\/uploads\/2020\/05\/IMG_20200523_141653-scaled.jpg?resize=1320%2C1775&amp;ssl=1 1320w\" sizes=\"auto, (max-width: 640px) 100vw, 640px\" \/><\/a><\/p>\n<p>&nbsp;<\/p>\n<p><strong>PUBLICADO EN ATARFE EN EL PAPEL paginas 119 a 125 ( 2007)<\/strong><\/p>\n<p>&nbsp;<\/p>\n","protected":false},"excerpt":{"rendered":"<p>El Bolet\u00edn Ofificial del Estado n\u00famero 17 de 19 de Enero de 1968 insertaba en&#8230;<\/p>\n","protected":false},"author":1,"featured_media":40025,"comment_status":"closed","ping_status":"closed","sticky":false,"template":"","format":"standard","meta":{"_coblocks_attr":"","_coblocks_dimensions":"","_coblocks_responsive_height":"","_coblocks_accordion_ie_support":"","jetpack_post_was_ever_published":false,"_jetpack_newsletter_access":"","_jetpack_dont_email_post_to_subs":false,"_jetpack_newsletter_tier_id":0,"_jetpack_memberships_contains_paywalled_content":false,"_jetpack_memberships_contains_paid_content":false,"footnotes":"","jetpack_publicize_message":"","jetpack_publicize_feature_enabled":true,"jetpack_social_post_already_shared":false,"jetpack_social_options":{"image_generator_settings":{"template":"highway","default_image_id":0,"enabled":false},"version":2}},"categories":[2,12,2949,1225,38,6926,44,15],"tags":[81,7358,7359],"class_list":["post-40024","post","type-post","status-publish","format-standard","has-post-thumbnail","hentry","category-atarfe","category-cultura","category-opinion-de-fuencisla-moreno","category-ha-de-atarfe","category-opinion-de-jose-enrique-granados","category-mirador-de-atarfe-en-papel","category-noticias-de-hoy","category-ultimas-noticias","tag-atarfe","tag-dia-de-la-provincia","tag-premio-nacional-de-turismo"],"jetpack_publicize_connections":[],"jetpack_featured_media_url":"https:\/\/i0.wp.com\/miradordeatarfe.es\/wp-content\/uploads\/2020\/05\/IMG_20200523_134910-scaled.jpg?fit=2560%2C1062&ssl=1","jetpack_likes_enabled":true,"jetpack_sharing_enabled":true,"_links":{"self":[{"href":"https:\/\/miradordeatarfe.es\/index.php?rest_route=\/wp\/v2\/posts\/40024","targetHints":{"allow":["GET"]}}],"collection":[{"href":"https:\/\/miradordeatarfe.es\/index.php?rest_route=\/wp\/v2\/posts"}],"about":[{"href":"https:\/\/miradordeatarfe.es\/index.php?rest_route=\/wp\/v2\/types\/post"}],"author":[{"embeddable":true,"href":"https:\/\/miradordeatarfe.es\/index.php?rest_route=\/wp\/v2\/users\/1"}],"replies":[{"embeddable":true,"href":"https:\/\/miradordeatarfe.es\/index.php?rest_route=%2Fwp%2Fv2%2Fcomments&post=40024"}],"version-history":[{"count":2,"href":"https:\/\/miradordeatarfe.es\/index.php?rest_route=\/wp\/v2\/posts\/40024\/revisions"}],"predecessor-version":[{"id":40032,"href":"https:\/\/miradordeatarfe.es\/index.php?rest_route=\/wp\/v2\/posts\/40024\/revisions\/40032"}],"wp:featuredmedia":[{"embeddable":true,"href":"https:\/\/miradordeatarfe.es\/index.php?rest_route=\/wp\/v2\/media\/40025"}],"wp:attachment":[{"href":"https:\/\/miradordeatarfe.es\/index.php?rest_route=%2Fwp%2Fv2%2Fmedia&parent=40024"}],"wp:term":[{"taxonomy":"category","embeddable":true,"href":"https:\/\/miradordeatarfe.es\/index.php?rest_route=%2Fwp%2Fv2%2Fcategories&post=40024"},{"taxonomy":"post_tag","embeddable":true,"href":"https:\/\/miradordeatarfe.es\/index.php?rest_route=%2Fwp%2Fv2%2Ftags&post=40024"}],"curies":[{"name":"wp","href":"https:\/\/api.w.org\/{rel}","templated":true}]}}