{"id":40038,"date":"2020-05-24T11:35:26","date_gmt":"2020-05-24T09:35:26","guid":{"rendered":"http:\/\/miradordeatarfe.es\/?p=40038"},"modified":"2020-05-23T19:10:07","modified_gmt":"2020-05-23T17:10:07","slug":"atarfe-medidas-de-reactivacion-economica-y-social-de-atarfe-con-motivo-de-la-crisis-sanitaria-covid-19","status":"publish","type":"post","link":"https:\/\/miradordeatarfe.es\/?p=40038","title":{"rendered":"ATARFE: MEDIDAS DE REACTIVACI\u00d3N ECON\u00d3MICA Y SOCIAL DE ATARFE CON MOTIVO DE LA CRISIS SANITARIA COVID-19"},"content":{"rendered":"<div id=\":dk\" class=\"a3s aXjCH \">\n<div dir=\"auto\">\n<h3 dir=\"auto\" style=\"text-align: justify;\">Tras las \u00faltimas sesiones de trabajo y fruto del consenso y las aportaciones de tod@s , en la medida de las competencias de este Ayuntamiento, se ha llegado a un acuerdo con el objetivo com\u00fan de paliar la situaci\u00f3n en la que quedan muchos Atarfe\u00f1os y Atarfe\u00f1as<\/h3>\n<div dir=\"auto\" style=\"text-align: justify;\">\u00a0<\/div>\n<div dir=\"auto\" style=\"text-align: justify;\">Conscientes de la nueva situaci\u00f3n socio-econ\u00f3mica en nuestro pueblo derivada de la Crisis Sanitaria del Covid-19, los Grupos Pol\u00edticos que forman la Corporaci\u00f3n Municipal han constituido la Mesa para la Reactivaci\u00f3n Econ\u00f3mica y Social de Atarfe. Tras las \u00faltimas sesiones de trabajo y fruto del consenso y las aportaciones de tod@s con el objetivo com\u00fan de paliar, en la medida de las competencias de este Ayuntamiento, la situaci\u00f3n en la que quedan muchos Atarfe\u00f1os y Atarfe\u00f1as tras el azote de esta pandemia mundial, se han acordado las siguientes medidas iniciales:\u00a0<\/div>\n<div dir=\"auto\" style=\"text-align: justify;\">\u00a0<\/div>\n<div dir=\"auto\" style=\"text-align: justify;\"><em>&#8211; Suspensi\u00f3n de la Tasa de Basura para los Comercios peque\u00f1os y negocios de hosteler\u00eda y restauraci\u00f3n que se han visto afectados por el cierre de los negocios consecuencia del Decreto del Estado de Alarma del pasado 14 de Marzo de 2020.<\/em><\/div>\n<div dir=\"auto\">\u00a0<\/div>\n<div dir=\"auto\" style=\"text-align: justify;\"><em>&#8211; Suspensi\u00f3n de la Tasa de ocupaci\u00f3n del suelo desde el d\u00eda 14 de Marzo hasta 31 de Diciembre de 2020 de los negocios de Hosteler\u00eda y Restauraci\u00f3n y del Mercado de Venta Ambulante.\u00a0<\/em><\/div>\n<div dir=\"auto\">\u00a0<\/div>\n<div dir=\"auto\" style=\"text-align: justify;\"><em>&#8211; Aumento de la partida de Urgencia Social para atenci\u00f3n a las necesidades alimentarias derivadas de situaciones de emergencia social por el Decreto de Estado de Alarma as\u00ed como para favorecer contrataciones en este \u00e1mbito.\u00a0<\/em><\/div>\n<div dir=\"auto\">\u00a0<\/div>\n<div dir=\"auto\" style=\"text-align: justify;\"><em>&#8211; Generaci\u00f3n de\u00a0 proyectos\u00a0 de limpieza, pintura etc.\u2026 que permitan contratar r\u00e1pidamente a los m\u00e1s afectados por esta crisis. Proyectos para los vecinos y vecinas de Atarfe<\/em><\/div>\n<div dir=\"auto\">\u00a0<\/div>\n<div dir=\"auto\" style=\"text-align: justify;\"><em>&#8211; Desarrollo de programas espec\u00edficos que promuevan la contrataci\u00f3n de personas en situaci\u00f3n de desempleo.<\/em><\/div>\n<div dir=\"auto\">\u00a0<\/div>\n<div dir=\"auto\" style=\"text-align: justify;\"><em>&#8211; Apoyo mediantes diferentes actuaciones de la dinamizaci\u00f3n del comercio y tejido empresarial de Atarfe.<\/em><\/div>\n<div dir=\"auto\">\u00a0<\/div>\n<div dir=\"auto\" style=\"text-align: justify;\"><em>&#8211; Puesta en marcha de las inversiones que provoquen la contrataci\u00f3n de obras y servicios que promuevan la dinamizaci\u00f3n econ\u00f3mica y creaci\u00f3n de empleo.<\/em><\/div>\n<div dir=\"auto\">\u00a0<\/div>\n<div dir=\"auto\" style=\"text-align: justify;\"><em>&#8211; Creaci\u00f3n de subvenciones en r\u00e9gimen de concurrencia no competitiva para paliar las inversiones realizadas por las empresas m\u00e1s vulnerables y que se han visto afectadas por el cierre de la actividad por motivo de la pandemia y el consiguiente Decreto de Estado de Alarma.<\/em><\/div>\n<div dir=\"auto\" style=\"text-align: justify;\"><em>\u00a0<\/em><\/div>\n<div dir=\"auto\" style=\"text-align: justify;\"><em>&#8211; Apuesta por la protecci\u00f3n de la infancia a trav\u00e9s de un programa espec\u00edfico de atenci\u00f3n a la misma.\u00a0<\/em><\/div>\n<div dir=\"auto\">\u00a0<\/div>\n<div dir=\"auto\" style=\"text-align: justify;\"><em>&#8211; Continuaci\u00f3n de las medidas de apoyo a personas que se encuentran en situaci\u00f3n de soledad.<\/em><\/div>\n<div dir=\"auto\" style=\"text-align: justify;\"><em>&#8211; Refuerzo de la Atenci\u00f3n a domicilio y Servicios Sociales.\u00a0<\/em><\/div>\n<div dir=\"auto\">\u00a0<\/div>\n<div dir=\"auto\" style=\"text-align: justify;\"><em>&#8211; Continuaci\u00f3n de los trabajos de desinfecci\u00f3n y limpieza del municipio.\u00a0<\/em><\/div>\n<div dir=\"auto\">\u00a0<\/div>\n<div dir=\"auto\" style=\"text-align: justify;\"><em>&#8211; Apoyo a las familias que necesitan conciliar la vida familiar y laboral mediante servicio de atenci\u00f3n a los menores a trav\u00e9s de actividades deportivas, educativas, etc.<\/em><\/div>\n<div dir=\"auto\">\u00a0<\/div>\n<div dir=\"auto\" style=\"text-align: justify;\"><em>&#8211; Modificaci\u00f3n ordenanza para exenci\u00f3n del pago de Impuesto de veh\u00edculos registrados como veh\u00edculos de empresa en los casos en que se han visto obligados a la suspensi\u00f3n de la actividad econ\u00f3mica por motivo del COVID-19.<\/em><\/div>\n<div dir=\"auto\">\u00a0<\/div>\n<div dir=\"auto\" style=\"text-align: justify;\"><em>&#8211; Modificaci\u00f3n de la Tasa de basura municipal para la creaci\u00f3n de un intervalo dirigido a Tasa de Basura comercial.\u00a0<\/em><\/div>\n<div dir=\"auto\">\u00a0<\/div>\n<div dir=\"auto\" style=\"text-align: justify;\"><em>&#8211; Modificaci\u00f3n de ordenanza reguladora de las licencias de apertura de Construcciones especiales.\u00a0<\/em><\/div>\n<div dir=\"auto\">\u00a0<\/div>\n<div dir=\"auto\" style=\"text-align: justify;\"><em>&#8211; Refuerzo en la aplicaci\u00f3n de medidas espec\u00edficas para atenci\u00f3n a v\u00edctimas de Violencia de G\u00e9nero.<\/em><\/div>\n<div dir=\"auto\">\u00a0<\/div>\n<div dir=\"auto\" style=\"text-align: justify;\"><em>&#8211; Solicitud a las Instancias competentes en materia sanitaria de \u201cAtarfe, municipio preferente en realizaci\u00f3n de test para prevenci\u00f3n ante la COVD-19\u201d<\/em><\/div>\n<div dir=\"auto\">\u00a0<\/div>\n<div dir=\"auto\" style=\"text-align: justify;\"><em>&#8211; Refuerzo de la Polic\u00eda Local para los Planes de desescalada en las diferentes fases.\u00a0<\/em><\/div>\n<div dir=\"auto\">\u00a0<\/div>\n<div dir=\"auto\" style=\"text-align: justify;\"><em>&#8211; Elaboraci\u00f3n de un Plan de Desarrollo Local que contemple un pueblo sostenible, aumente la mejora de la movilidad y contenga medidas de protecci\u00f3n medioambiental compatibles con un Desarrollo Sostenible.\u00a0<\/em><\/div>\n<div dir=\"auto\">\u00a0<\/div>\n<div dir=\"auto\" style=\"text-align: justify;\"><em>&#8211; Continuaci\u00f3n con el Plan Estrat\u00e9gico de Subvenciones Local.\u00a0<\/em><\/div>\n<\/div>\n<\/div>\n","protected":false},"excerpt":{"rendered":"<p>Tras las \u00faltimas sesiones de trabajo y fruto del consenso y las aportaciones de tod@s&#8230;<\/p>\n","protected":false},"author":1,"featured_media":40039,"comment_status":"closed","ping_status":"closed","sticky":false,"template":"","format":"standard","meta":{"_coblocks_attr":"","_coblocks_dimensions":"","_coblocks_responsive_height":"","_coblocks_accordion_ie_support":"","jetpack_post_was_ever_published":false,"_jetpack_newsletter_access":"","_jetpack_dont_email_post_to_subs":false,"_jetpack_newsletter_tier_id":0,"_jetpack_memberships_contains_paywalled_content":false,"_jetpack_memberships_contains_paid_content":false,"footnotes":"","jetpack_publicize_message":"","jetpack_publicize_feature_enabled":true,"jetpack_social_post_already_shared":false,"jetpack_social_options":{"image_generator_settings":{"template":"highway","default_image_id":0,"enabled":false},"version":2}},"categories":[2,6916,7149,186,44,15],"tags":[4293,7021,65,7360,1813],"class_list":["post-40038","post","type-post","status-publish","format-standard","has-post-thumbnail","hentry","category-atarfe","category-ayuntamiento-de-atarfe","category-coronavirus","category-instituciones","category-noticias-de-hoy","category-ultimas-noticias","tag-ayuntamiento-de-atarfe","tag-coronavirus","tag-economia","tag-medidas-de-recuperacion","tag-servicios-sociales"],"jetpack_publicize_connections":[],"jetpack_featured_media_url":"https:\/\/i0.wp.com\/miradordeatarfe.es\/wp-content\/uploads\/2020\/05\/economia.jpg?fit=550%2C309&ssl=1","jetpack_likes_enabled":true,"jetpack_sharing_enabled":true,"_links":{"self":[{"href":"https:\/\/miradordeatarfe.es\/index.php?rest_route=\/wp\/v2\/posts\/40038","targetHints":{"allow":["GET"]}}],"collection":[{"href":"https:\/\/miradordeatarfe.es\/index.php?rest_route=\/wp\/v2\/posts"}],"about":[{"href":"https:\/\/miradordeatarfe.es\/index.php?rest_route=\/wp\/v2\/types\/post"}],"author":[{"embeddable":true,"href":"https:\/\/miradordeatarfe.es\/index.php?rest_route=\/wp\/v2\/users\/1"}],"replies":[{"embeddable":true,"href":"https:\/\/miradordeatarfe.es\/index.php?rest_route=%2Fwp%2Fv2%2Fcomments&post=40038"}],"version-history":[{"count":2,"href":"https:\/\/miradordeatarfe.es\/index.php?rest_route=\/wp\/v2\/posts\/40038\/revisions"}],"predecessor-version":[{"id":40041,"href":"https:\/\/miradordeatarfe.es\/index.php?rest_route=\/wp\/v2\/posts\/40038\/revisions\/40041"}],"wp:featuredmedia":[{"embeddable":true,"href":"https:\/\/miradordeatarfe.es\/index.php?rest_route=\/wp\/v2\/media\/40039"}],"wp:attachment":[{"href":"https:\/\/miradordeatarfe.es\/index.php?rest_route=%2Fwp%2Fv2%2Fmedia&parent=40038"}],"wp:term":[{"taxonomy":"category","embeddable":true,"href":"https:\/\/miradordeatarfe.es\/index.php?rest_route=%2Fwp%2Fv2%2Fcategories&post=40038"},{"taxonomy":"post_tag","embeddable":true,"href":"https:\/\/miradordeatarfe.es\/index.php?rest_route=%2Fwp%2Fv2%2Ftags&post=40038"}],"curies":[{"name":"wp","href":"https:\/\/api.w.org\/{rel}","templated":true}]}}