{"id":40054,"date":"2020-05-25T10:25:32","date_gmt":"2020-05-25T08:25:32","guid":{"rendered":"http:\/\/miradordeatarfe.es\/?p=40054"},"modified":"2020-05-24T12:28:29","modified_gmt":"2020-05-24T10:28:29","slug":"el-opportunity-cdu-atarfe-de-voleibol-femenino-concreta-su-derecho-al-ascenso-a-superliga-2","status":"publish","type":"post","link":"https:\/\/miradordeatarfe.es\/?p=40054","title":{"rendered":"El Opportunity CDU Atarfe de voleibol femenino concreta su derecho al ascenso a Superliga 2"},"content":{"rendered":"<h3 style=\"text-align: justify;\"><strong>Las j\u00f3venes atarfe\u00f1as que debutaban en categor\u00eda nacional, conquistan un nuevo pelda\u00f1o y podr\u00e1n devolver a la provincia granadina a la \u00e9lite de este deporte <\/strong><\/h3>\n<p style=\"text-align: justify;\">Determinaci\u00f3n de los clubes con derecho a participar en las competiciones estatales de la temporada 2020-2021.<\/p>\n<p style=\"text-align: justify;\">Como es sabido, debido a la propagaci\u00f3n de la pandemia de la COVID-19, la Real Federaci\u00f3n Espa\u00f1ola de Voleibol aplaz\u00f3 los partidos de sus competiciones de \u00e1mbito estatal (Superligas, Superligas-2 y Primera Divisi\u00f3n) hasta el d\u00eda 4 de abril.<\/p>\n<p style=\"text-align: justify;\">No obstante, y antes de que venciera dicho plazo, en el caso de las competiciones de Superligas y Superligas-2, masculinas y femeninas, estas cuatro competiciones se dieron por finalizadas previamente, en el mes de marzo, por acuerdos entre la RFEVB y los propios Clubes, decisiones que posteriormente fueron ratificadas por la Comisi\u00f3n Delegada de la RFEVB. Dichos acuerdos establec\u00edan que se pospon\u00eda la definici\u00f3n de las cuestiones t\u00e9cnicas y colaterales que pudieran surgir como consecuencia de los mismos (ascensos, descensos, clasificaci\u00f3n, otros efectos posibles, etc.) para que fueran resueltas por el \u00f3rgano competente de la RFEVB en el momento adecuado.<\/p>\n<p style=\"text-align: justify;\">En el caso de las Ligas de Primera Divisi\u00f3n, despu\u00e9s de la fecha citada del d\u00eda 4 de abril,\u00a0 los partidos siguieron aplazados\u00a0<em>sine die<\/em>, debido a la prohibici\u00f3n del Gobierno de la Naci\u00f3n de celebrar partidos de cualquier deporte. Finalmente, la Comisi\u00f3n Delegada de le RFEVB dio por finalizadas las Ligas de Primera Divisi\u00f3n en su reuni\u00f3n del d\u00eda 13 de mayo de 2020, posponiendo tambi\u00e9n la definici\u00f3n de las cuestiones t\u00e9cnicas y colaterales que pudieran surgir como consecuencia de esta decisi\u00f3n (ascensos, descensos, clasificaci\u00f3n, otros efectos posibles, etc.) para que fueran resueltas por la Comisi\u00f3n Delegada de la RFEVB en el momento adecuado.<\/p>\n<p style=\"text-align: justify;\">Por otra parte, en la Resoluci\u00f3n de la Presidenta del Consejo Superior de Deportes relativa a las competiciones deportivas oficiales no profesionales de la temporada 2019\/20, dentro de las recomendaciones que se efect\u00faan a las Federaciones Deportivas Espa\u00f1olas, se establece que ser\u00e1n las Comisiones Delegadas de \u00e9stas las que deber\u00e1n determinar, en el caso de que se hubieran dado por finalizadas, el orden clasificatorio y el r\u00e9gimen de ascensos y\/o descensos para la pr\u00f3xima temporada, especific\u00e1ndose que las decisiones que se adopten en este sentido deber\u00e1n atender a criterios de objetividad, integridad, justicia deportiva y resultados competitivos.<\/p>\n<p style=\"text-align: justify;\">Debe tenerse en cuenta que las regulaciones de la RFEVB no recogen ning\u00fan supuesto en que una competici\u00f3n pueda darse por finalizada sin haberse disputado en su totalidad por causa de fuerza mayor, como es el caso que nos ocupa, por lo que no est\u00e1 definido ning\u00fan procedimiento para establecer \u00f3rdenes clasificatorios o r\u00e9gimen de ascensos y descensos. De ah\u00ed, la importancia de seguir estrictamente las recomendaciones que la Presidenta del Consejo Superior de Deportes hace en la Resoluci\u00f3n citada.<\/p>\n<p style=\"text-align: justify;\">A los efectos de dar cumplimiento a la mencionada Resoluci\u00f3n de la Presidenta del Consejo Superior de Deportes, y teniendo en consideraci\u00f3n las limitaciones reglamentarias expresadas en el p\u00e1rrafo anterior, la RFEVB ha presentado a la consideraci\u00f3n de su Comisi\u00f3n Delegada diversas propuestas (6), garantiz\u00e1ndose en todos los casos los derechos de ascenso recogidos en Normas de Competici\u00f3n y ampli\u00e1ndose determinados derechos de permanencia o de ascenso de mayor n\u00famero de equipos, en aquellas competiciones en que era m\u00e1s dificultoso determinar los ascensos y descensos y en las que, adem\u00e1s, los clubes integrantes de las mismas mostraban mayoritariamente su opini\u00f3n favorable a esa ampliaci\u00f3n, como ocurre de forma especial en el caso de la Superliga Masculina, en que hab\u00eda una mayor\u00eda de clubes que no mostr\u00f3 objeci\u00f3n significativa a la ampliaci\u00f3n de 12 a 14 equipos en las consultas efectuadas, circunstancia que no se ha producido en el caso de la Superliga Femenina (Liga Iberdrola), en la que 10 de sus 12 equipos mostraron su oposici\u00f3n a pasar de 12 a 14 para la temporada 2020\/21.<\/p>\n<p style=\"text-align: justify;\">Con car\u00e1cter previo a la formulaci\u00f3n de estas propuestas, la RFEVB se ha reunido con la totalidad de los clubes que integran sus competiciones estatales para conocer su opini\u00f3n acerca de las propuestas citadas, que ha ido adaptando, en cada caso, en funci\u00f3n de las caracter\u00edsticas concretas de cada competici\u00f3n expresadas por sus equipos integrantes.<\/p>\n<p style=\"text-align: justify;\">En la formulaci\u00f3n de las propuestas se considera, a efectos de determinar ascensos y descensos, que el \u00fanico criterio objetivo que pude aplicarse es tener en cuenta la puntuaci\u00f3n que cada equipo de las diversas competiciones ten\u00eda en el momento de darse por finalizadas las mismas y que cualquier otro criterio (aplicaci\u00f3n de coeficientes correctores, etc.) estar\u00eda necesariamente sujeto a la contemplaci\u00f3n de suposiciones de resultados de partidos no celebrados y, por tanto, ser\u00eda subjetivo y carente de la debida objetividad que exige la Resoluci\u00f3n de la Presidenta del Consejo Superior de Deportes, antes citada.<\/p>\n<p style=\"text-align: justify;\">Estas propuestas (6) han sido votadas de una en una por categor\u00edas y g\u00e9nero, cada una de ellas de forma independiente respecto de las dem\u00e1s, frente a otras muchas propuestas que han sido presentadas por clubes, federaciones auton\u00f3micas o personas f\u00edsicas vinculadas a la RFEVB, con debates previos en cada una de ellas, por parte de los miembros de la Comisi\u00f3n Delegada.<\/p>\n<p style=\"text-align: justify;\">Tras el resultado de las seis votaciones realizadas, las competiciones de Voleibol de \u00e1mbito estatal de la RFEVB para la temporada 2019\/20, se conformar\u00e1n de la siguiente forma:<\/p>\n<p style=\"text-align: justify;\"><strong>SUPERLIGA MASCULINA<\/strong><\/p>\n<p style=\"text-align: justify;\">Se ha aprobado que no descienda ning\u00fan equipo y que ascienda el primer clasificados de cada grupo de la Superliga 2, seg\u00fan estaba la clasificaci\u00f3n en el momento de darse por finalizada la competici\u00f3n: Bar\u00e7a Voleibol y Rotogal Boiro Voleibol. Total: 14 equipos.<\/p>\n<p style=\"text-align: justify;\"><strong>SUPERLIGA FEMENINA (LIGA IBERDROLA)<\/strong><\/p>\n<p style=\"text-align: justify;\">Se ha aprobado que desciendan los dos \u00faltimos equipos en el momento de darse por finalizada la competici\u00f3n (CV Bar\u00e7a y CV San Cugat) y que ascienda el\u00a0 primer clasificado de cada grupo de la Superliga\u00ad 2, seg\u00fan estaba la clasificaci\u00f3n en el momento de darse por finalizada la competici\u00f3n: Arenal Emev\u00e9 y CV Vall D\u2019Hebr\u00f3n. Total: 12 equipos.<\/p>\n<p style=\"text-align: justify;\"><strong>Superliga 2 Masculina<\/strong><\/p>\n<p style=\"text-align: justify;\">Se ha aprobado que no descienda ning\u00fan equipo y que asciendan\u00a0 aquellos equipos de los 3 grupos de Primera Divisi\u00f3n que ten\u00edan alguna posibilidad de ir a la Fase Final de dicha competici\u00f3n si \u00e9sta no se hubiera interrumpido: CUV Alcorc\u00f3n, Moreno S\u00e1ez Sporting Soria, SAD Recuerdo, Suac San Roque Bat\u00e1n, Cevol Torredembarra, CN Sabadell, CV Muro, CV Valencia y SDVP Sedka Novias.<\/p>\n<p style=\"text-align: justify;\"><strong>SUPERLIGA 2 FEMENINA<\/strong><\/p>\n<p style=\"text-align: justify;\">Se ha aprobado que no descienda ning\u00fan equipo y que asciendan\u00a0aquellos equipos de los 3 grupos de Primera Divisi\u00f3n que ten\u00edan alguna posibilidad de ir a la Fase Final de dicha competici\u00f3n si \u00e9sta no se hubiera interrumpido: CV Sanse, Voleibol Sant Just, Fertiberia Los Campos, CD Heidelberg, DSV CV San Cugat, IBSA CV CCO 7 Palmas, <strong><a href=\"https:\/\/www.granadapolideportiva.es\/opportunity-cdu-atarfe-sigue-con-hambre-de-triunfos-en-primera-division-nacional-femenina\/\" target=\"_blank\" rel=\"noreferrer noopener\">Opportunity CDU Atarfe<\/a><\/strong>, CV Valencia, AVG 2008 y Sonneil Benidorm<strong>.<\/strong><\/p>\n<p style=\"text-align: justify;\"><strong>Primera Divisi\u00f3n Masculina<\/strong><\/p>\n<p style=\"text-align: justify;\">Se ha aprobado que no descienda ning\u00fan equipo y que asciendan directamente 3 equipos de la Segunda Divisi\u00f3n Nacional. El resto de posibles vacantes hasta 36 se completar\u00e1 con posibles renuncias a ascenso a Superliga 2 o con equipos de Segunda Divisi\u00f3n Nacional seg\u00fan el orden de clasificaci\u00f3n en la misma.<\/p>\n<p style=\"text-align: justify;\"><strong>Primera Divisi\u00f3n Femenina<\/strong><\/p>\n<p style=\"text-align: justify;\">Se ha aprobado que no descienda ning\u00fan equipo y que asciendan directamente 3 equipos de la Segunda Divisi\u00f3n Nacional. El resto de posibles vacantes hasta 36 se completar\u00e1 con posibles renuncias a ascenso a Superliga 2 o con equipos de Segunda Divisi\u00f3n Nacional seg\u00fan el orden de clasificaci\u00f3n en la misma.<\/p>\n","protected":false},"excerpt":{"rendered":"<p>Las j\u00f3venes atarfe\u00f1as que debutaban en categor\u00eda nacional, conquistan un nuevo pelda\u00f1o y podr\u00e1n devolver&#8230;<\/p>\n","protected":false},"author":1,"featured_media":40055,"comment_status":"closed","ping_status":"closed","sticky":false,"template":"","format":"standard","meta":{"_coblocks_attr":"","_coblocks_dimensions":"","_coblocks_responsive_height":"","_coblocks_accordion_ie_support":"","jetpack_post_was_ever_published":false,"_jetpack_newsletter_access":"","_jetpack_dont_email_post_to_subs":false,"_jetpack_newsletter_tier_id":0,"_jetpack_memberships_contains_paywalled_content":false,"_jetpack_memberships_contains_paid_content":false,"footnotes":"","jetpack_publicize_message":"","jetpack_publicize_feature_enabled":true,"jetpack_social_post_already_shared":false,"jetpack_social_options":{"image_generator_settings":{"template":"highway","default_image_id":0,"enabled":false},"version":2}},"categories":[2,182,44,15],"tags":[4751,727],"class_list":["post-40054","post","type-post","status-publish","format-standard","has-post-thumbnail","hentry","category-atarfe","category-deportes","category-noticias-de-hoy","category-ultimas-noticias","tag-cdu-atarfe","tag-voleibol"],"jetpack_publicize_connections":[],"jetpack_featured_media_url":"https:\/\/i0.wp.com\/miradordeatarfe.es\/wp-content\/uploads\/2020\/05\/PicsArt_11-10-02.56.47-640x445-1.jpg?fit=640%2C445&ssl=1","jetpack_likes_enabled":true,"jetpack_sharing_enabled":true,"_links":{"self":[{"href":"https:\/\/miradordeatarfe.es\/index.php?rest_route=\/wp\/v2\/posts\/40054","targetHints":{"allow":["GET"]}}],"collection":[{"href":"https:\/\/miradordeatarfe.es\/index.php?rest_route=\/wp\/v2\/posts"}],"about":[{"href":"https:\/\/miradordeatarfe.es\/index.php?rest_route=\/wp\/v2\/types\/post"}],"author":[{"embeddable":true,"href":"https:\/\/miradordeatarfe.es\/index.php?rest_route=\/wp\/v2\/users\/1"}],"replies":[{"embeddable":true,"href":"https:\/\/miradordeatarfe.es\/index.php?rest_route=%2Fwp%2Fv2%2Fcomments&post=40054"}],"version-history":[{"count":1,"href":"https:\/\/miradordeatarfe.es\/index.php?rest_route=\/wp\/v2\/posts\/40054\/revisions"}],"predecessor-version":[{"id":40056,"href":"https:\/\/miradordeatarfe.es\/index.php?rest_route=\/wp\/v2\/posts\/40054\/revisions\/40056"}],"wp:featuredmedia":[{"embeddable":true,"href":"https:\/\/miradordeatarfe.es\/index.php?rest_route=\/wp\/v2\/media\/40055"}],"wp:attachment":[{"href":"https:\/\/miradordeatarfe.es\/index.php?rest_route=%2Fwp%2Fv2%2Fmedia&parent=40054"}],"wp:term":[{"taxonomy":"category","embeddable":true,"href":"https:\/\/miradordeatarfe.es\/index.php?rest_route=%2Fwp%2Fv2%2Fcategories&post=40054"},{"taxonomy":"post_tag","embeddable":true,"href":"https:\/\/miradordeatarfe.es\/index.php?rest_route=%2Fwp%2Fv2%2Ftags&post=40054"}],"curies":[{"name":"wp","href":"https:\/\/api.w.org\/{rel}","templated":true}]}}