{"id":4006,"date":"2015-10-19T07:23:29","date_gmt":"2015-10-19T07:23:29","guid":{"rendered":"http:\/\/miradordeatarfe.es\/?p=4006"},"modified":"2015-10-19T08:33:44","modified_gmt":"2015-10-19T08:33:44","slug":"la-noche-en-blanco-vuelve-a-granada-el-proximo-23-de-octubre","status":"publish","type":"post","link":"https:\/\/miradordeatarfe.es\/?p=4006","title":{"rendered":"La Noche en Blanco vuelve a Granada el pr\u00f3ximo 23 de octubre"},"content":{"rendered":"<p class=\"caps\">Granada ya tiene fecha para su cita anual con la cultura, el comercio, el deporte y el turismo que trasnochan. Ser\u00e1 el pr\u00f3ximo viernes 23 de octubre cuando se celebre la tercera edici\u00f3n de la Noche en Blanco. Una iniciativa del Centro Comercial Abierto de Granada que pretende ofrecer a propios y visitantes una variada oferta cultural y de ocio que convierta la ciudad en, como reza el lema de este a\u00f1o, una \u2018Granada Abierta\u2019, presentado esta ma\u00f1ana en el Palacio de la Madraza.<!--more--><\/p>\n<p>Museos \u00a0y bibliotecas en toda la ciudad, conciertos, actividades deportivas en las principales plazas y comercios abiertos hasta medianoche se suman este a\u00f1o, y <strong>como novedad adelantada por el edil Juan Garc\u00eda Montero, a un concierto gratuito de rock en el Palacio de Deportes<\/strong>. En el mismo participar\u00e1n <strong>Ni\u00f1os Mutantes, P\u00e1jaro Jack<\/strong> y un tercer grupo a\u00fan por determinar, para el que se repartir\u00e1n a partir del lunes 19 un total de 6.000 entradas gratuitas a todo aquel que compre en alguno de los comercios adheridos, no concretados a la fecha.<\/p>\n<p><a href=\"https:\/\/i0.wp.com\/miradordeatarfe.es\/wp-content\/uploads\/2015\/10\/noche.jpg?ssl=1\"><img data-recalc-dims=\"1\" loading=\"lazy\" decoding=\"async\" class=\"alignnone size-full wp-image-4007\" src=\"https:\/\/i0.wp.com\/miradordeatarfe.es\/wp-content\/uploads\/2015\/10\/noche.jpg?resize=307%2C164&#038;ssl=1\" alt=\"noche\" width=\"307\" height=\"164\" srcset=\"https:\/\/i0.wp.com\/miradordeatarfe.es\/wp-content\/uploads\/2015\/10\/noche.jpg?w=307&amp;ssl=1 307w, https:\/\/i0.wp.com\/miradordeatarfe.es\/wp-content\/uploads\/2015\/10\/noche.jpg?resize=300%2C160&amp;ssl=1 300w\" sizes=\"auto, (max-width: 307px) 100vw, 307px\" \/><\/a><\/p>\n<p><strong>ESFUERZO DE LOS COMERCIANTES<\/strong><\/p>\n<p>Para el presidente del Centro Comercial Abierto, \u00c1ngel Rodr\u00edguez, el objetivo fundamental es \u201ctransformar el centro de la ciudad en un polo de atracci\u00f3n l\u00fadica\u201d, promoviendo la \u201crica y variada oferta tur\u00edstica y cultura\u201d en el contexto de la marca Granada. As\u00ed mismo ha destacado los pilares de la propuesta de este a\u00f1o: \u201cvanguardia, ciudadan\u00eda, sostenibilidad y gratuidad\u201d, aclarando sobre este punto que se trata de la oportunidad para artistas emergentes \u201cque no tienen acceso a los canales tradicionales de divulgaci\u00f3n de mostrar su talento\u201d. As\u00ed mismo ha destacado la necesidad de \u201credoblar esfuerzos\u201d para organizar esta noche en un a\u00f1o plagado de citas electorales.<\/p>\n<p><strong>UNA OFERTA QUE NO PARA DE CRECER<\/strong><\/p>\n<p>En esta edici\u00f3n se pretende superar los datos de afluencia de <strong>la pasada edici\u00f3n<\/strong>, con 226 actividades programadas, 30 museos abiertos de manera gratuita, 16 actividades en bares, m\u00e1s de 120.000 visitantes, un aumento del consumo del 15%, un ascenso del 13% en la pernoctaci\u00f3n y un 25% m\u00e1s de consumo en restauraci\u00f3n.<\/p>\n<p>La delegada territorial de Cultura y Deporte, Ana G\u00e1mez, ha adelantado <strong>la aportaci\u00f3n que la Junta de Andaluc\u00eda har\u00e1 en la programaci\u00f3n de esta noche.<\/strong> En ella destaca la proyecci\u00f3n en la filmoteca de Andaluc\u00eda de la pel\u00edcula israel\u00ed \u201cProfesora de parvulario\u201d, la representaci\u00f3n en el Teatro Alhambra de la obra \u201cLluvia constante\u201d, de Roberto \u00c1lamo y Sergio Peris-Mencheta. Con motivo de la celebraci\u00f3n al d\u00eda siguiente del D\u00eda Internacional de las Bibliotecas, la Biblioteca de Andaluc\u00eda y la Biblioteca provincial celebrar\u00e1n \u201cde forma previa\u201d esta efem\u00e9ride en la Noche en Blanco. En la fachada de la Biblioteca de Andaluc\u00eda se proyectar\u00e1n im\u00e1genes de las actividades que se realicen en su interior, \u201ctodas alusivas al los libros y a la lectura\u201d. As\u00ed mismo se celebrar\u00e1 un concierto<\/p>\n<p>Los museos de titularidad de la Junta volver\u00e1n a estar abiertos, recordando la delegada la \u201cmasiva afluencia\u201d que hubo en la Casa de los Tiros en la edici\u00f3n anterior. En esta habr\u00e1 un concierto de guitarra, un espect\u00e1culo de marioneta, proyecci\u00f3n de cortos de j\u00f3venes realizadores y una proyecci\u00f3n en bucle de im\u00e1genes de Granada cedidas por la Filmoteca de Andaluc\u00eda en el patio del museo. Habr\u00e1 tambi\u00e9n actividades y visitas guiadas en el Centro de Documentaci\u00f3n Musical de Andaluc\u00eda. Respecto a deportes, los amantes del tenis de mesa tendr\u00e1n de oportunidad de compartir mesa con profesionales en la Fuente de las Batallas.<\/p>\n<p><strong>UNA NOCHE ROCKERA<\/strong><\/p>\n<p>El concejal de Cultura, Juan Garc\u00eda Montero, ha manifestado que desde el ayuntamiento est\u00e1n \u201cespecialmente felices y comprometidos\u201d para que la Noche en Blanco \u201csea un \u00e9xito\u201d. Aunque la programaci\u00f3n completa y pormenorizada ser\u00e1 comunicada en pr\u00f3ximas fechas, el edil de Cultura ha adelantado que la <strong>inauguraci\u00f3n ser\u00e1 en la Plaza de las Pasiegas,<\/strong> con un concierto que acompa\u00f1ar\u00e1 al acto protocolario con todas las instituciones implicadas a partir de las 7 de la tarde. Tambi\u00e9n y como iniciativa \u201cpor la que ven\u00edamos luchando\u201d, el concierto de Palacio de Deportes, que comenzar\u00e1. De esta forma la Noche en Blanco \u201cse viste con una chupa de rock para participar en una de las se\u00f1as de identidad cultural de la ciudad\u201d.<\/p>\n","protected":false},"excerpt":{"rendered":"<p>Granada ya tiene fecha para su cita anual con la cultura, el comercio, el deporte&#8230;<\/p>\n","protected":false},"author":1,"featured_media":4010,"comment_status":"closed","ping_status":"closed","sticky":false,"template":"","format":"standard","meta":{"_coblocks_attr":"","_coblocks_dimensions":"","_coblocks_responsive_height":"","_coblocks_accordion_ie_support":"","jetpack_post_was_ever_published":false,"_jetpack_newsletter_access":"","_jetpack_dont_email_post_to_subs":false,"_jetpack_newsletter_tier_id":0,"_jetpack_memberships_contains_paywalled_content":false,"_jetpack_memberships_contains_paid_content":false,"footnotes":"","jetpack_publicize_message":"","jetpack_publicize_feature_enabled":true,"jetpack_social_post_already_shared":false,"jetpack_social_options":{"image_generator_settings":{"template":"highway","default_image_id":0,"enabled":false},"version":2}},"categories":[12,9,44,15],"tags":[756,90],"class_list":["post-4006","post","type-post","status-publish","format-standard","has-post-thumbnail","hentry","category-cultura","category-medio-ambiente","category-noticias-de-hoy","category-ultimas-noticias","tag-comercio","tag-cultura"],"jetpack_publicize_connections":[],"jetpack_featured_media_url":"https:\/\/i0.wp.com\/miradordeatarfe.es\/wp-content\/uploads\/2015\/10\/CQsxOV-WcAAA2J8.png?fit=598%2C232&ssl=1","jetpack_likes_enabled":true,"jetpack_sharing_enabled":true,"_links":{"self":[{"href":"https:\/\/miradordeatarfe.es\/index.php?rest_route=\/wp\/v2\/posts\/4006","targetHints":{"allow":["GET"]}}],"collection":[{"href":"https:\/\/miradordeatarfe.es\/index.php?rest_route=\/wp\/v2\/posts"}],"about":[{"href":"https:\/\/miradordeatarfe.es\/index.php?rest_route=\/wp\/v2\/types\/post"}],"author":[{"embeddable":true,"href":"https:\/\/miradordeatarfe.es\/index.php?rest_route=\/wp\/v2\/users\/1"}],"replies":[{"embeddable":true,"href":"https:\/\/miradordeatarfe.es\/index.php?rest_route=%2Fwp%2Fv2%2Fcomments&post=4006"}],"version-history":[{"count":2,"href":"https:\/\/miradordeatarfe.es\/index.php?rest_route=\/wp\/v2\/posts\/4006\/revisions"}],"predecessor-version":[{"id":4011,"href":"https:\/\/miradordeatarfe.es\/index.php?rest_route=\/wp\/v2\/posts\/4006\/revisions\/4011"}],"wp:featuredmedia":[{"embeddable":true,"href":"https:\/\/miradordeatarfe.es\/index.php?rest_route=\/wp\/v2\/media\/4010"}],"wp:attachment":[{"href":"https:\/\/miradordeatarfe.es\/index.php?rest_route=%2Fwp%2Fv2%2Fmedia&parent=4006"}],"wp:term":[{"taxonomy":"category","embeddable":true,"href":"https:\/\/miradordeatarfe.es\/index.php?rest_route=%2Fwp%2Fv2%2Fcategories&post=4006"},{"taxonomy":"post_tag","embeddable":true,"href":"https:\/\/miradordeatarfe.es\/index.php?rest_route=%2Fwp%2Fv2%2Ftags&post=4006"}],"curies":[{"name":"wp","href":"https:\/\/api.w.org\/{rel}","templated":true}]}}