{"id":40065,"date":"2020-05-27T10:45:16","date_gmt":"2020-05-27T08:45:16","guid":{"rendered":"http:\/\/miradordeatarfe.es\/?p=40065"},"modified":"2020-05-27T10:27:11","modified_gmt":"2020-05-27T08:27:11","slug":"atarfe-pleno-municipal-ordinario-el-proximo-jueves-28-de-mayo","status":"publish","type":"post","link":"https:\/\/miradordeatarfe.es\/?p=40065","title":{"rendered":"ATARFE: PLENO MUNICIPAL ORDINARIO EL PR\u00d3XIMO JUEVES 28 DE MAYO"},"content":{"rendered":"<h3>Se ha convocado un Pleno Municipal Ordinario, el pr\u00f3ximo Jueves 28 de Mayo a las 19:00 horas.<\/h3>\n<p>El Pleno se llevar\u00e1 a cabo por videoconferencia y ser\u00e1 emitido en directo a trav\u00e9s de la P\u00e1gina de Facebook del Ayuntamiento de Atarfe:<\/p>\n<p><a id=\"js_6x\" class=\"profileLink\" href=\"https:\/\/www.facebook.com\/ayuntamientoatarfe\/?__tn__=K-R&amp;eid=ARCVVrZV_xOzGJQyHXM4DxyKyVpLyoWTWmHDWDaSLdTlJd6yhNsJB0TC3_jMf2D8vsyq0YwxfGvyswI7&amp;fref=mentions&amp;__xts__%5B0%5D=68.ARAPkv7bBWVyPruhiPr_JnWTnicz78LUttODxCHGOCkDmWNaliJHGp6wYgpIHZWLi0mnX3wk3H43BMlKmO_D7p_tuQ60algW4pxcLMiLiFGQIE7l9qMjGHmuktvuBPmMlSXK_lyPKIa2pGZhjaXgoOabCY8b9g3FnfHx1vBxDJKcth99_lFOV3hv6c54ONQsmEVISZTGIfO7xsEmSzdqJxz2Jc76oTSAAHqENnE0u0YTm50EJKHC7PmrLsO50G2qY8Zdq8wPOUr-R0T5jjlfeB-q4xTnwyrCkbfSdzAYjWUB2UIBem6LYyyYwnWHaNcztpAgu0eQMUUvuuLlsPn8HuPybg\" data-hovercard=\"\/ajax\/hovercard\/page.php?id=621791281218079&amp;extragetparams=%7B%22__tn__%22%3A%22%2CdK-R-R%22%2C%22eid%22%3A%22ARCVVrZV_xOzGJQyHXM4DxyKyVpLyoWTWmHDWDaSLdTlJd6yhNsJB0TC3_jMf2D8vsyq0YwxfGvyswI7%22%2C%22fref%22%3A%22mentions%22%7D\" data-hovercard-prefer-more-content-show=\"1\" aria-describedby=\"u_v_1\" aria-owns=\"\">https:\/\/www.facebook.com\/ayuntamientoatarfe<\/a><\/p>\n<div class=\"text_exposed_show\">\n<p><strong>Fecha: Jueves 28 de Mayo<\/strong><br \/>\n<strong>Hora: 19:00<\/strong><\/p>\n<p>ORDEN DEL D\u00cdA:<\/p>\n<p>1\u00ba.- Aprobaci\u00f3n de actas anteriores:- Acta sesi\u00f3n ordinaria de Pleno de 30 de enero de 2020- Acta sesi\u00f3n extraordinaria de Pleno de 20 de febrero de 2020<\/p>\n<p>2\u00ba.- Informe de Alcald\u00eda y Resoluciones.<\/p>\n<p>3\u00ba.-Dar cuenta de Sentencias reca\u00eddas, Expediente n\u00ba 2800\/2020.<\/p>\n<p>4\u00ba.- Expediente 4076\/2018: Formalizaci\u00f3n encargo a Acidesa<\/p>\n<p>5\u00ba.- Expediente 2387\/2020: Acuerdo inicio revisi\u00f3n de oficiocontrataci\u00f3n Contenedores y Gr\u00faas Hermanos Medina 2019<\/p>\n<p>6\u00ba.-Expediente 2461\/2019: Incorporaci\u00f3n al Inventario municipal del INMUEBLE destinado Espacio Joven y del EQUIPAMIENTO adscritoal mismo.<\/p>\n<p>7\u00ba.-Expediente 686\/2020: Ratificaci\u00f3n Resoluci\u00f3n 539\/2020 Alzamiento de reparo al abono parcial de Subvenci\u00f3n<\/p>\n<p>8\u00ba.-Expediente 1490\/2020: Ratificaci\u00f3n Resoluci\u00f3n 494\/2020 Plan Presupuestario a medio plazo 2021-2023<\/p>\n<p>9\u00ba.-Expediente 693\/2020: Dar cuenta, Modificaci\u00f3n n\u00ba 1\/2020 decr\u00e9ditos por incorporaci\u00f3n obligatoria de remanentes afectados del ejercicio anterior<\/p>\n<p>10\u00ba.- Expediente 1846\/2020: Dar cuenta, Modificaci\u00f3n n\u00ba 2\/2020 portransferencia de cr\u00e9ditos<\/p>\n<p>11\u00ba.-Expediente 1535\/2020: Dar cuenta, Liquidaci\u00f3n del presupuesto2019 <\/p>\n<p>12\u00ba.-Expediente 1690\/2020: Dar cuenta, Cuenta de Gesti\u00f3n Recaudatoria ejercicio 2019<\/p>\n<p>13\u00ba.- Expediente 734\/2020: Dar cuenta, Informe de morosidad Cuartotrimestre 2019<\/p>\n<p>14\u00ba.-Expediente 2087\/2020: Dar cuenta, Informe de morosidadPrimer trimestre 2020<\/p>\n<p>15\u00ba.- Expediente 2780\/2019: Dar cuenta, Informe de seguimientoPlan de ajuste cuarto trimestre 2019<\/p>\n<p>16\u00ba.-Expediente 2126\/2020: Dar cuenta, Informe de seguimientoPlan de ajuste primer trimestre 2020<\/p>\n<p>17\u00ba.-Mociones<\/p>\n<p>18\u00ba.- Ruegos y preguntas<\/p>\n<\/div>\n","protected":false},"excerpt":{"rendered":"<p>Se ha convocado un Pleno Municipal Ordinario, el pr\u00f3ximo Jueves 28 de Mayo a las&#8230;<\/p>\n","protected":false},"author":1,"featured_media":40066,"comment_status":"closed","ping_status":"closed","sticky":false,"template":"","format":"standard","meta":{"_coblocks_attr":"","_coblocks_dimensions":"","_coblocks_responsive_height":"","_coblocks_accordion_ie_support":"","jetpack_post_was_ever_published":false,"_jetpack_newsletter_access":"","_jetpack_dont_email_post_to_subs":false,"_jetpack_newsletter_tier_id":0,"_jetpack_memberships_contains_paywalled_content":false,"_jetpack_memberships_contains_paid_content":false,"footnotes":"","jetpack_publicize_message":"","jetpack_publicize_feature_enabled":true,"jetpack_social_post_already_shared":false,"jetpack_social_options":{"image_generator_settings":{"template":"highway","default_image_id":0,"enabled":false},"version":2}},"categories":[6916,44,15],"tags":[4293,1713],"class_list":["post-40065","post","type-post","status-publish","format-standard","has-post-thumbnail","hentry","category-ayuntamiento-de-atarfe","category-noticias-de-hoy","category-ultimas-noticias","tag-ayuntamiento-de-atarfe","tag-pleno-municipal"],"jetpack_publicize_connections":[],"jetpack_featured_media_url":"https:\/\/i0.wp.com\/miradordeatarfe.es\/wp-content\/uploads\/2020\/05\/101025122_3110715898992259_1634383047816118272_n.jpg?fit=600%2C400&ssl=1","jetpack_likes_enabled":true,"jetpack_sharing_enabled":true,"_links":{"self":[{"href":"https:\/\/miradordeatarfe.es\/index.php?rest_route=\/wp\/v2\/posts\/40065","targetHints":{"allow":["GET"]}}],"collection":[{"href":"https:\/\/miradordeatarfe.es\/index.php?rest_route=\/wp\/v2\/posts"}],"about":[{"href":"https:\/\/miradordeatarfe.es\/index.php?rest_route=\/wp\/v2\/types\/post"}],"author":[{"embeddable":true,"href":"https:\/\/miradordeatarfe.es\/index.php?rest_route=\/wp\/v2\/users\/1"}],"replies":[{"embeddable":true,"href":"https:\/\/miradordeatarfe.es\/index.php?rest_route=%2Fwp%2Fv2%2Fcomments&post=40065"}],"version-history":[{"count":1,"href":"https:\/\/miradordeatarfe.es\/index.php?rest_route=\/wp\/v2\/posts\/40065\/revisions"}],"predecessor-version":[{"id":40067,"href":"https:\/\/miradordeatarfe.es\/index.php?rest_route=\/wp\/v2\/posts\/40065\/revisions\/40067"}],"wp:featuredmedia":[{"embeddable":true,"href":"https:\/\/miradordeatarfe.es\/index.php?rest_route=\/wp\/v2\/media\/40066"}],"wp:attachment":[{"href":"https:\/\/miradordeatarfe.es\/index.php?rest_route=%2Fwp%2Fv2%2Fmedia&parent=40065"}],"wp:term":[{"taxonomy":"category","embeddable":true,"href":"https:\/\/miradordeatarfe.es\/index.php?rest_route=%2Fwp%2Fv2%2Fcategories&post=40065"},{"taxonomy":"post_tag","embeddable":true,"href":"https:\/\/miradordeatarfe.es\/index.php?rest_route=%2Fwp%2Fv2%2Ftags&post=40065"}],"curies":[{"name":"wp","href":"https:\/\/api.w.org\/{rel}","templated":true}]}}