{"id":40112,"date":"2020-05-30T08:00:09","date_gmt":"2020-05-30T06:00:09","guid":{"rendered":"http:\/\/miradordeatarfe.es\/?p=40112"},"modified":"2020-05-29T11:46:13","modified_gmt":"2020-05-29T09:46:13","slug":"el-bullying-durante-la-pandemia-del-acoso-en-clase-a-la-tranquilidad-de-casa","status":"publish","type":"post","link":"https:\/\/miradordeatarfe.es\/?p=40112","title":{"rendered":"El \u2018bullying\u2019 durante la pandemia: del acoso en clase a la tranquilidad de casa"},"content":{"rendered":"<h3 class=\"a_st font_secondary color_gray_dark \" style=\"text-align: justify;\">Los menores que durante el curso sufren agresiones o exclusi\u00f3n encuentran un salvavidas en sus hogares gracias a la covid-19: comen, duermen y estudian mejor y temen la vuelta a la normalidad<\/h3>\n<p class=\"\" style=\"text-align: justify;\">Retrasada. Tontito. Subnormal. Peste. Mierda. Los calificativos son innumerables. D\u00eda a d\u00eda. Como una gota malaya. Las collejas, las risas, las zancadillas, los estuches rotos o los papeles pegados a la espalda. \u201c\u00a1Infectado el que le toqueeeee!\u201d, jugaban los compa\u00f1eros en el recreo a costa de un ni\u00f1o de nueve a\u00f1os hace tres meses. Juan era el virus, siempre, sin rotaci\u00f3n, y eso significaba que no se le pod\u00eda rozar, hab\u00eda que aislarlo, atacarlo, machacarlo. Lola, de 14, intentaba disimular pasividad en otro colegio, en otro recreo, posiblemente a la misma hora: \u201cMe da igual no tener amigos\u201d. Hoy, con el confinamiento, los insultos, las risas y los golpes han pasado de fase: del acoso en clase a la tranquilidad de casa. La cuarentena como medicina. El aislamiento se ha convertido para algunos menores que <a href=\"https:\/\/elpais.com\/noticias\/bullying\/\" target=\"_blank\" rel=\"noopener noreferrer\" data-link-track-dtm=\"\">sufren <i>bullying<\/i><\/a> en un para\u00edso, un refugio, una quimera. La felicidad de sobrevivir sin ansiedad en un mundo que se ha dado la vuelta.<\/p>\n<p class=\"\" style=\"text-align: justify;\">\u201cLos ni\u00f1os que sufren <i>bullying<\/i> arrastran consecuencias psicol\u00f3gicas durante el curso, duermen mal, tienen pesadillas y ahora tienen miedo a volver a clase\u201d, explica Diana D\u00edaz, directora de las l\u00edneas de ayuda de <a href=\"https:\/\/www.anar.org\/\" target=\"_blank\" rel=\"noopener noreferrer\" data-link-track-dtm=\"\">la fundaci\u00f3n ANAR<\/a>, que ha habilitado adem\u00e1s de un tel\u00e9fono, un correo y un chat para que los menores que sufren violencia intrafamiliar y acoso escolar puedan conectar con ellos sin necesidad de exponerse. D\u00edaz explica que el problema sigue ah\u00ed, latente, y lo comprueba con los contactos que siguen recibiendo sobre el estado emocional de los menores. \u201cEl 3% de nuestras consultas ahora <a href=\"https:\/\/elpais.com\/elpais\/2020\/05\/01\/mamas_papas\/1588312439_219353.html\" target=\"_blank\" rel=\"noopener noreferrer\" data-link-track-dtm=\"\">es sobre <i>ciberbullying<\/i><\/a>. En el periodo escolar es un amplificador del <i>bullying<\/i> presencial. Ahora sobre todo se da cuando son cuestiones relacionadas con el centro escolar\u201d. El curso pasado, la Comunidad de Madrid realiz\u00f3 596 intervenciones \u201cpara mejorar la convivencia en los centros educativos\u201d.<\/p>\n<p class=\"\" style=\"text-align: justify;\">Lola no se llama Lola y Juan tampoco es Juan. Sus familias prefieren guardar su intimidad. Pero los dos forman parte de esa infancia que con el encierro han encontrado un salvavidas. Ella recibi\u00f3 hace un par de semanas una videollamada a cuatro de tres compa\u00f1eras de clase. Era raro. Algo extraordinario. \u201c\u00bfNuevas amigas?\u201d. Durante toda la cuarentena nadie se hab\u00eda puesto en contacto con ella. Tampoco lo han hecho despu\u00e9s. Ese d\u00eda solo quer\u00edan burlarse, echarse unas risas a su costa. \u201cNo me hacen caso, pero me da igual\u201d, repite ahora en el sal\u00f3n de su casa, nerviosa ante cualquier visita, ansiosa por captar la m\u00ednima atenci\u00f3n.<\/p>\n<p class=\"\" style=\"text-align: justify;\">Ahora ya no tiene que disimular. Alejada de las clases, Lola se siente algo m\u00e1s fuerte. Ya duerme la noche entera. Come con normalidad. Ha alejado las pesadillas. Y hasta ha avanzado en las asignaturas m\u00e1s complicadas para ella y en las que necesita un profesor de apoyo: Matem\u00e1ticas y Lengua. \u201cEl instituto es el \u00fanico manicomio al que no quiero entrar. Los ni\u00f1os son como demonios peque\u00f1os\u201d, suelta de carrerilla. Una frase que parece aprendida y repetida tras horas, meses, a\u00f1os de sesiones de psic\u00f3logo y de psiquiatra a las que asiste desde ni\u00f1a.<\/p>\n<aside class=\"quote quote_pull |   font_secondary italic\">\n<blockquote class=\"flex container_column \">\n<div><strong>\u201cEl instituto es el \u00fanico manicomio al que no quiero entrar. Los ni\u00f1os son como demonios peque\u00f1os<\/strong><\/div>\n<\/blockquote>\n<\/aside>\n<aside class=\"quote quote_pull |   font_secondary italic\">\n<blockquote class=\"flex container_column \"><p><strong><cite class=\"uppercase font_primary \">Lola, una ni\u00f1a v\u00edctima de &#8216;bullying&#8217; en su instituto<\/cite><\/strong><\/p><\/blockquote>\n<\/aside>\n<p class=\"\" style=\"text-align: justify;\">Seg\u00fan un estudio elaborado por la fundaci\u00f3n ANAR en 2017, las consecuencias del acoso escolar contin\u00faan siendo patentes en el \u00e1mbito social de las v\u00edctimas, ya que el 57,5% ha perdido amigos o est\u00e1n solos desde que comenzaron a sufrir <i>bullying<\/i>. El 83,6% consigue tener v\u00ednculos de amistad fuera del colegio.<\/p>\n<p class=\"\" style=\"text-align: justify;\"><b>Exclusi\u00f3n social <\/b><\/p>\n<p class=\"\" style=\"text-align: justify;\">El problema de Lola no es nuevo para ella. Lo lleva sufriendo toda la vida y, a pesar de eso, Lydia, su madre, no tiene claro que la adolescente sea objeto de <i>bullying<\/i>. Se pregunta si lo que le pasa a su hija tiene que ver con que se encuentra en un mundo acad\u00e9mico al que no pertenece. \u201cElla tampoco se sabe relacionar\u201d, explica. Varios expertos con los que ha hablado este peri\u00f3dico lo tienen claro. Lola sufre acoso \u201cpor exclusi\u00f3n social\u201d, el m\u00e1s complicado de solucionar.<\/p>\n<figure class=\"f | margin_top\" style=\"text-align: justify;\"><\/figure>\n<p class=\"\" style=\"text-align: justify;\">Juan Diego, el profesor de apoyo de Lola, admite que los compa\u00f1eros de clase se han convertido en un problema para ella. \u201cSe pone nerviosa, quiere agradar a los dem\u00e1s, se precipita en sus respuestas, en sus tareas\u2026\u201d, analiza. Y admite que en los centros hay que repensar la manera de afrontar los estudios de ni\u00f1os como ella. \u201cTendremos que replantearnos si es m\u00e1s importante avanzar a nivel curricular, en conocimientos o trabajar m\u00e1s a nivel de habilidades sociales, trabajo en grupo, que es un asunto que tenemos m\u00e1s descuidado en los centros\u201d.<\/p>\n<p class=\"\" style=\"text-align: justify;\">Luna Colomer es orientadora de un centro de Formaci\u00f3n Profesional de Madrid. Tiene algo m\u00e1s de 400 alumnos para ella sola, aunque asegura que muchos compa\u00f1eros trabajan solos en institutos con 700 u 800 estudiantes. \u201cAh\u00ed es inviable que el orientador consiga enterarse de los casos\u201d. Para ella, la ratio de orientador y alumnos deber\u00eda rondar los 250.<\/p>\n<p class=\"\" style=\"text-align: justify;\">Cuando Lydia analiza la situaci\u00f3n de su hija, pone sobre la mesa el diagn\u00f3stico que aparece en los informes: <a href=\"https:\/\/elpais.com\/elpais\/2019\/02\/04\/mamas_papas\/1549276735_268379.html\" target=\"_blank\" rel=\"noopener noreferrer\" data-link-track-dtm=\"\">trastorno por d\u00e9ficit de atenci\u00f3n e hiperactividad (TDAH)<\/a> e <a href=\"https:\/\/elpais.com\/ccaa\/2012\/01\/17\/madrid\/1326810874_810061.html\" target=\"_blank\" rel=\"noopener noreferrer\" data-link-track-dtm=\"\">inteligencia l\u00edmite<\/a>. \u201cNo llega a tener una discapacidad pero le cuesta mucho m\u00e1s entender las cosas que a una persona de su edad y tambi\u00e9n relacionarse con sus iguales. Ya desde peque\u00f1a se inventaba sus propias normas y era muy frustrante porque ni yo las entend\u00eda\u201d. La madre, por tanto, cree que vive en un \u201climbo escolar\u201d en el que los ni\u00f1os como su hija se ven avocados a la indiferencia y la soledad. \u201cNo s\u00e9 si en un colegio de educaci\u00f3n especial ella dejar\u00eda de ser tan diferente\u201d, se pregunta. Los compa\u00f1eros de clase se r\u00eden, la bloquean en el m\u00f3vil, en redes y le hacen dudar de s\u00ed misma.<\/p>\n<p class=\"\" style=\"text-align: justify;\">\u2014 Mam\u00e1, \u00bfyo soy retrasada?<\/p>\n<p class=\"\" style=\"text-align: justify;\">\u2014 No, hija&#8230; simplemente aprendes las cosas de una manera m\u00e1s lenta.<\/p>\n<p class=\"\" style=\"text-align: justify;\">Ariadna Montilla, orientadora que trata con casos de acoso en su d\u00eda a d\u00eda, avisa de que es una situaci\u00f3n irreal. \u201cEs un arma de doble filo\u201d, explica. \u201cPara ellos esto es un para\u00edso. Lo que siempre han necesitado, ese ambiente de protecci\u00f3n que reclamaban\u201d, analiza. \u201cVa a ser dif\u00edcil gestionar con ellos la vuelta. Van a argumentar que est\u00e1n en su casa como en ning\u00fan sitio. El confinamiento reafirma su postura. Todo esto es muy delicado\u201d.<\/p>\n<aside class=\"quote quote_pull |   font_secondary italic\">\n<blockquote class=\"flex container_column \">\n<div><strong>\u201cVa a ser dif\u00edcil gestionar con ellos la vuelta. Van a argumentar que est\u00e1n en su casa como en ning\u00fan sitio<\/strong><\/div>\n<\/blockquote>\n<\/aside>\n<aside class=\"quote quote_pull |   font_secondary italic\">\n<blockquote class=\"flex container_column \"><p><strong><cite class=\"uppercase font_primary \">Ariadna Montilla, orientadora<\/cite><\/strong><\/p><\/blockquote>\n<\/aside>\n<p class=\"\" style=\"text-align: justify;\">Para buscar el origen del acoso, Maria Jos\u00e9 Fern\u00e1ndez P\u00e9rez, de <a href=\"https:\/\/amacae.com\/\" target=\"_blank\" rel=\"noopener noreferrer\" data-link-track-dtm=\"\">la Asociaci\u00f3n Madrile\u00f1a contra el Acoso Escolar (Amacae),<\/a> lo tiene claro. \u201cSon elegidos por los acosadores por una raz\u00f3n injustificada, a veces porque destacan y otras veces se fijan en ni\u00f1os con dificultades de aprendizaje. Pero no es problema de las v\u00edctimas, es de los agresores\u201d.<\/p>\n<p class=\"\" style=\"text-align: justify;\">Juan tiene nueve a\u00f1os y estudia 5\u00ba de Primaria en un colegio de los Escolapios de la Comunidad de Madrid que su madre, Trini, prefiere no poner en el mapa \u201cpara no perjudicarle m\u00e1s\u201d. Su caso es similar al de Lola en cuanto al acoso, aunque por causas diferentes. Tiene un coeficiente intelectual de 130, es decir, roza el de un ni\u00f1o superdotado, sin llegar a serlo. Quiz\u00e1s por eso ha superado todas las asignaturas con buenas notas, aunque tras los insultos y los golpes, dej\u00f3 de comer, empez\u00f3 a sufrir ansiedad y le cambi\u00f3 el car\u00e1cter. \u201cEmpec\u00e9 a notar que mi hijo no era mi hijo y no sab\u00eda por qu\u00e9\u201d, explica su madre.<\/p>\n<p class=\"\" style=\"text-align: justify;\">Suele pasar. La directora de ANAR confirma el patr\u00f3n. \u201cLos menores de edad tardan mucho en explicar qu\u00e9 les pasa. De media, suelen tardar entre 10 y 15 meses en decirle a sus padres lo que sucede\u201d. Y una vez detectado el problema, hay que intentar atajarlo en toda su complejidad. \u201cSe debe evaluar tambi\u00e9n al ni\u00f1o acosador y al resto de alumnos que son espectadores\u201d.<\/p>\n<aside class=\"quote quote_pull |   font_secondary italic\">\n<blockquote class=\"flex container_column \">\n<div><strong>\u201cLos menores de edad tardan mucho en explicar qu\u00e9 les pasa. De media, suelen tardar entre 10 y 15 meses<\/strong><\/div>\n<\/blockquote>\n<\/aside>\n<aside class=\"quote quote_pull |   font_secondary italic\">\n<blockquote class=\"flex container_column \"><p><strong><cite class=\"uppercase font_primary \">Diana D\u00edaz, directora de la fundaci\u00f3n ANAR<\/cite><\/strong><\/p><\/blockquote>\n<\/aside>\n<p class=\"\" style=\"text-align: justify;\">Eso es precisamente lo que pas\u00f3 con Juan. Su madre activ\u00f3 el protocolo despu\u00e9s de que saliera el grado m\u00e1ximo de acoso en el test AVE, una herramienta que permite a cada cl\u00ednico u orientador establecer la afectaci\u00f3n de un ni\u00f1o. Entonces, agentes de la Brigada de Participaci\u00f3n Ciudadana de la polic\u00eda se presentaron en su clase para dar una charla. \u201cLas ni\u00f1as empezaron a tratarme mejor\u201d, cuenta el ni\u00f1o, con ganas de expresar ahora lo que vivi\u00f3 en el colegio hace unos meses. \u201cLos ni\u00f1os son m\u00e1s de pegar, las ni\u00f1as de insultar\u201d, matiza. Ellas dejaron de hacerlo tras la visita de los agentes. Ellos, a ratos. \u201cEs que ahora defiendo a un amigo que antes me defend\u00eda a m\u00ed y entonces me dan\u201d.<\/p>\n<p class=\"\" style=\"text-align: justify;\">El acoso, por tanto, se ha atenuado pero no ha acabado. Su caso es uno de los expedientes abiertos y congelados por la pandemia en la Comunidad de Madrid. \u201cAhora est\u00e1n c\u00f3modos en su casa, reciben las tareas, sin compa\u00f1eros, sin cambio de situaciones, sin los horarios de antes\u2026 y sin tener que controlar y estar atentos a esos focos de peligro\u201d, analiza Montilla. \u201cEl objetivo es hacerles ver que esto se va a acabar y que hay que reincorporarse a esa vida social que no quieren en absoluto\u201d.<\/p>\n<p style=\"text-align: justify;\"><span class=\"a_aut | margin_bottom uppercase flex align_items_center margin_right\"><a class=\"a_aut_n | color_black\" title=\"Ver todas las noticias de Berta Ferrero\" href=\"https:\/\/elpais.com\/autor\/berta-ferrero\/\">Berta Ferrero<\/a><\/span><span class=\"color_gray_medium_lighter margin_right normal\">|<\/span><span class=\"a_aut | margin_bottom uppercase flex align_items_center \"><a class=\"a_aut_n | color_black\" title=\"Ver todas las noticias de Luis de Vega\" href=\"https:\/\/elpais.com\/autor\/luis-de-vega-hernandez\/\">Luis de Vega<\/a><\/span><\/p>\n<p style=\"text-align: justify;\">https:\/\/elpais.com\/espana\/madrid\/2020-05-20\/el-bullying-durante-la-pandemia-del-acoso-en-clase-a-la-tranquilidad-de-casa.html<\/p>\n","protected":false},"excerpt":{"rendered":"<p>Los menores que durante el curso sufren agresiones o exclusi\u00f3n encuentran un salvavidas en sus&#8230;<\/p>\n","protected":false},"author":1,"featured_media":40113,"comment_status":"closed","ping_status":"closed","sticky":false,"template":"","format":"standard","meta":{"_coblocks_attr":"","_coblocks_dimensions":"","_coblocks_responsive_height":"","_coblocks_accordion_ie_support":"","jetpack_post_was_ever_published":false,"_jetpack_newsletter_access":"","_jetpack_dont_email_post_to_subs":false,"_jetpack_newsletter_tier_id":0,"_jetpack_memberships_contains_paywalled_content":false,"_jetpack_memberships_contains_paid_content":false,"footnotes":"","jetpack_publicize_message":"","jetpack_publicize_feature_enabled":true,"jetpack_social_post_already_shared":false,"jetpack_social_options":{"image_generator_settings":{"template":"highway","default_image_id":0,"enabled":false},"version":2}},"categories":[1161,7149,44,6937,15],"tags":[3006,526,1189,7021],"class_list":["post-40112","post","type-post","status-publish","format-standard","has-post-thumbnail","hentry","category-ciudadania","category-coronavirus","category-noticias-de-hoy","category-sociedad","category-ultimas-noticias","tag-bullying","tag-centros-educativos","tag-colegios","tag-coronavirus"],"jetpack_publicize_connections":[],"jetpack_featured_media_url":"https:\/\/i0.wp.com\/miradordeatarfe.es\/wp-content\/uploads\/2020\/05\/VBLA2O5KMZCZ5LF5ANV754APLQ.jpg?fit=1500%2C1001&ssl=1","jetpack_likes_enabled":true,"jetpack_sharing_enabled":true,"_links":{"self":[{"href":"https:\/\/miradordeatarfe.es\/index.php?rest_route=\/wp\/v2\/posts\/40112","targetHints":{"allow":["GET"]}}],"collection":[{"href":"https:\/\/miradordeatarfe.es\/index.php?rest_route=\/wp\/v2\/posts"}],"about":[{"href":"https:\/\/miradordeatarfe.es\/index.php?rest_route=\/wp\/v2\/types\/post"}],"author":[{"embeddable":true,"href":"https:\/\/miradordeatarfe.es\/index.php?rest_route=\/wp\/v2\/users\/1"}],"replies":[{"embeddable":true,"href":"https:\/\/miradordeatarfe.es\/index.php?rest_route=%2Fwp%2Fv2%2Fcomments&post=40112"}],"version-history":[{"count":1,"href":"https:\/\/miradordeatarfe.es\/index.php?rest_route=\/wp\/v2\/posts\/40112\/revisions"}],"predecessor-version":[{"id":40114,"href":"https:\/\/miradordeatarfe.es\/index.php?rest_route=\/wp\/v2\/posts\/40112\/revisions\/40114"}],"wp:featuredmedia":[{"embeddable":true,"href":"https:\/\/miradordeatarfe.es\/index.php?rest_route=\/wp\/v2\/media\/40113"}],"wp:attachment":[{"href":"https:\/\/miradordeatarfe.es\/index.php?rest_route=%2Fwp%2Fv2%2Fmedia&parent=40112"}],"wp:term":[{"taxonomy":"category","embeddable":true,"href":"https:\/\/miradordeatarfe.es\/index.php?rest_route=%2Fwp%2Fv2%2Fcategories&post=40112"},{"taxonomy":"post_tag","embeddable":true,"href":"https:\/\/miradordeatarfe.es\/index.php?rest_route=%2Fwp%2Fv2%2Ftags&post=40112"}],"curies":[{"name":"wp","href":"https:\/\/api.w.org\/{rel}","templated":true}]}}