{"id":4012,"date":"2015-10-20T06:34:08","date_gmt":"2015-10-20T06:34:08","guid":{"rendered":"http:\/\/miradordeatarfe.es\/?p=4012"},"modified":"2015-10-21T08:01:18","modified_gmt":"2015-10-21T08:01:18","slug":"mujeres-las-del-27","status":"publish","type":"post","link":"https:\/\/miradordeatarfe.es\/?p=4012","title":{"rendered":"MUJERES: \u00abLas del 27\u00bb"},"content":{"rendered":"<div id=\"cuerpo_noticia\" class=\"cuerpo_noticia\">\n<p>Quitarse el sombrero, en 1927, era una actividad de riesgo. Lo hicieron en plena Puerta del Sol tres j\u00f3venes valientes, <strong>Margarita Manso, Concha M\u00e9ndez y Maruja Mallo<\/strong>, musa, poeta y pintora, secundadas por dos compa\u00f1eros de radicalismos art\u00edsticos y correr\u00edas madrile\u00f1as, Lorca y Dal\u00ed.<\/p>\n<p><!--more--><\/p>\n<p>Las tres convirtieron aquel gesto en una <em>performance<\/em> de la que salieron a pedradas. Ya quisiera Marina Abramovic cosechar tal \u00e9xito. El documental de Serrana Torres y T\u00e0nia Ball\u00f3, <a href=\"https:\/\/instagram.com\/lassinsombrero\/\" target=\"_blank\"><em>Las<\/em><\/a> <em><a href=\"https:\/\/instagram.com\/lassinsombrero\/\" target=\"_blank\">Sinsombrero<\/a>,<\/em> se estrena el viernes en La 2 y no estar\u00eda de m\u00e1s que lo vieran. Trata sobre mujeres que habiendo pertenecido por actitud y obra a la generaci\u00f3n del 27 han sido casi marginadas de los estudios dedicados a aquel grupo de j\u00f3venes brillantes. No ha consistido s\u00f3lo en el ninguneo de los acad\u00e9micos, tampoco sus compa\u00f1eros de generaci\u00f3n, que tantas experiencias vivieron con ellas, tienen a bien recordarlas en sus memorias. Est\u00e1n Rosa Chacel, Mar\u00eda Teresa Le\u00f3n, Maruja Mallo, Concha M\u00e9ndez, Mar\u00eda Zambrano, Ernestina de Champourcin, Josefina de la Torre y una vibrante Marga Gil Ro\u00ebsset, que con su suicidio trunc\u00f3 una prometedora carrera<\/p>\n<p>Poco estudiadas y poco recordadas, estas mujeres que se quitaron el sombrero irrumpieron en un mundo hecho a la medida de los hombres. La conclusi\u00f3n a la que intuyo nos conduce sutilmente el documental es que todav\u00eda hoy una mujer se ve obligada en demasiadas ocasiones a quitarse el sombrero para ser alguien susceptible de ser recordado no como mero adorno del simp\u00e1tico anecdotario de una \u00e9poca.Dejar de ser la cuota o paternalmente definidas como sabiondas avispillas, qu\u00e9 dif\u00edcil parece.<\/p>\n<\/div>\n<p><a href=\"http:\/\/elpais.com\/elpais\/2015\/10\/06\/estilo\/1444147701_525953.html\">http:\/\/elpais.com\/elpais\/2015\/10\/06\/estilo\/1444147701_525953.html<\/a><\/p>\n","protected":false},"excerpt":{"rendered":"<p>Quitarse el sombrero, en 1927, era una actividad de riesgo. Lo hicieron en plena Puerta&#8230;<\/p>\n","protected":false},"author":1,"featured_media":4013,"comment_status":"closed","ping_status":"closed","sticky":false,"template":"","format":"standard","meta":{"_coblocks_attr":"","_coblocks_dimensions":"","_coblocks_responsive_height":"","_coblocks_accordion_ie_support":"","jetpack_post_was_ever_published":false,"_jetpack_newsletter_access":"","_jetpack_dont_email_post_to_subs":false,"_jetpack_newsletter_tier_id":0,"_jetpack_memberships_contains_paywalled_content":false,"_jetpack_memberships_contains_paid_content":false,"footnotes":"","jetpack_publicize_message":"","jetpack_publicize_feature_enabled":true,"jetpack_social_post_already_shared":false,"jetpack_social_options":{"image_generator_settings":{"template":"highway","default_image_id":0,"enabled":false},"version":2}},"categories":[12,14,15],"tags":[90,41,19],"class_list":["post-4012","post","type-post","status-publish","format-standard","has-post-thumbnail","hentry","category-cultura","category-feminismo","category-ultimas-noticias","tag-cultura","tag-feminismo","tag-mujeres"],"jetpack_publicize_connections":[],"jetpack_featured_media_url":"https:\/\/i0.wp.com\/miradordeatarfe.es\/wp-content\/uploads\/2015\/10\/1444147701_525953_1444148480_noticia_normal.jpg?fit=560%2C326&ssl=1","jetpack_likes_enabled":true,"jetpack_sharing_enabled":true,"_links":{"self":[{"href":"https:\/\/miradordeatarfe.es\/index.php?rest_route=\/wp\/v2\/posts\/4012","targetHints":{"allow":["GET"]}}],"collection":[{"href":"https:\/\/miradordeatarfe.es\/index.php?rest_route=\/wp\/v2\/posts"}],"about":[{"href":"https:\/\/miradordeatarfe.es\/index.php?rest_route=\/wp\/v2\/types\/post"}],"author":[{"embeddable":true,"href":"https:\/\/miradordeatarfe.es\/index.php?rest_route=\/wp\/v2\/users\/1"}],"replies":[{"embeddable":true,"href":"https:\/\/miradordeatarfe.es\/index.php?rest_route=%2Fwp%2Fv2%2Fcomments&post=4012"}],"version-history":[{"count":2,"href":"https:\/\/miradordeatarfe.es\/index.php?rest_route=\/wp\/v2\/posts\/4012\/revisions"}],"predecessor-version":[{"id":4015,"href":"https:\/\/miradordeatarfe.es\/index.php?rest_route=\/wp\/v2\/posts\/4012\/revisions\/4015"}],"wp:featuredmedia":[{"embeddable":true,"href":"https:\/\/miradordeatarfe.es\/index.php?rest_route=\/wp\/v2\/media\/4013"}],"wp:attachment":[{"href":"https:\/\/miradordeatarfe.es\/index.php?rest_route=%2Fwp%2Fv2%2Fmedia&parent=4012"}],"wp:term":[{"taxonomy":"category","embeddable":true,"href":"https:\/\/miradordeatarfe.es\/index.php?rest_route=%2Fwp%2Fv2%2Fcategories&post=4012"},{"taxonomy":"post_tag","embeddable":true,"href":"https:\/\/miradordeatarfe.es\/index.php?rest_route=%2Fwp%2Fv2%2Ftags&post=4012"}],"curies":[{"name":"wp","href":"https:\/\/api.w.org\/{rel}","templated":true}]}}