{"id":40173,"date":"2020-05-29T12:16:55","date_gmt":"2020-05-29T10:16:55","guid":{"rendered":"http:\/\/miradordeatarfe.es\/?p=40173"},"modified":"2020-05-29T12:16:55","modified_gmt":"2020-05-29T10:16:55","slug":"patxi-lopez-estalla-debemos-de-ser-capaces-de-autocensurarnos-un-poquito-para-estar-a-la-altura","status":"publish","type":"post","link":"https:\/\/miradordeatarfe.es\/?p=40173","title":{"rendered":"Patxi L\u00f3pez estalla: \u00abDebemos de ser capaces de autocensurarnos un poquito para estar a la altura\u00bb"},"content":{"rendered":"<h3 style=\"text-align: justify;\">El presidente de la Comisi\u00f3n para la reconstrucci\u00f3n ha hecho un llamamiento a la reflexi\u00f3n a todas las formaciones despu\u00e9s del bronco rifirrafe entre Pablo Iglesias y Vox: \u00abSi en alg\u00fan momento podemos demostrar para qu\u00e9 sirve la pol\u00edtica es este y, si no, es que no servimos para nada\u00bb<\/h3>\n<div class=\"cnt-body\">\n<div id=\"cuerpo_noticia_r\" class=\"cuerpo\">\n<p style=\"text-align: justify;\">La comisi\u00f3n para la reconstrucci\u00f3n se ha reunido este jueves y el ambiente se ha ido crispando hasta el punto de que el portavoz de Vox, <strong>Iv\u00e1n Espinosa de los Monteros, ha abandonado la sala despu\u00e9s de que Pablo Iglesias dijera que a esa formaci\u00f3n \u00able gustar\u00eda dar un golpe de Estado, pero no se atreven\u00bb.<\/strong> Horas m\u00e1s tarde, ese momento segu\u00eda protagonizando el encuentro, que no tiene otro fin que proponer soluciones en el \u00e1mbito social y econ\u00f3mico a los problemas de la ciudadan\u00eda.<\/p>\n<p style=\"text-align: justify;\">El diputado Enrique Santiago, secretario general del PCE y diputado de Unidas Podemos, ha criticado desde la mesa de la presidencia de la comisi\u00f3n que se haya tolerado que Vox llame \u00abpir\u00f3manos comunistas\u00bb al Gobierno que la reuni\u00f3n sea \u00abun chorreo de insultos y utilizaci\u00f3n de t\u00e9rminos peyorativos constante\u00bb.<\/p>\n<p style=\"text-align: justify;\">El presidente de la comisi\u00f3n, el socialista Patxi L\u00f3pez, le ha quitado la palabra para hacer una llamada a la reflexi\u00f3n sobre lo que all\u00ed estaba pasando:<\/p>\n<p style=\"text-align: justify;\"><em><strong>\u00abLlevo media vida escoltado para defender la libertad para que todos digan lo que le da la gana, pero debi\u00e9ramos hacer una reflexi\u00f3n<\/strong> de si debemos decir lo que nos da la gana sobre todo, en todas partes. <strong>Igual aqu\u00ed debemos decir lo que nos da la gana sobre lo que venimos a hacer en esta comisi\u00f3n, no sobre cualquier cosa, porque entonces \u00bfpara qu\u00e9 venimos aqu\u00ed?<\/strong> <strong>\u00bfpara reproducir los insultos?<\/strong> \u00bfPara reproducir las descalificaciones que ya tienen lugar en otro sitio, en otro escenario? \u00bfEs que no estamos entendiendo nada de lo que demanda la ciudadan\u00eda de esta comisi\u00f3n? Por favor, un poco de entender para qu\u00e9 estamos aqu\u00ed de una vez. Que debemos venir con voluntad pol\u00edtica para proponer, acordar, para entender qu\u00e9 espera la gente de nosotros, y no espera que estemos todo el d\u00eda en la cr\u00edtica, la descalificaci\u00f3n, en el &#8216;y t\u00fa m\u00e1s&#8217;. Ya est\u00e1 bien. Un poco de entender para qu\u00e9 nos eligen, un poco de entender que, <strong>si en alg\u00fan momento podemos demostrar para qu\u00e9 sirve la pol\u00edtica y de entender para qu\u00e9 nos eligen es este y, si no, es que no servimos para nada.<\/strong> Debemos de ser capaces de autocensurarnos un poquito para estar a la altura de las circunstancias. Y vuelvo a disculparme, yo, porque no lo he hecho bien. Por favor, no ahondemos en esto y hagamos lo que tenemos que hacer\u00bb.<\/em><\/p>\n<\/div>\n<\/div>\n","protected":false},"excerpt":{"rendered":"<p>El presidente de la Comisi\u00f3n para la reconstrucci\u00f3n ha hecho un llamamiento a la reflexi\u00f3n&#8230;<\/p>\n","protected":false},"author":1,"featured_media":40174,"comment_status":"closed","ping_status":"closed","sticky":false,"template":"","format":"standard","meta":{"_coblocks_attr":"","_coblocks_dimensions":"","_coblocks_responsive_height":"","_coblocks_accordion_ie_support":"","jetpack_post_was_ever_published":false,"_jetpack_newsletter_access":"","_jetpack_dont_email_post_to_subs":false,"_jetpack_newsletter_tier_id":0,"_jetpack_memberships_contains_paywalled_content":false,"_jetpack_memberships_contains_paid_content":false,"footnotes":"","jetpack_publicize_message":"","jetpack_publicize_feature_enabled":true,"jetpack_social_post_already_shared":false,"jetpack_social_options":{"image_generator_settings":{"template":"highway","default_image_id":0,"enabled":false},"version":2}},"categories":[1161,7149,44,6937,15],"tags":[1511,42,826],"class_list":["post-40173","post","type-post","status-publish","format-standard","has-post-thumbnail","hentry","category-ciudadania","category-coronavirus","category-noticias-de-hoy","category-sociedad","category-ultimas-noticias","tag-congreso","tag-politica","tag-propuestas"],"jetpack_publicize_connections":[],"jetpack_featured_media_url":"https:\/\/i0.wp.com\/miradordeatarfe.es\/wp-content\/uploads\/2020\/05\/0_87dvae1z.jpg?fit=990%2C557&ssl=1","jetpack_likes_enabled":true,"jetpack_sharing_enabled":true,"_links":{"self":[{"href":"https:\/\/miradordeatarfe.es\/index.php?rest_route=\/wp\/v2\/posts\/40173","targetHints":{"allow":["GET"]}}],"collection":[{"href":"https:\/\/miradordeatarfe.es\/index.php?rest_route=\/wp\/v2\/posts"}],"about":[{"href":"https:\/\/miradordeatarfe.es\/index.php?rest_route=\/wp\/v2\/types\/post"}],"author":[{"embeddable":true,"href":"https:\/\/miradordeatarfe.es\/index.php?rest_route=\/wp\/v2\/users\/1"}],"replies":[{"embeddable":true,"href":"https:\/\/miradordeatarfe.es\/index.php?rest_route=%2Fwp%2Fv2%2Fcomments&post=40173"}],"version-history":[{"count":1,"href":"https:\/\/miradordeatarfe.es\/index.php?rest_route=\/wp\/v2\/posts\/40173\/revisions"}],"predecessor-version":[{"id":40175,"href":"https:\/\/miradordeatarfe.es\/index.php?rest_route=\/wp\/v2\/posts\/40173\/revisions\/40175"}],"wp:featuredmedia":[{"embeddable":true,"href":"https:\/\/miradordeatarfe.es\/index.php?rest_route=\/wp\/v2\/media\/40174"}],"wp:attachment":[{"href":"https:\/\/miradordeatarfe.es\/index.php?rest_route=%2Fwp%2Fv2%2Fmedia&parent=40173"}],"wp:term":[{"taxonomy":"category","embeddable":true,"href":"https:\/\/miradordeatarfe.es\/index.php?rest_route=%2Fwp%2Fv2%2Fcategories&post=40173"},{"taxonomy":"post_tag","embeddable":true,"href":"https:\/\/miradordeatarfe.es\/index.php?rest_route=%2Fwp%2Fv2%2Ftags&post=40173"}],"curies":[{"name":"wp","href":"https:\/\/api.w.org\/{rel}","templated":true}]}}