{"id":4022,"date":"2015-10-19T10:30:09","date_gmt":"2015-10-19T10:30:09","guid":{"rendered":"http:\/\/miradordeatarfe.es\/?p=4022"},"modified":"2015-10-21T08:01:06","modified_gmt":"2015-10-21T08:01:06","slug":"dia-mundial-contra-el-cancer-de-mama-26-000-nuevos-casos-cada-ano-en-espana","status":"publish","type":"post","link":"https:\/\/miradordeatarfe.es\/?p=4022","title":{"rendered":"D\u00eda Mundial contra el C\u00e1ncer de Mama: 26.000 nuevos casos cada a\u00f1o en Espa\u00f1a"},"content":{"rendered":"<p>Cada 19 de octubre se celebra una jornada de reflexi\u00f3n en la que se recuerda que la detecci\u00f3n precoz de los tumores resulta fundamental para atajar a tiempo el problema<!--more--><\/p>\n<p>Este lunes, 19 de octubre, se celebra el D\u00eda Internacional contra el C\u00e1ncer de Mama. Una fecha clave para recordar que los tumores malignos en estas zonas del cuerpo son el tipo de c\u00e1ncer m\u00e1s frecuente entre las mujeres de todo el mundo, sin tener en cuenta los c\u00e1nceres de piel no melanomas. En Espa\u00f1a, cada a\u00f1o se diagnostican<strong> 26.000 casos<\/strong>, una cifra que representa casi el 30% de todos los tumores en sexo femenino detectados en el pa\u00eds.<\/p>\n<p>Adem\u00e1s, el c\u00e1ncer de mama es m\u00e1s com\u00fan en determinadas zonas del territorio. As\u00ed, Catalu\u00f1a es la regi\u00f3n que m\u00e1s diagn\u00f3sticos acumula, con una incidencia de <strong>83,9 casos por cada 100.000 habitantes<\/strong>. La cifra resulta alarmante si se tiene en cuenta que la media nacional est\u00e1 ubicada en 50,9 pacientes por cada 100.000 habitantes. A pesar de estos datos, Espa\u00f1a no es el pa\u00eds con m\u00e1s diagn\u00f3sticos registrados, pues Canad\u00e1, Reino Unido, Estados Unidos, B\u00e9lgica, Francia o Suiza los superan.<\/p>\n<p><a href=\"https:\/\/i0.wp.com\/miradordeatarfe.es\/wp-content\/uploads\/2015\/10\/CAN.jpg?ssl=1\"><img data-recalc-dims=\"1\" loading=\"lazy\" decoding=\"async\" class=\"alignnone size-full wp-image-4024\" src=\"https:\/\/i0.wp.com\/miradordeatarfe.es\/wp-content\/uploads\/2015\/10\/CAN.jpg?resize=275%2C183&#038;ssl=1\" alt=\"CAN\" width=\"275\" height=\"183\" \/><\/a><\/p>\n<div>\n<p>Los expertos apuntan como causas de un mayor n\u00famero de casos y de tasa de incidencia al imparable envejecimiento de la poblaci\u00f3n y la cada vez m\u00e1s desarrollada detecci\u00f3n precoz. Identificar el c\u00e1ncer de mama cuanto antes resulta fundamental, puesto que las <strong>posibilidades de curaci\u00f3n<\/strong> cuando los tumores se detectan en su etapa inicial son casi del 100%. Para localizar las c\u00e9lulas cancerosas, es importante someterse peri\u00f3dicamente a mamograf\u00edas, unas t\u00e9cnicas no invasivas que pueden detectar lesiones en la mama incluso dos a\u00f1os antes de que sean palpables.<\/p>\n<h2>Los hombres\u00a0tambi\u00e9n lo sufren<\/h2>\n<div id=\"SVInLineAdDiv\">\u00a0Estos procedimientos de detecci\u00f3n son muy importantes: una de cada ocho mujeres padecer\u00e1 c\u00e1ncer de mama a lo lago de su vida, por lo que la atenci\u00f3n m\u00e9dica continuada resulta fundamental si se quiere atajar el tumor cuanto antes. Y <strong>no solo en mujeres<\/strong>. Este tipo de c\u00e1ncer, aunque es mucho m\u00e1s frecuente en el sector femenino, tambi\u00e9n est\u00e1\u00a0presente\u00a0entre los hombres, con un porcentaje de incidencia de menos del 1% de todos los c\u00e1nceres de mama.<\/div>\n<p>En varones, los tumores en los pechos parecen estar relacionados con los mismos factores que en el caso de las mujeres: la exposici\u00f3n a radiaciones ionizantes y a situaciones de hiperestrogenismo. A diferencia de otros casos, en los varones el <strong>tratamiento quir\u00fargico <\/strong>que se prefiere es la mastectom\u00eda, tal y como recuerda la Asociaci\u00f3n Espa\u00f1ola Contra el C\u00e1ncer, que cada 19 de octubre se encarga de recordar a toda la poblaci\u00f3n que la investigaci\u00f3n es \u201clo \u00fanico que, a largo plazo, curar\u00e1 el c\u00e1ncer de mama\u201d.<br \/>\nLeer m\u00e1s: \u00a0<a href=\"http:\/\/goo.gl\/C6HIGq\">D\u00eda Mundial contra el C\u00e1ncer de Mama: 26.000 nuevos casos cada a\u00f1o en Espa\u00f1a. Noticias de Alma, Coraz\u00f3n, Vida<\/a> \u00a0<a href=\"http:\/\/goo.gl\/C6HIGq\">http:\/\/goo.gl\/C6HIGq<\/a><\/p>\n<\/div>\n<div>\n<\/div>\n","protected":false},"excerpt":{"rendered":"<p>Cada 19 de octubre se celebra una jornada de reflexi\u00f3n en la que se recuerda&#8230;<\/p>\n","protected":false},"author":1,"featured_media":4025,"comment_status":"closed","ping_status":"closed","sticky":false,"template":"","format":"standard","meta":{"_coblocks_attr":"","_coblocks_dimensions":"","_coblocks_responsive_height":"","_coblocks_accordion_ie_support":"","jetpack_post_was_ever_published":false,"_jetpack_newsletter_access":"","_jetpack_dont_email_post_to_subs":false,"_jetpack_newsletter_tier_id":0,"_jetpack_memberships_contains_paywalled_content":false,"_jetpack_memberships_contains_paid_content":false,"footnotes":"","jetpack_publicize_message":"","jetpack_publicize_feature_enabled":true,"jetpack_social_post_already_shared":false,"jetpack_social_options":{"image_generator_settings":{"template":"highway","default_image_id":0,"enabled":false},"version":2}},"categories":[15,10],"tags":[277,1454,1455],"class_list":["post-4022","post","type-post","status-publish","format-standard","has-post-thumbnail","hentry","category-ultimas-noticias","category-salud","tag-cancer","tag-cancer-de-mama","tag-curacion"],"jetpack_publicize_connections":[],"jetpack_featured_media_url":"https:\/\/i0.wp.com\/miradordeatarfe.es\/wp-content\/uploads\/2015\/10\/19octubre2009.jpeg?fit=550%2C210&ssl=1","jetpack_likes_enabled":true,"jetpack_sharing_enabled":true,"_links":{"self":[{"href":"https:\/\/miradordeatarfe.es\/index.php?rest_route=\/wp\/v2\/posts\/4022","targetHints":{"allow":["GET"]}}],"collection":[{"href":"https:\/\/miradordeatarfe.es\/index.php?rest_route=\/wp\/v2\/posts"}],"about":[{"href":"https:\/\/miradordeatarfe.es\/index.php?rest_route=\/wp\/v2\/types\/post"}],"author":[{"embeddable":true,"href":"https:\/\/miradordeatarfe.es\/index.php?rest_route=\/wp\/v2\/users\/1"}],"replies":[{"embeddable":true,"href":"https:\/\/miradordeatarfe.es\/index.php?rest_route=%2Fwp%2Fv2%2Fcomments&post=4022"}],"version-history":[{"count":1,"href":"https:\/\/miradordeatarfe.es\/index.php?rest_route=\/wp\/v2\/posts\/4022\/revisions"}],"predecessor-version":[{"id":4026,"href":"https:\/\/miradordeatarfe.es\/index.php?rest_route=\/wp\/v2\/posts\/4022\/revisions\/4026"}],"wp:featuredmedia":[{"embeddable":true,"href":"https:\/\/miradordeatarfe.es\/index.php?rest_route=\/wp\/v2\/media\/4025"}],"wp:attachment":[{"href":"https:\/\/miradordeatarfe.es\/index.php?rest_route=%2Fwp%2Fv2%2Fmedia&parent=4022"}],"wp:term":[{"taxonomy":"category","embeddable":true,"href":"https:\/\/miradordeatarfe.es\/index.php?rest_route=%2Fwp%2Fv2%2Fcategories&post=4022"},{"taxonomy":"post_tag","embeddable":true,"href":"https:\/\/miradordeatarfe.es\/index.php?rest_route=%2Fwp%2Fv2%2Ftags&post=4022"}],"curies":[{"name":"wp","href":"https:\/\/api.w.org\/{rel}","templated":true}]}}