{"id":40249,"date":"2020-06-02T11:29:36","date_gmt":"2020-06-02T09:29:36","guid":{"rendered":"http:\/\/miradordeatarfe.es\/?p=40249"},"modified":"2020-06-01T17:17:32","modified_gmt":"2020-06-01T15:17:32","slug":"andalucia-y-la-privatizacion-de-los-medios-publicos-locales","status":"publish","type":"post","link":"https:\/\/miradordeatarfe.es\/?p=40249","title":{"rendered":"\u00abAndaluc\u00eda y la privatizaci\u00f3n de los medios p\u00fablicos locales\u00bb por Maria Serra"},"content":{"rendered":"<h3 style=\"text-align: justify;\">El gobierno andaluz aprovecha la situaci\u00f3n de excepcionalidad creada por la pandemia para aprobar una modificaci\u00f3n de la Ley Audiovisual de Andaluc\u00eda (LAA). Fue consensuada con nula actividad parlamentaria y con el apoyo de la ultraderecha de VOX.<\/h3>\n<p style=\"text-align: justify;\">El sector de la informaci\u00f3n conlleva conocer el contexto en el que se desarrolla la actividad y proponer as\u00ed pol\u00edticas p\u00fablicas correspondientes para conseguir los cambios necesarios. Estas pol\u00edticas p\u00fablicas deben de ser planteadas por profesionales de la informaci\u00f3n, totalmente conocedores de la situaci\u00f3n actual. En Espa\u00f1a contamos con medios p\u00fablicos al servicio de la ciudadan\u00eda (radio, tv, prensa\u2026) que sufren un ataque masivo por parte del sector privado. Estos junto a los medios p\u00fablicos locales son los m\u00e1s desfavorecidos en una cadena basada en el inter\u00e9s particular.<\/p>\n<p style=\"text-align: justify;\">En Espa\u00f1a contamos con la actual Ley General de Comunicaci\u00f3n Audiovisual (LGCA) supuestamente orientada a coordinar la comunicaci\u00f3n audiovisual del \u00e1mbito estatal. En ella se defienden conceptos b\u00e1sicos como el derecho a una informaci\u00f3n plural y transparente. Pero el gran problema es el incumplimiento de la ley. La ausencia de una instituci\u00f3n independiente como el Consejo Superior Audiovisual en Francia es uno de los factores que refuerzan la concentraci\u00f3n y oligopolizaci\u00f3n de los medios actualmente.<\/p>\n<p style=\"text-align: justify;\">En Andaluc\u00eda contamos con la Ley Audiovisual de Andaluc\u00eda, la cual entr\u00f3 en vigor en 2018 y fue aprobada por el anterior Partido Socialista. Dicha ley establece una regulaci\u00f3n de este sector e incluye mejoras de acceso de la ciudadan\u00eda a los medios y el adecuado reflejo de la diversidad pol\u00edtica, cultural y social de las comunidades.<\/p>\n<p style=\"text-align: justify;\">El actual presidente de Andaluc\u00eda, Juanma Moreno, ya advirti\u00f3 en diciembre de 2019 una reforma de la actual Ley Audiovisual de Andaluc\u00eda. Pero no ha sido hasta abril de 2020, en pleno estado de alarma, cuando se ha decidido aprobar dicha modificaci\u00f3n.<\/p>\n<p style=\"text-align: justify;\">El Ejecutivo de Juanma Moreno ha apostado por la eliminaci\u00f3n de las garant\u00edas de un servicio publico audiovisual para la ciudadan\u00eda, especialmente en el \u00e1mbito local. Este Decreto Ley fue aprobado unilateralmente y supone una desregulaci\u00f3n que solo beneficia a aquellos que act\u00faan fuera de la ley. Entre las medidas se encuentra la autorizaci\u00f3n a los municipios para privatizar libremente las frecuencias concedidas, dejando las localidades sin medios p\u00fablicos ni identidad local.<\/p>\n<p style=\"text-align: justify;\">Los medios locales, transmisores de la cultura e identidad local, son unos de los recursos m\u00e1s importantes que un municipio puede tener. La baja importancia que se brinda a estos peque\u00f1os medios de comunicaci\u00f3n en las pol\u00edticas p\u00fablicas son fruto de la ambici\u00f3n econ\u00f3mica e individual que permanece en nuestras instituciones.<\/p>\n<p style=\"text-align: justify;\">La paralizaci\u00f3n de las penalizaciones a los anunciantes que compren espacios en emisoras sin licencia es otra de las medidas que m\u00e1s afecta a la pluralidad e imparcialidad de los medios. La importancia de las pol\u00edticas p\u00fablicas para democratizar el dominio p\u00fablico radioel\u00e9ctrico es fundamental. Por ello, mas de 20 organizaciones del sector entre las que se encuentran la FAPE (Federaci\u00f3n de Asociaciones de Periodistas de Espa\u00f1a), han pedido al Consejo Audiovisual la revisi\u00f3n de dicha modificaci\u00f3n.<\/p>\n<p style=\"text-align: justify;\">En el mapa de medios radiof\u00f3nicos, Andaluc\u00eda cuenta con un total de 29 emisoras municipales externalizadas a entidades privadas, una situaci\u00f3n que resulta contraproducente de acuerdo con las legislaciones encargadas de regular el sector audiovisual.<\/p>\n<p style=\"text-align: justify;\">Este es solo un ejemplo de la privatizaci\u00f3n que nuestro entorno est\u00e1 sufriendo sin ni siquiera percatarnos. Son medidas tomadas a la sombra de una crisis que suponen la suspensi\u00f3n de derechos tan fundamentales como el derecho a una informaci\u00f3n veraz y plural. La garant\u00eda del servicio p\u00fablico debe ser protegida con pol\u00edticas p\u00fablicas sin trampas, sin intereses y cuidando la accesibilidad de los peque\u00f1os municipios a estos medios.<\/p>\n","protected":false},"excerpt":{"rendered":"<p>El gobierno andaluz aprovecha la situaci\u00f3n de excepcionalidad creada por la pandemia para aprobar una&#8230;<\/p>\n","protected":false},"author":1,"featured_media":40250,"comment_status":"closed","ping_status":"closed","sticky":false,"template":"","format":"standard","meta":{"_coblocks_attr":"","_coblocks_dimensions":"","_coblocks_responsive_height":"","_coblocks_accordion_ie_support":"","jetpack_post_was_ever_published":false,"_jetpack_newsletter_access":"","_jetpack_dont_email_post_to_subs":false,"_jetpack_newsletter_tier_id":0,"_jetpack_memberships_contains_paywalled_content":false,"_jetpack_memberships_contains_paid_content":false,"footnotes":"","jetpack_publicize_message":"","jetpack_publicize_feature_enabled":true,"jetpack_social_post_already_shared":false,"jetpack_social_options":{"image_generator_settings":{"template":"highway","default_image_id":0,"enabled":false},"version":2}},"categories":[1161,7149,7244,44,6920,15],"tags":[172,7381,5993],"class_list":["post-40249","post","type-post","status-publish","format-standard","has-post-thumbnail","hentry","category-ciudadania","category-coronavirus","category-opinion-de-maria-serra","category-noticias-de-hoy","category-tecnologia","category-ultimas-noticias","tag-andalucia","tag-medios-informativos","tag-privatizacion"],"jetpack_publicize_connections":[],"jetpack_featured_media_url":"https:\/\/i0.wp.com\/miradordeatarfe.es\/wp-content\/uploads\/2020\/06\/2656830_0.jpeg?fit=1200%2C675&ssl=1","jetpack_likes_enabled":true,"jetpack_sharing_enabled":true,"_links":{"self":[{"href":"https:\/\/miradordeatarfe.es\/index.php?rest_route=\/wp\/v2\/posts\/40249","targetHints":{"allow":["GET"]}}],"collection":[{"href":"https:\/\/miradordeatarfe.es\/index.php?rest_route=\/wp\/v2\/posts"}],"about":[{"href":"https:\/\/miradordeatarfe.es\/index.php?rest_route=\/wp\/v2\/types\/post"}],"author":[{"embeddable":true,"href":"https:\/\/miradordeatarfe.es\/index.php?rest_route=\/wp\/v2\/users\/1"}],"replies":[{"embeddable":true,"href":"https:\/\/miradordeatarfe.es\/index.php?rest_route=%2Fwp%2Fv2%2Fcomments&post=40249"}],"version-history":[{"count":2,"href":"https:\/\/miradordeatarfe.es\/index.php?rest_route=\/wp\/v2\/posts\/40249\/revisions"}],"predecessor-version":[{"id":40252,"href":"https:\/\/miradordeatarfe.es\/index.php?rest_route=\/wp\/v2\/posts\/40249\/revisions\/40252"}],"wp:featuredmedia":[{"embeddable":true,"href":"https:\/\/miradordeatarfe.es\/index.php?rest_route=\/wp\/v2\/media\/40250"}],"wp:attachment":[{"href":"https:\/\/miradordeatarfe.es\/index.php?rest_route=%2Fwp%2Fv2%2Fmedia&parent=40249"}],"wp:term":[{"taxonomy":"category","embeddable":true,"href":"https:\/\/miradordeatarfe.es\/index.php?rest_route=%2Fwp%2Fv2%2Fcategories&post=40249"},{"taxonomy":"post_tag","embeddable":true,"href":"https:\/\/miradordeatarfe.es\/index.php?rest_route=%2Fwp%2Fv2%2Ftags&post=40249"}],"curies":[{"name":"wp","href":"https:\/\/api.w.org\/{rel}","templated":true}]}}