{"id":40274,"date":"2020-06-04T08:23:04","date_gmt":"2020-06-04T06:23:04","guid":{"rendered":"http:\/\/miradordeatarfe.es\/?p=40274"},"modified":"2020-06-01T18:44:46","modified_gmt":"2020-06-01T16:44:46","slug":"tus-datos-se-guardan-en-lugares-inesperados","status":"publish","type":"post","link":"https:\/\/miradordeatarfe.es\/?p=40274","title":{"rendered":"Tus datos se guardan en lugares inesperados"},"content":{"rendered":"<section class=\"cover col-12\">\n<h3 class=\"galleries--summary\" style=\"text-align: justify;\">\u00bfSab\u00edas que tus datos pueden estar en el \u00c1rtico o incluso en una iglesia de Finlandia? Estos son los data centers m\u00e1s ins\u00f3litos.<\/h3>\n<div class=\"galleries--first--block\" style=\"text-align: justify;\">\n<div class=\"gallery--first--block--paragraphs\">\n<div id=\"paragraph_1\" class=\"paragraph--container\">\n<div class=\"paragraph--text\">\n<p>A d\u00eda de hoy, pr\u00e1cticamente todas nuestras acciones generan una gran cantidad de datos e informaci\u00f3n y <strong>todos esos datos deben almacenarse en un lugar<\/strong>: se trata de los centros de datos o <em>data centers<\/em>. Sin ir m\u00e1s lejos, <strong>cada minuto se env\u00edan en el mundo unos 188 millones de correos electr\u00f3nicos<\/strong>, 11 280 emails a la hora, 270 720 correos al d\u00eda&#8230; Una cifra que da v\u00e9rtigo, \u00bfverdad? Y esto son solo <a class=\"textlink\" title=\"Filtraci\u00f3n hist\u00f3rica: Expuestos m\u00e1s de 772 millones de emails\" href=\"https:\/\/www.muyinteresante.es\/tecnologia\/articulo\/filtracion-historica-expuestos-mas-de-772-millones-de-emails-991547801043\">emails<\/a> comunes. Imagina la gran cantidad de datos que se mueve cada d\u00eda por el planeta y se almacena por la red. \u00bfA d\u00f3nde van a parar todos esos datos? \u00bfEn qu\u00e9 lugar se almacenan?<strong> \u00bfEs importante el lugar en el que se sit\u00fae un centro de datos?<\/strong><\/p>\n<p>Los centros de datos se ubican en los lugares m\u00e1s insospechados y su localizaci\u00f3n no es balad\u00ed. No es azar. Su ubicaci\u00f3n es una decisi\u00f3n clave a muchos niveles y, aunque muchos est\u00e1n situados en localizaciones ordinarias, <strong>existen algunos ubicados en lugares m\u00e1s bien peculiares,<\/strong> como por ejemplo una mina de Noruega, bajo el agua, en el c\u00edrculo polar \u00c1rtico o en una iglesia de <a class=\"textlink\" title=\"\u00bfQu\u00e9 significan los nombres de cada pa\u00eds?\" href=\"https:\/\/www.muyinteresante.es\/cultura\/arte-cultura\/fotos\/que-significan-los-nombres-de-cada-pais\">Finlandia<\/a>.<\/p>\n<p>En esta sociedad de la informaci\u00f3n y de los datos, con cada vez m\u00e1s personas con acceso a la red <a class=\"textlink\" title=\"Mitos de Internet\" href=\"https:\/\/www.muyinteresante.es\/tecnologia\/fotos\/mitos-de-internet\">Internet<\/a> (solo en Espa\u00f1a ya fueron 4 millones de personas este \u00faltimo a\u00f1o) y, seg\u00fan el informe de <em>We Are Social y Hootsuite<\/em> que presentaron a principios de <a class=\"textlink\" title=\"Las mejores apps de 2020\" href=\"https:\/\/www.muyinteresante.es\/tecnologia\/fotos\/las-mejores-apps-de-2020-241580137153\">2020<\/a>, 2019 contaba con la nada despreciable cifra de <strong>4.540 millones<\/strong>, es decir, el 59% de la poblaci\u00f3n mundial (el anterior informe de 2019 arrojaba una cifra de 4.388 millones de internautas, con una penetraci\u00f3n del 57%).<\/p>\n<p>Y esta cifra no parar\u00e1 de aumentar con la llegada del <a class=\"textlink\" title=\"C\u00f3mo afectar\u00e1 el 5G al tr\u00e1fico de las ciudades\" href=\"https:\/\/www.muyinteresante.es\/curiosidades-motor\/articulo\/como-afectara-el-5g-al-trafico-de-las-ciudades-581573069099\">5G<\/a> y la extensi\u00f3n del <a class=\"textlink\" title=\"Bicicletas de Pek\u00edn: la red de 'el Internet de las cosas' m\u00e1s grande del mundo\" href=\"https:\/\/www.muyinteresante.es\/tecnologia\/articulo\/bicicletas-de-pekin-la-red-de-el-internet-de-las-cosas-mas-grande-del-mundo\">internet de las cosas<\/a>, que favorecer\u00e1n, sin lugar a dudas, un incremento en el volumen de datos en todo el planeta, lo que supone un reto de almacenamiento y espacio para los centros de datos mundiales. Y <strong>cuanto m\u00e1s lejos est\u00e9n del usuario final, m\u00e1s distancia tendr\u00e1n que recorrer los datos<\/strong> y por tanto, mayor latencia, de ah\u00ed que sea importante que estos se ubiquen cerca del usuario y no al contrario.<\/p>\n<p>\nPero, \u00bfcu\u00e1les son esos lugares tan ins\u00f3litos donde se guardan nuestros datos?<\/p>\n<\/div>\n<\/div>\n<\/div>\n<\/div>\n<\/section>\n<section id=\"gallery--main\" class=\"container gallery--main\">\n<section class=\"gallery--section\" data-id=\"1\">\n<div id=\"sunmedia\" class=\"items--container\">\n<div class=\"item\" data-type=\"image\" data-slug=\"1\" data-id=\"1\">\n<div class=\"item--title\" style=\"text-align: justify;\">Qu\u00e9 es un centro de datos<\/div>\n<div class=\"item--text\">\n<p style=\"text-align: justify;\">Llenos de equipos <a title=\"Virus inform\u00e1ticos: la nueva arma del espionaje\" href=\"https:\/\/www.muyinteresante.es\/revista-muy\/noticias-muy\/articulo\/virus-informaticos-la-nueva-arma-del-espionaje-461451899809\">inform\u00e1ticos<\/a> y de redes, los centros de datos son ubicaciones centrales que recopilan, almacenan y procesan datos. A medida que el mundo depende cada vez m\u00e1s de tecnolog\u00edas intensivas con mayor volumen de datos, el uso de energ\u00eda de los centros de datos se ha convertido en una preocupaci\u00f3n creciente.<strong> Estos son los lugares m\u00e1s sorprendentes donde actualmente hay data centers.<\/strong><\/p>\n<\/div>\n<\/div>\n<div class=\"item\" data-type=\"image\" data-slug=\"2\" data-id=\"2\">\n<div class=\"skeletal--container\">\n<div class=\"skeletal--image\">\n<div class=\"skeletal--fullscreen\">\u00a0<\/div>\n<\/div>\n<div class=\"skeletal--title\"><a href=\"https:\/\/i0.wp.com\/miradordeatarfe.es\/wp-content\/uploads\/2020\/06\/mina-de-noruega.jpg?ssl=1\"><img data-recalc-dims=\"1\" loading=\"lazy\" decoding=\"async\" class=\"alignnone wp-image-40275 size-large\" src=\"https:\/\/i0.wp.com\/miradordeatarfe.es\/wp-content\/uploads\/2020\/06\/mina-de-noruega.jpg?resize=618%2C348&#038;ssl=1\" alt=\"\" width=\"618\" height=\"348\" srcset=\"https:\/\/i0.wp.com\/miradordeatarfe.es\/wp-content\/uploads\/2020\/06\/mina-de-noruega.jpg?resize=1024%2C576&amp;ssl=1 1024w, https:\/\/i0.wp.com\/miradordeatarfe.es\/wp-content\/uploads\/2020\/06\/mina-de-noruega.jpg?resize=300%2C169&amp;ssl=1 300w, https:\/\/i0.wp.com\/miradordeatarfe.es\/wp-content\/uploads\/2020\/06\/mina-de-noruega.jpg?resize=768%2C432&amp;ssl=1 768w, https:\/\/i0.wp.com\/miradordeatarfe.es\/wp-content\/uploads\/2020\/06\/mina-de-noruega.jpg?resize=600%2C337&amp;ssl=1 600w, https:\/\/i0.wp.com\/miradordeatarfe.es\/wp-content\/uploads\/2020\/06\/mina-de-noruega.jpg?w=1140&amp;ssl=1 1140w\" sizes=\"auto, (max-width: 618px) 100vw, 618px\" \/><\/a><\/div>\n<div class=\"skeletal--text\">\u00a0<\/div>\n<\/div>\n<div class=\"item--footer\" style=\"text-align: justify;\">lefdalmine.com<\/div>\n<div class=\"item--title\" style=\"text-align: justify;\"><strong>En una mina de Noruega<\/strong><\/div>\n<div class=\"item--text\">\n<p style=\"text-align: justify;\"><strong>\u00bfTe imaginas un centro de datos en las profundidades de una mina n\u00f3rdica?<\/strong> Pues una de las soluciones al gasto energ\u00e9tico que supone la refrigeraci\u00f3n de un centro de datos llev\u00f3 a implantar un centro de datos en la antigua mina<strong> Lefdal de Noruega.<\/strong> \u00bfEl motivo? Teniendo en cuenta que los servidores necesitan estar activos 24 horas al d\u00eda sin interrupciones, toda esta actividad genera much\u00edsimo calor y hay que contrarrestar la posibilidad de altas temperaturas para que no se vea interrumpido el servicio, de ah\u00ed que el coste en refrigerar el centro de datos sea un aspecto clave a tener en cuenta. El frescor de una antigua mina noruega hace que sea una de las decisiones m\u00e1s eficientes para solucionar este problema de temperatura. Una curiosidad:<strong> la mina subterr\u00e1nea se empleaba para excavar olivino,<\/strong> tambi\u00e9n conocido como peridoto, un <a title=\"Minerales de ciencia ficci\u00f3n\" href=\"https:\/\/www.muyinteresante.es\/ciencia\/fotos\/minerales-de-ciencia-ficcion\">mineral<\/a> verde de alta densidad utilizado en la producci\u00f3n de acero (y una de las pocas piedras preciosas encontradas en un solo color).<\/p>\n<\/div>\n<\/div>\n<div class=\"item\" data-type=\"image\" data-slug=\"3\" data-id=\"3\">\n<div class=\"skeletal--container\">\n<div class=\"skeletal--image\">\n<div class=\"skeletal--rrss\">\u00a0<\/div>\n<div class=\"skeletal--fullscreen\"><a href=\"https:\/\/i0.wp.com\/miradordeatarfe.es\/wp-content\/uploads\/2020\/06\/en-el-circulo-polar-artico.jpg?ssl=1\"><img data-recalc-dims=\"1\" loading=\"lazy\" decoding=\"async\" class=\"alignnone wp-image-40276 size-large\" src=\"https:\/\/i0.wp.com\/miradordeatarfe.es\/wp-content\/uploads\/2020\/06\/en-el-circulo-polar-artico.jpg?resize=618%2C463&#038;ssl=1\" alt=\"\" width=\"618\" height=\"463\" srcset=\"https:\/\/i0.wp.com\/miradordeatarfe.es\/wp-content\/uploads\/2020\/06\/en-el-circulo-polar-artico.jpg?resize=1024%2C767&amp;ssl=1 1024w, https:\/\/i0.wp.com\/miradordeatarfe.es\/wp-content\/uploads\/2020\/06\/en-el-circulo-polar-artico.jpg?resize=300%2C225&amp;ssl=1 300w, https:\/\/i0.wp.com\/miradordeatarfe.es\/wp-content\/uploads\/2020\/06\/en-el-circulo-polar-artico.jpg?resize=768%2C575&amp;ssl=1 768w, https:\/\/i0.wp.com\/miradordeatarfe.es\/wp-content\/uploads\/2020\/06\/en-el-circulo-polar-artico.jpg?resize=600%2C449&amp;ssl=1 600w, https:\/\/i0.wp.com\/miradordeatarfe.es\/wp-content\/uploads\/2020\/06\/en-el-circulo-polar-artico.jpg?w=1140&amp;ssl=1 1140w\" sizes=\"auto, (max-width: 618px) 100vw, 618px\" \/><\/a><\/div>\n<\/div>\n<div class=\"skeletal--title\">\u00a0<\/div>\n<\/div>\n<div class=\"item--footer\" style=\"text-align: justify;\">Facebook<\/div>\n<div class=\"item--title\" style=\"text-align: justify;\"><strong>En el C\u00edrculo Polar \u00c1rtico<\/strong><\/div>\n<div class=\"item--text\">\n<p style=\"text-align: justify;\">Si le das a \u201cMe gusta\u201d a algo en <a title=\"C\u00f3mo tus 'me gusta' de Facebook revelan tu cociente intelectual\" href=\"https:\/\/www.muyinteresante.es\/tecnologia\/articulo\/como-tus-me-gusta-de-facebook-revelan-tu-cociente-intelectual-821583402903\">Facebook<\/a>, es probable que se guarde en el centro de datos de Facebook en Lule\u00e5. Ubicado en lo que se ha llamado ingeniosamente el \u00abPolo Nodal\u00bb, su temperatura media posibilita que la eficiencia energ\u00e9tica del lugar sea m\u00e1s que afortunada. <strong>Los casi 90.000 metros cuadrados de racks de servidores del centro son enfriados por el fr\u00edo aire n\u00f3rdico que baja a -41 \u00baC en los largos inviernos que duran de septiembre a mayo<\/strong>. Adem\u00e1s, la abundancia de energ\u00eda hidroel\u00e9ctrica local disponible significa que el 100% de la energ\u00eda utilizada es renovable.<\/p>\n<\/div>\n<\/div>\n<\/div>\n<\/section>\n<section class=\"gallery--section\" data-id=\"2\">\n<div class=\"items--container\">\n<div class=\"item\" data-type=\"image\" data-slug=\"4\" data-id=\"4\">\n<div class=\"skeletal--container\">\n<div class=\"skeletal--image\">\n<div class=\"skeletal--fullscreen\"><a href=\"https:\/\/i0.wp.com\/miradordeatarfe.es\/wp-content\/uploads\/2020\/06\/bajo-el-agua.jpg?ssl=1\"><img data-recalc-dims=\"1\" loading=\"lazy\" decoding=\"async\" class=\"alignnone wp-image-40277 size-large\" src=\"https:\/\/i0.wp.com\/miradordeatarfe.es\/wp-content\/uploads\/2020\/06\/bajo-el-agua.jpg?resize=618%2C348&#038;ssl=1\" alt=\"\" width=\"618\" height=\"348\" srcset=\"https:\/\/i0.wp.com\/miradordeatarfe.es\/wp-content\/uploads\/2020\/06\/bajo-el-agua.jpg?resize=1024%2C576&amp;ssl=1 1024w, https:\/\/i0.wp.com\/miradordeatarfe.es\/wp-content\/uploads\/2020\/06\/bajo-el-agua.jpg?resize=300%2C169&amp;ssl=1 300w, https:\/\/i0.wp.com\/miradordeatarfe.es\/wp-content\/uploads\/2020\/06\/bajo-el-agua.jpg?resize=768%2C432&amp;ssl=1 768w, https:\/\/i0.wp.com\/miradordeatarfe.es\/wp-content\/uploads\/2020\/06\/bajo-el-agua.jpg?resize=600%2C337&amp;ssl=1 600w, https:\/\/i0.wp.com\/miradordeatarfe.es\/wp-content\/uploads\/2020\/06\/bajo-el-agua.jpg?w=1140&amp;ssl=1 1140w\" sizes=\"auto, (max-width: 618px) 100vw, 618px\" \/><\/a><\/div>\n<\/div>\n<div class=\"skeletal--title\">\u00a0<\/div>\n<div class=\"skeletal--text\">\u00a0<\/div>\n<\/div>\n<div class=\"item--footer\" style=\"text-align: justify;\">Microsoft<\/div>\n<div class=\"item--title\" style=\"text-align: justify;\"><strong>Bajo el agua<\/strong><\/div>\n<div class=\"item--text\" style=\"text-align: justify;\">\n<p>\u00bfUn centro de datos bajo el agua? \u00bfNo es una locura? El hecho de que <a title=\"\u00bfQu\u00e9 IA traduce mejor? \u00bfLa de Google, Microsoft o DeepL?\" href=\"https:\/\/www.muyinteresante.es\/tecnologia\/inteligencia-artificial\/articulo\/que-ia-traduce-mejor-la-de-google-microsoft-o-deepl-611581367341\">Microsoft<\/a> decidiera colocar un centro de datos bajo el agua tiene todo el sentido del mundo. Recordemos que cuanto m\u00e1s cerca est\u00e9 el centro de datos del usuario, menos tienen que viajar los datos. Teniendo en cuenta que la mayor\u00eda de las personas vive cerca del agua, este centro de datos sumergible se despliega r\u00e1pidamente, y puede aprovechar la energ\u00eda hidrocin\u00e9tica para obtener energ\u00eda y enfriamiento natural. El centro de datos se encuentra en el fondo marino cerca de las<strong> Islas Orcadas de Escocia.<\/strong> Forma parte de un esfuerzo de investigaci\u00f3n para analizar la fabricaci\u00f3n y operatividad de unidades de centro de datos preempaquetadas ambientalmente sostenibles que se puedan pedir a medida, desplegar r\u00e1pidamente y dejar que funcionen de forma independiente en el fondo marino durante a\u00f1os. Es el <strong>Proyect Natick.<\/strong><\/p>\n<\/div>\n<\/div>\n<div class=\"item\" data-type=\"image\" data-slug=\"5\" data-id=\"5\">\n<div class=\"skeletal--container\">\n<div class=\"skeletal--image\">\n<div class=\"skeletal--rrss\" style=\"text-align: justify;\"><a href=\"https:\/\/i0.wp.com\/miradordeatarfe.es\/wp-content\/uploads\/2020\/06\/en-una-iglesia-en-finlandia.jpg?ssl=1\"><img data-recalc-dims=\"1\" loading=\"lazy\" decoding=\"async\" class=\"alignnone wp-image-40278 size-large\" src=\"https:\/\/i0.wp.com\/miradordeatarfe.es\/wp-content\/uploads\/2020\/06\/en-una-iglesia-en-finlandia.jpg?resize=618%2C412&#038;ssl=1\" alt=\"\" width=\"618\" height=\"412\" srcset=\"https:\/\/i0.wp.com\/miradordeatarfe.es\/wp-content\/uploads\/2020\/06\/en-una-iglesia-en-finlandia.jpg?resize=1024%2C683&amp;ssl=1 1024w, https:\/\/i0.wp.com\/miradordeatarfe.es\/wp-content\/uploads\/2020\/06\/en-una-iglesia-en-finlandia.jpg?resize=300%2C200&amp;ssl=1 300w, https:\/\/i0.wp.com\/miradordeatarfe.es\/wp-content\/uploads\/2020\/06\/en-una-iglesia-en-finlandia.jpg?resize=768%2C512&amp;ssl=1 768w, https:\/\/i0.wp.com\/miradordeatarfe.es\/wp-content\/uploads\/2020\/06\/en-una-iglesia-en-finlandia.jpg?resize=600%2C400&amp;ssl=1 600w, https:\/\/i0.wp.com\/miradordeatarfe.es\/wp-content\/uploads\/2020\/06\/en-una-iglesia-en-finlandia.jpg?w=1140&amp;ssl=1 1140w\" sizes=\"auto, (max-width: 618px) 100vw, 618px\" \/><\/a><\/div>\n<div class=\"skeletal--fullscreen\">\u00a0<\/div>\n<\/div>\n<div class=\"skeletal--text\">\u00a0<\/div>\n<\/div>\n<div class=\"item--title\"><strong>En una iglesia en Finlandia<\/strong><\/div>\n<div class=\"item--text\">\n<p style=\"text-align: justify;\">La <a title=\"La catedral de Notre Dame en cifras\" href=\"https:\/\/www.muyinteresante.es\/cultura\/arte-cultura\/video\/la-catedral-de-notre-dame-en-cifras\">catedral<\/a> ortodoxa Uspenski de Helsinki (Finlandia) contaba con un refugio antia\u00e9reo de la <a title=\"\u00bfCrees que el asesinato de Hitler habr\u00eda cambiado el curso de la Segunda Guerra Mundial?\" href=\"https:\/\/www.muyinteresante.es\/revista-muy\/participa\/articulo\/crees-que-el-asesinato-de-hitler-habria-cambiado-el-curso-de-la-segunda-guerra-mundial-361569246794\">Segunda Guerra Mundial<\/a> y qu\u00e9 mejor que aprovecharlo como centro de datos. Posee uno de los requisitos m\u00e1s buscados: una temperatura fresca id\u00f3nea para los servidores. Pero, adem\u00e1s, est\u00e1 todo pensado: <strong>el exceso de calor que emiten los m\u00faltiples servidores es absorbido y distribuido por el sistema de calefacci\u00f3n de la zona, lo que permite que hasta 500 hogares disfruten de su energ\u00eda gratuita<\/strong>. Otros edificios religiosos parece que van a seguir el mismo destino, como la capilla de Salem en Leeds, Reino Unido, que ser\u00e1 convertida tambi\u00e9n en un centro de datos.<\/p>\n<\/div>\n<\/div>\n<div class=\"item\" data-type=\"image\" data-slug=\"6\" data-id=\"6\">\n<div class=\"skeletal--container\">\n<div class=\"skeletal--image\">\n<div class=\"skeletal--rrss\"><a href=\"https:\/\/i0.wp.com\/miradordeatarfe.es\/wp-content\/uploads\/2020\/06\/el-mas-grande-del-mundo.jpg?ssl=1\"><img data-recalc-dims=\"1\" loading=\"lazy\" decoding=\"async\" class=\"alignnone wp-image-40279 size-large\" src=\"https:\/\/i0.wp.com\/miradordeatarfe.es\/wp-content\/uploads\/2020\/06\/el-mas-grande-del-mundo.jpg?resize=618%2C355&#038;ssl=1\" alt=\"\" width=\"618\" height=\"355\" srcset=\"https:\/\/i0.wp.com\/miradordeatarfe.es\/wp-content\/uploads\/2020\/06\/el-mas-grande-del-mundo.jpg?resize=1024%2C588&amp;ssl=1 1024w, https:\/\/i0.wp.com\/miradordeatarfe.es\/wp-content\/uploads\/2020\/06\/el-mas-grande-del-mundo.jpg?resize=300%2C172&amp;ssl=1 300w, https:\/\/i0.wp.com\/miradordeatarfe.es\/wp-content\/uploads\/2020\/06\/el-mas-grande-del-mundo.jpg?resize=768%2C441&amp;ssl=1 768w, https:\/\/i0.wp.com\/miradordeatarfe.es\/wp-content\/uploads\/2020\/06\/el-mas-grande-del-mundo.jpg?resize=600%2C345&amp;ssl=1 600w, https:\/\/i0.wp.com\/miradordeatarfe.es\/wp-content\/uploads\/2020\/06\/el-mas-grande-del-mundo.jpg?w=1140&amp;ssl=1 1140w\" sizes=\"auto, (max-width: 618px) 100vw, 618px\" \/><\/a><\/div>\n<div class=\"skeletal--fullscreen\">\u00a0<\/div>\n<\/div>\n<\/div>\n<div class=\"item--footer\"><strong>Switch<\/strong><\/div>\n<div class=\"item--title\" style=\"text-align: justify;\"><strong>El m\u00e1s grande del mundo<\/strong><\/div>\n<div class=\"item--text\">\n<p style=\"text-align: justify;\"><em>\u201cThe Citadel\u201d,<\/em> la Ciudadela en Tahoe Reno, Nevada (EE. UU.) <strong>es el centro de datos m\u00e1s grande del mundo con aproximadamente 2.200 kil\u00f3metros cuadrados de superficie.<\/strong>\u00a0La compa\u00f1\u00eda Switch es la propietaria de este magno centro de datos y es reconocida mundialmente como l\u00edder en dise\u00f1o e implementaci\u00f3n de centros de datos. Esta instalaci\u00f3n, ubicada cerca de la Gigafactory de <a title=\"\u00bfSon seguros los Tesla y su piloto autom\u00e1tico?\" href=\"https:\/\/www.muyinteresante.es\/tecnologia\/articulo\/son-seguros-los-tesla-y-su-piloto-automatico-131583065598\">Tesla<\/a>, funciona exclusivamente con energ\u00eda renovable (por lo que tambi\u00e9n es el data center m\u00e1s ecol\u00f3gico del planeta). Como curiosidad, sus circuitos de 10 Gbps tienen una latencia de 4 milisegundos a Silicon Valley \/ San Francisco a trav\u00e9s del Switch SUPERLOOP.<\/p>\n<\/div>\n<\/div>\n<\/div>\n<div class=\"ads--container\">\n<div class=\"gallery--roba\" data-id=\"2\">\n<div class=\"roba--content\">\n<div id=\"roba1_2\"><a href=\"https:\/\/i0.wp.com\/miradordeatarfe.es\/wp-content\/uploads\/2020\/06\/en-un-bunker-nuclear-de-la-guerra-fria.jpg?ssl=1\"><img data-recalc-dims=\"1\" loading=\"lazy\" decoding=\"async\" class=\"alignnone wp-image-40280 size-large\" src=\"https:\/\/i0.wp.com\/miradordeatarfe.es\/wp-content\/uploads\/2020\/06\/en-un-bunker-nuclear-de-la-guerra-fria.jpg?resize=618%2C438&#038;ssl=1\" alt=\"\" width=\"618\" height=\"438\" srcset=\"https:\/\/i0.wp.com\/miradordeatarfe.es\/wp-content\/uploads\/2020\/06\/en-un-bunker-nuclear-de-la-guerra-fria.jpg?resize=1024%2C726&amp;ssl=1 1024w, https:\/\/i0.wp.com\/miradordeatarfe.es\/wp-content\/uploads\/2020\/06\/en-un-bunker-nuclear-de-la-guerra-fria.jpg?resize=300%2C213&amp;ssl=1 300w, https:\/\/i0.wp.com\/miradordeatarfe.es\/wp-content\/uploads\/2020\/06\/en-un-bunker-nuclear-de-la-guerra-fria.jpg?resize=768%2C544&amp;ssl=1 768w, https:\/\/i0.wp.com\/miradordeatarfe.es\/wp-content\/uploads\/2020\/06\/en-un-bunker-nuclear-de-la-guerra-fria.jpg?resize=600%2C425&amp;ssl=1 600w, https:\/\/i0.wp.com\/miradordeatarfe.es\/wp-content\/uploads\/2020\/06\/en-un-bunker-nuclear-de-la-guerra-fria.jpg?w=1140&amp;ssl=1 1140w\" sizes=\"auto, (max-width: 618px) 100vw, 618px\" \/><\/a><\/div>\n<\/div>\n<div class=\"buttons--content\">\n<div class=\"vg__desktopButton\">\n<div id=\"button1_2\">\u00a0<\/div>\n<\/div>\n<\/div>\n<\/div>\n<\/div>\n<\/section>\n<section class=\"gallery--section\" data-id=\"3\">\n<div class=\"items--container\">\n<div class=\"item\" data-type=\"image\" data-slug=\"7\" data-id=\"7\">\n<div class=\"item--title\" style=\"text-align: justify;\"><strong>En un b\u00fanker nuclear de la Guerra Fr\u00eda<\/strong><\/div>\n<div class=\"item--text\">\n<p style=\"text-align: justify;\">Los centros de datos <strong>a prueba de bombas nucleares<\/strong> no son tan inusuales como podr\u00edamos imaginarnos, pero el centro de datos Bahnhof Pionen de Estocolmo ocupa un lugar destacado en esta lista. Originalmente era un b\u00fanker nuclear situado a m\u00e1s de 30 metros de roca s\u00f3lida bajo de las calles de Estocolmo y fue dise\u00f1ado para resistir un ataque nuclear casi directo. El interior casi parece un set de una pel\u00edcula de esp\u00edas y cuando el centro de datos fue construido en 2008, se ampli\u00f3 a\u00fan m\u00e1s para hacer m\u00e1s espacio al interior ultramoderno y acomodar los dos motores diesel Maybach que pertenec\u00edan a un <a title=\"Cables submarinos, las \" href=\"https:\/\/www.muyinteresante.es\/innovacion\/articulo\/cables-submarinos-las-arterias-de-internet-901536243100\">submarino<\/a> alem\u00e1n para proporcionar energ\u00eda de respaldo al centro de datos.<\/p>\n<\/div>\n<\/div>\n<div class=\"item\" data-type=\"image\" data-slug=\"8\" data-id=\"8\">\n<div class=\"skeletal--container\">\n<div class=\"skeletal--image\">\n<div class=\"skeletal--rrss\">\u00a0<\/div>\n<div class=\"skeletal--fullscreen\"><a href=\"https:\/\/i0.wp.com\/miradordeatarfe.es\/wp-content\/uploads\/2020\/06\/en-una-antigua-iglesia-catolica.jpg?ssl=1\"><img data-recalc-dims=\"1\" loading=\"lazy\" decoding=\"async\" class=\"wp-image-40281 size-large aligncenter\" src=\"https:\/\/i0.wp.com\/miradordeatarfe.es\/wp-content\/uploads\/2020\/06\/en-una-antigua-iglesia-catolica.jpg?resize=618%2C452&#038;ssl=1\" alt=\"\" width=\"618\" height=\"452\" srcset=\"https:\/\/i0.wp.com\/miradordeatarfe.es\/wp-content\/uploads\/2020\/06\/en-una-antigua-iglesia-catolica.jpg?resize=1024%2C749&amp;ssl=1 1024w, https:\/\/i0.wp.com\/miradordeatarfe.es\/wp-content\/uploads\/2020\/06\/en-una-antigua-iglesia-catolica.jpg?resize=300%2C219&amp;ssl=1 300w, https:\/\/i0.wp.com\/miradordeatarfe.es\/wp-content\/uploads\/2020\/06\/en-una-antigua-iglesia-catolica.jpg?resize=768%2C562&amp;ssl=1 768w, https:\/\/i0.wp.com\/miradordeatarfe.es\/wp-content\/uploads\/2020\/06\/en-una-antigua-iglesia-catolica.jpg?resize=600%2C439&amp;ssl=1 600w, https:\/\/i0.wp.com\/miradordeatarfe.es\/wp-content\/uploads\/2020\/06\/en-una-antigua-iglesia-catolica.jpg?w=1140&amp;ssl=1 1140w\" sizes=\"auto, (max-width: 618px) 100vw, 618px\" \/><\/a><\/div>\n<\/div>\n<div class=\"skeletal--title\">\u00a0<\/div>\n<div class=\"skeletal--text\">\u00a0<\/div>\n<\/div>\n<div class=\"item--title\" style=\"text-align: justify;\"><strong>En una antigua iglesia cat\u00f3lica de Barcelona<\/strong><\/div>\n<div class=\"item--text\">\n<p style=\"text-align: justify;\">Este centro de datos, el <strong>MareNostrum 4<\/strong> del Barcelona Supercomputing Center-Centro Nacional de Supercomputaci\u00f3n (BSC-CNS) fue elegido incluso como el centro de datos m\u00e1s bonito del mundo. Est\u00e1 en la Torre Girona que, desde fuera parece una iglesia al uso, pero dentro alberga el Centro de Supercomputaci\u00f3n de Barcelona, que se utiliza para una gran variedad de proyectos de investigaci\u00f3n, desde el cambio clim\u00e1tico hasta la investigaci\u00f3n del <a title=\"Las b\u00fasquedas por internet como predictor del c\u00e1ncer de p\u00e1ncreas\" href=\"https:\/\/www.muyinteresante.es\/tecnologia\/articulo\/las-busquedas-por-internet-como-predictor-del-cancer-de-pancreas-741583321726\">c\u00e1ncer<\/a>, biomedicina, pron\u00f3stico del tiempo y simulaciones de energ\u00eda de fusi\u00f3n. La antigua capilla cristiana de <strong>Torre Girona<\/strong> alberga desde 2005 este centro de datos dedicado a la producci\u00f3n cient\u00edfica y la innovaci\u00f3n.<\/p>\n<\/div>\n<\/div>\n<div class=\"item\" data-type=\"image\" data-slug=\"9\" data-id=\"9\">\n<div class=\"skeletal--container\">\n<div class=\"skeletal--image\">\n<div class=\"skeletal--rrss\">\u00a0<\/div>\n<div class=\"skeletal--fullscreen\"><a href=\"https:\/\/i0.wp.com\/miradordeatarfe.es\/wp-content\/uploads\/2020\/06\/escondido-en-una-montana.jpg?ssl=1\"><img data-recalc-dims=\"1\" loading=\"lazy\" decoding=\"async\" class=\"wp-image-40282 size-large aligncenter\" src=\"https:\/\/i0.wp.com\/miradordeatarfe.es\/wp-content\/uploads\/2020\/06\/escondido-en-una-montana.jpg?resize=618%2C412&#038;ssl=1\" alt=\"\" width=\"618\" height=\"412\" srcset=\"https:\/\/i0.wp.com\/miradordeatarfe.es\/wp-content\/uploads\/2020\/06\/escondido-en-una-montana.jpg?resize=1024%2C683&amp;ssl=1 1024w, https:\/\/i0.wp.com\/miradordeatarfe.es\/wp-content\/uploads\/2020\/06\/escondido-en-una-montana.jpg?resize=300%2C200&amp;ssl=1 300w, https:\/\/i0.wp.com\/miradordeatarfe.es\/wp-content\/uploads\/2020\/06\/escondido-en-una-montana.jpg?resize=768%2C512&amp;ssl=1 768w, https:\/\/i0.wp.com\/miradordeatarfe.es\/wp-content\/uploads\/2020\/06\/escondido-en-una-montana.jpg?resize=600%2C400&amp;ssl=1 600w, https:\/\/i0.wp.com\/miradordeatarfe.es\/wp-content\/uploads\/2020\/06\/escondido-en-una-montana.jpg?w=1140&amp;ssl=1 1140w\" sizes=\"auto, (max-width: 618px) 100vw, 618px\" \/><\/a><\/div>\n<\/div>\n<div class=\"skeletal--text\">\u00a0<\/div>\n<\/div>\n<div class=\"item--title\" style=\"text-align: justify;\"><strong>Escondido en una monta\u00f1a suiza<\/strong><\/div>\n<div class=\"item--text\">\n<p style=\"text-align: justify;\"><strong>Oculto a unos 900 metros debajo de una monta\u00f1a<\/strong>, el centro de Deltalis fue anteriormente el hogar del centro de comando de la Defensa Nacional Suiza. Este centro de datos en las Monta\u00f1as Blancas y asegurado tras puertas de metal de unos 40 cent\u00edmetros de grosor, utiliza el granito circundante y el agua fr\u00eda subterr\u00e1nea para enfriar la instalaci\u00f3n y explota las 556 centrales hidroel\u00e9ctricas de Suiza para proporcionar casi el 100% de <a title=\"Energ\u00eda renovable a partir de la orina\" href=\"https:\/\/www.muyinteresante.es\/tecnologia\/articulo\/energia-renovable-a-partir-de-la-orina\">energ\u00eda renovable<\/a>. Sin embargo, a diferencia de muchos otros centros de datos ins\u00f3litos, su ubicaci\u00f3n en el coraz\u00f3n de Europa tambi\u00e9n significa que est\u00e1 a 1-2 milisegundos de datos de Zurich y Mil\u00e1n con el aeropuerto de Zurich a menos de una hora en coche.<\/p>\n<\/div>\n<\/div>\n<\/div>\n<div class=\"ads--container\">\n<div class=\"gallery--roba\" data-id=\"3\">\n<div class=\"roba--content\">\n<div id=\"roba1_3\"><a href=\"https:\/\/i0.wp.com\/miradordeatarfe.es\/wp-content\/uploads\/2020\/06\/en-el-punto-mas-alto-de-manhattan.jpg?ssl=1\"><img data-recalc-dims=\"1\" loading=\"lazy\" decoding=\"async\" class=\"alignnone wp-image-40283 size-large\" src=\"https:\/\/i0.wp.com\/miradordeatarfe.es\/wp-content\/uploads\/2020\/06\/en-el-punto-mas-alto-de-manhattan.jpg?resize=618%2C464&#038;ssl=1\" alt=\"\" width=\"618\" height=\"464\" srcset=\"https:\/\/i0.wp.com\/miradordeatarfe.es\/wp-content\/uploads\/2020\/06\/en-el-punto-mas-alto-de-manhattan.jpg?resize=1024%2C768&amp;ssl=1 1024w, https:\/\/i0.wp.com\/miradordeatarfe.es\/wp-content\/uploads\/2020\/06\/en-el-punto-mas-alto-de-manhattan.jpg?resize=300%2C225&amp;ssl=1 300w, https:\/\/i0.wp.com\/miradordeatarfe.es\/wp-content\/uploads\/2020\/06\/en-el-punto-mas-alto-de-manhattan.jpg?resize=768%2C576&amp;ssl=1 768w, https:\/\/i0.wp.com\/miradordeatarfe.es\/wp-content\/uploads\/2020\/06\/en-el-punto-mas-alto-de-manhattan.jpg?resize=600%2C450&amp;ssl=1 600w, https:\/\/i0.wp.com\/miradordeatarfe.es\/wp-content\/uploads\/2020\/06\/en-el-punto-mas-alto-de-manhattan.jpg?w=1140&amp;ssl=1 1140w\" sizes=\"auto, (max-width: 618px) 100vw, 618px\" \/><\/a><\/div>\n<\/div>\n<div class=\"buttons--content\">\n<div class=\"vg__desktopButton\">\n<div id=\"button1_3\">\u00a0<\/div>\n<\/div>\n<div class=\"vg__desktopButton\">\n<div id=\"button2_3\">\u00a0<\/div>\n<\/div>\n<\/div>\n<\/div>\n<\/div>\n<\/section>\n<section class=\"gallery--section\" data-id=\"4\">\n<div class=\"items--container\">\n<div class=\"item\" data-type=\"image\" data-slug=\"10\" data-id=\"10\">\n<div class=\"item--title\" style=\"text-align: justify;\"><strong>En el punto m\u00e1s alto de Manhattan<\/strong><\/div>\n<div class=\"item--text\">\n<p style=\"text-align: justify;\">Con 32 pisos de altura, el centro de datos <strong>Intergate Manhattan en Nueva York<\/strong> es el centro de datos m\u00e1s alto del mundo. El edificio tiene 1.000 kil\u00f3metros cuadrados de espacio para servidores, tiene una fuente de alimentaci\u00f3n de 40 megavatios que se comparte en los 32 pisos y se enfr\u00eda gracias a cinco enormes torres de refrigeraci\u00f3n en el techo con espacio nuevas torres de refrigeraci\u00f3n a medida que sean necesarias. As\u00ed es, un centro de datos en el coraz\u00f3n de la <a title=\"\u00bfPor qu\u00e9 se llama a Nueva York la Gran Manzana?\" href=\"https:\/\/www.muyinteresante.es\/cultura\/arte-cultura\/articulo\/ipor-que-se-llama-a-nueva-york-la-gran-manzana\">Gran Manzana<\/a>.<\/p>\n<\/div>\n<\/div>\n<div class=\"item\" data-type=\"image\" data-slug=\"11\" data-id=\"11\">\n<div class=\"skeletal--container\">\n<div class=\"skeletal--image\">\n<div class=\"skeletal--rrss\"><a href=\"https:\/\/i0.wp.com\/miradordeatarfe.es\/wp-content\/uploads\/2020\/06\/datacenterdynamics.jpg?ssl=1\"><img data-recalc-dims=\"1\" loading=\"lazy\" decoding=\"async\" class=\"alignnone wp-image-40284 size-large\" src=\"https:\/\/i0.wp.com\/miradordeatarfe.es\/wp-content\/uploads\/2020\/06\/datacenterdynamics.jpg?resize=618%2C396&#038;ssl=1\" alt=\"\" width=\"618\" height=\"396\" srcset=\"https:\/\/i0.wp.com\/miradordeatarfe.es\/wp-content\/uploads\/2020\/06\/datacenterdynamics.jpg?resize=1024%2C656&amp;ssl=1 1024w, https:\/\/i0.wp.com\/miradordeatarfe.es\/wp-content\/uploads\/2020\/06\/datacenterdynamics.jpg?resize=300%2C192&amp;ssl=1 300w, https:\/\/i0.wp.com\/miradordeatarfe.es\/wp-content\/uploads\/2020\/06\/datacenterdynamics.jpg?resize=768%2C492&amp;ssl=1 768w, https:\/\/i0.wp.com\/miradordeatarfe.es\/wp-content\/uploads\/2020\/06\/datacenterdynamics.jpg?resize=600%2C384&amp;ssl=1 600w, https:\/\/i0.wp.com\/miradordeatarfe.es\/wp-content\/uploads\/2020\/06\/datacenterdynamics.jpg?w=1140&amp;ssl=1 1140w\" sizes=\"auto, (max-width: 618px) 100vw, 618px\" \/><\/a><\/div>\n<div class=\"skeletal--fullscreen\">\u00a0<\/div>\n<\/div>\n<div class=\"skeletal--title\">\u00a0<\/div>\n<div class=\"skeletal--text\">\u00a0<\/div>\n<\/div>\n<div class=\"item--footer\" style=\"text-align: justify;\">Data Center Dynamics<\/div>\n<div class=\"item--title\" style=\"text-align: justify;\"><strong>En un lugar a prueba de volcanes en Islandia<\/strong><\/div>\n<div class=\"item--text\">\n<p style=\"text-align: justify;\"><strong>Los centros de datos en Islandia est\u00e1n en auge<\/strong> y no es de extra\u00f1ar. Islandia es el mejor y el peor lugar para poner un centro de datos. Hace fr\u00edo, por lo que la refrigeraci\u00f3n no es un problema; sin embargo, tambi\u00e9n es muy volc\u00e1nico. Por eso, el centro de datos <strong>Verne Global<\/strong> de Islandia es uno de los pocos centros de datos en el mundo que est\u00e1 dise\u00f1ado para ser a prueba de volcanes. Ubicado al oeste de Islandia, en una pen\u00ednsula volc\u00e1nica est\u00e9ril llamada Reykjanesskagi, hogar de las ciudades gemelas de Keflavik y Njardvik, con alrededor de 19.000 habitantes<strong>, est\u00e1 el centro de datos de Verne Global y tambi\u00e9n el de al menos diez centros de datos m\u00e1<\/strong>s, un repunte impulsado precisamente por el <a title=\"\u00bfPueden los \u00e1rboles salvar el clima?\" href=\"https:\/\/www.muyinteresante.es\/ciencia\/articulo\/actualidad-pueden-los-arboles-salvar-el-clima-621562228493\">clima<\/a>. Aqu\u00ed, los centros de datos no necesitan ejecutar constantemente sistemas de enfriamiento de alta potencia para la moderaci\u00f3n del calor:<strong> lo \u00fanico que tienen que hacer es dejar entrar el aire sub\u00e1rtico, lo que reduce el coste energ\u00e9tico al 100%.<\/strong><\/p>\n<p style=\"text-align: justify;\"><a href=\"https:\/\/i0.wp.com\/miradordeatarfe.es\/wp-content\/uploads\/2020\/06\/en-el-espacio.jpg?ssl=1\"><img data-recalc-dims=\"1\" loading=\"lazy\" decoding=\"async\" class=\"alignnone wp-image-40285 size-large\" src=\"https:\/\/i0.wp.com\/miradordeatarfe.es\/wp-content\/uploads\/2020\/06\/en-el-espacio-1024x640.jpg?resize=618%2C386&#038;ssl=1\" alt=\"\" width=\"618\" height=\"386\" srcset=\"https:\/\/i0.wp.com\/miradordeatarfe.es\/wp-content\/uploads\/2020\/06\/en-el-espacio.jpg?resize=1024%2C640&amp;ssl=1 1024w, https:\/\/i0.wp.com\/miradordeatarfe.es\/wp-content\/uploads\/2020\/06\/en-el-espacio.jpg?resize=300%2C188&amp;ssl=1 300w, https:\/\/i0.wp.com\/miradordeatarfe.es\/wp-content\/uploads\/2020\/06\/en-el-espacio.jpg?resize=768%2C480&amp;ssl=1 768w, https:\/\/i0.wp.com\/miradordeatarfe.es\/wp-content\/uploads\/2020\/06\/en-el-espacio.jpg?resize=600%2C375&amp;ssl=1 600w, https:\/\/i0.wp.com\/miradordeatarfe.es\/wp-content\/uploads\/2020\/06\/en-el-espacio.jpg?w=1140&amp;ssl=1 1140w\" sizes=\"auto, (max-width: 618px) 100vw, 618px\" \/><\/a><\/p>\n<\/div>\n<\/div>\n<div class=\"item\" data-type=\"image\" data-slug=\"12\" data-id=\"12\">\n<div class=\"item--title\" style=\"text-align: justify;\"><strong>En el espacio<\/strong><\/div>\n<div class=\"item--text\">\n<p style=\"text-align: justify;\">Si la <a title=\"Cloud computing: ventajas de trabajar en la nube\" href=\"https:\/\/www.muyinteresante.es\/tecnologia\/articulo\/cloud-computing-ventajas-de-trabajar-en-la-nube-761448882098\">nube<\/a> no te parece lo suficientemente alejada de nosotros para satisfacer la necesidad de sentir seguridad y eficiencia con el almacenamiento de datos, <em>Cloud Constellation Corporation<\/em> <strong>planea poner nuestros datos en \u00f3rbita.<\/strong> Una constelaci\u00f3n de ocho sat\u00e9lites de \u00f3rbita terrestre baja (LEO), llamada<strong> SpaceBelt<\/strong>, ofrecer\u00e1 hasta cinco petabytes de almacenamiento y servicios de datos seguros que utilizar\u00e1 enlaces de comunicaci\u00f3n l\u00e1ser entre los sat\u00e9lites para transmitir la informaci\u00f3n entre las diferentes ubicaciones en la Tierra. Esta empresa lleg\u00f3 a un acuerdo en 2017 con<em> Virgin Orbit<\/em> para desplegar doce de sus sat\u00e9lites de constelaciones que <strong>estar\u00edan disponibles en 2021.<\/strong><\/p>\n<\/div>\n<\/div>\n<\/div>\n<div class=\"ads--container\">\n<div class=\"gallery--roba\" data-id=\"4\">\n<div class=\"roba--content\">\n<div id=\"roba1_4\"><a href=\"https:\/\/i0.wp.com\/miradordeatarfe.es\/wp-content\/uploads\/2020\/06\/no-necesitan-tanta-energia.jpg?ssl=1\"><img data-recalc-dims=\"1\" loading=\"lazy\" decoding=\"async\" class=\"alignnone wp-image-40286 size-large\" src=\"https:\/\/i0.wp.com\/miradordeatarfe.es\/wp-content\/uploads\/2020\/06\/no-necesitan-tanta-energia-1024x576.jpg?resize=618%2C348&#038;ssl=1\" alt=\"\" width=\"618\" height=\"348\" srcset=\"https:\/\/i0.wp.com\/miradordeatarfe.es\/wp-content\/uploads\/2020\/06\/no-necesitan-tanta-energia.jpg?resize=1024%2C576&amp;ssl=1 1024w, https:\/\/i0.wp.com\/miradordeatarfe.es\/wp-content\/uploads\/2020\/06\/no-necesitan-tanta-energia.jpg?resize=300%2C169&amp;ssl=1 300w, https:\/\/i0.wp.com\/miradordeatarfe.es\/wp-content\/uploads\/2020\/06\/no-necesitan-tanta-energia.jpg?resize=768%2C432&amp;ssl=1 768w, https:\/\/i0.wp.com\/miradordeatarfe.es\/wp-content\/uploads\/2020\/06\/no-necesitan-tanta-energia.jpg?resize=600%2C337&amp;ssl=1 600w, https:\/\/i0.wp.com\/miradordeatarfe.es\/wp-content\/uploads\/2020\/06\/no-necesitan-tanta-energia.jpg?w=1140&amp;ssl=1 1140w\" sizes=\"auto, (max-width: 618px) 100vw, 618px\" \/><\/a><\/div>\n<\/div>\n<\/div>\n<\/div>\n<\/section>\n<section class=\"gallery--section\" data-id=\"5\">\n<div class=\"items--container\">\n<div class=\"item\" data-type=\"image\" data-slug=\"13\" data-id=\"13\" data-last=\"true\">\n<div class=\"item--title\" style=\"text-align: justify;\"><strong>No necesitan tanta energ\u00eda<\/strong><\/div>\n<div class=\"item--text\" style=\"text-align: justify;\">\n<p>Un estudio liderado por investigadores de la Universidad Northwestern, el Laboratorio Nacional Lawrence Berkeley y Koomey Analytics han desarrollado <strong>el modelo m\u00e1s detallado hasta la fecha del uso global de energ\u00eda del centro de datos.<\/strong> Con este modelo, los investigadores descubrieron que, aunque la demanda de datos ha aumentado r\u00e1pidamente, las ganancias masivas de eficiencia por parte de los centros de datos <strong>han mantenido el consumo de energ\u00eda pr\u00e1cticamente plano durante la \u00faltima d\u00e9cada<\/strong>.<\/p>\n<\/div>\n<\/div>\n<\/div>\n<\/section>\n<\/section>\n<div class=\"author--final\" style=\"text-align: justify;\">\n<div class=\"author--final--text col-12 col-md-8\">\n<h3>Sarah Romero<\/h3>\n<p>Fagocito ciencia ficci\u00f3n en todas sus formas. Fan incondicional de Daneel Olivaw y, cuando puedo, terraformo el planeta rojo o cazo cylons. Hasta que viva en Marte puedes localizarme por aqu\u00ed.<\/p>\n<p>https:\/\/www.muyinteresante.es\/tecnologia\/fotos\/tus-datos-se-guardan-en-lugares-inesperados-451583852818\/13<\/p>\n<div class=\"author--social\">\n<div class=\"author--name--follow\">\u00a0<\/div>\n<\/div>\n<\/div>\n<\/div>\n<div id=\"sms_frame_1591028580969\" class=\"SMMinimize_1591028580969 sm_ava_bottom_right\" data-id=\"e05a5394-de3d-4bf1-a07d-f6148778ee1c\" data-device=\"desktop\">\n<div id=\"sms_blocker_1591028580969\" class=\"SMPlayer_blocker\" style=\"text-align: justify;\">\u00a0<\/div>\n<\/div>\n","protected":false},"excerpt":{"rendered":"<p>\u00bfSab\u00edas que tus datos pueden estar en el \u00c1rtico o incluso en una iglesia de&#8230;<\/p>\n","protected":false},"author":1,"featured_media":40287,"comment_status":"closed","ping_status":"closed","sticky":false,"template":"","format":"standard","meta":{"_coblocks_attr":"","_coblocks_dimensions":"","_coblocks_responsive_height":"","_coblocks_accordion_ie_support":"","jetpack_post_was_ever_published":false,"_jetpack_newsletter_access":"","_jetpack_dont_email_post_to_subs":false,"_jetpack_newsletter_tier_id":0,"_jetpack_memberships_contains_paywalled_content":false,"_jetpack_memberships_contains_paid_content":false,"footnotes":"","jetpack_publicize_message":"","jetpack_publicize_feature_enabled":true,"jetpack_social_post_already_shared":false,"jetpack_social_options":{"image_generator_settings":{"template":"highway","default_image_id":0,"enabled":false},"version":2}},"categories":[1161,44,6920,15],"tags":[7383,4522],"class_list":["post-40274","post","type-post","status-publish","format-standard","has-post-thumbnail","hentry","category-ciudadania","category-noticias-de-hoy","category-tecnologia","category-ultimas-noticias","tag-datos-mundiales","tag-datos-personales"],"jetpack_publicize_connections":[],"jetpack_featured_media_url":"https:\/\/i0.wp.com\/miradordeatarfe.es\/wp-content\/uploads\/2020\/06\/datacenters_1.jpg?fit=1140%2C855&ssl=1","jetpack_likes_enabled":true,"jetpack_sharing_enabled":true,"_links":{"self":[{"href":"https:\/\/miradordeatarfe.es\/index.php?rest_route=\/wp\/v2\/posts\/40274","targetHints":{"allow":["GET"]}}],"collection":[{"href":"https:\/\/miradordeatarfe.es\/index.php?rest_route=\/wp\/v2\/posts"}],"about":[{"href":"https:\/\/miradordeatarfe.es\/index.php?rest_route=\/wp\/v2\/types\/post"}],"author":[{"embeddable":true,"href":"https:\/\/miradordeatarfe.es\/index.php?rest_route=\/wp\/v2\/users\/1"}],"replies":[{"embeddable":true,"href":"https:\/\/miradordeatarfe.es\/index.php?rest_route=%2Fwp%2Fv2%2Fcomments&post=40274"}],"version-history":[{"count":2,"href":"https:\/\/miradordeatarfe.es\/index.php?rest_route=\/wp\/v2\/posts\/40274\/revisions"}],"predecessor-version":[{"id":40289,"href":"https:\/\/miradordeatarfe.es\/index.php?rest_route=\/wp\/v2\/posts\/40274\/revisions\/40289"}],"wp:featuredmedia":[{"embeddable":true,"href":"https:\/\/miradordeatarfe.es\/index.php?rest_route=\/wp\/v2\/media\/40287"}],"wp:attachment":[{"href":"https:\/\/miradordeatarfe.es\/index.php?rest_route=%2Fwp%2Fv2%2Fmedia&parent=40274"}],"wp:term":[{"taxonomy":"category","embeddable":true,"href":"https:\/\/miradordeatarfe.es\/index.php?rest_route=%2Fwp%2Fv2%2Fcategories&post=40274"},{"taxonomy":"post_tag","embeddable":true,"href":"https:\/\/miradordeatarfe.es\/index.php?rest_route=%2Fwp%2Fv2%2Ftags&post=40274"}],"curies":[{"name":"wp","href":"https:\/\/api.w.org\/{rel}","templated":true}]}}