{"id":40334,"date":"2020-06-11T08:40:43","date_gmt":"2020-06-11T06:40:43","guid":{"rendered":"http:\/\/miradordeatarfe.es\/?p=40334"},"modified":"2020-06-08T14:43:02","modified_gmt":"2020-06-08T12:43:02","slug":"contagios-en-la-oficina-las-empresas-piden-la-app-de-rastreo-que-el-gobierno-no-se-decide-a-lanzar","status":"publish","type":"post","link":"https:\/\/miradordeatarfe.es\/?p=40334","title":{"rendered":"Contagios en la oficina: las empresas piden la \u2018app\u2019 de rastreo que el Gobierno no se decide a lanzar"},"content":{"rendered":"<div id=\"article_header\" class=\"a_hg basic | \">\n<h2 class=\"a_st font_secondary color_gray_dark \" style=\"text-align: justify;\">Las comunidades aut\u00f3nomas tambi\u00e9n presionan para avanzar en una aplicaci\u00f3n que Sanidad no ve clara<\/h2>\n<\/div>\n<div class=\"a_w | col desktop_8 tablet_8 mobile_4\" style=\"text-align: justify;\">\n<div class=\"a_b article_body | color_gray_dark\">\n<p class=\"\">El lento proceso de vuelta a la normalidad requiere soluciones nuevas. Las empresas que han tenido que cerrar aspiran evitar tener que hacerlo de nuevo. Una herramienta muy comentada en las \u00faltimas semanas ha sido la <i>app <\/i>de rastreo, que permite saber con qui\u00e9n ha estado una persona que luego es positiva por covid. Varios gobiernos de todo el mundo prueban sus versiones de la app y <a href=\"https:\/\/elpais.com\/tecnologia\/2020-04-10\/apple-y-google-se-alian-para-crear-un-sistema-de-rastreo-del-coronavirus-que-no-necesite-descargar-una-app.html\" target=\"_blank\" rel=\"noopener noreferrer\" data-link-track-dtm=\"\">Google y Apple han ofrecido<\/a> un sistema que permite interoperabilidad m\u00e1s all\u00e1 de fronteras.<\/p>\n<p class=\"\">En Espa\u00f1a el Gobierno no termina de confiar en la tecnolog\u00eda para rastrear contactos. Ante sus dudas, las empresas y las comunidades aut\u00f3nomas est\u00e1n intentando buscar sus propios caminos. No es una soluci\u00f3n f\u00e1cil ni deseable porque una de las claves de una <i>app <\/i>as\u00ed es que funcione entre territorios. En Europa, el protocolo que de momento m\u00e1s pa\u00edses han asumido se llama DP3T y lo lidera una ingeniera espa\u00f1ola,<a href=\"https:\/\/elpais.com\/tecnologia\/2020-04-15\/la-ingeniera-espanola-que-lidera-la-app-europea-de-rastreo-de-contagios-no-debe-ser-un-estado-de-vigilancia.html\" target=\"_blank\" rel=\"noopener noreferrer\" data-link-track-dtm=\"\"> Carmela Troncoso,<\/a> investigadora en la Universidad Polit\u00e9cnica de Lausana.<\/p>\n<\/div>\n<\/div>\n<p class=\"\" style=\"text-align: justify;\">El pasado martes por la tarde un grupo heterog\u00e9neo de representantes e interesados de varias comunidades aut\u00f3nomas participaron en una videoconferencia con Troncoso y miembros de su equipo. El motivo era, seg\u00fan la convocatoria, que \u201chab\u00edan recibido diversas peticiones y preguntas sobre el desarrollo de DP3T desde Espa\u00f1a\u201d y quer\u00edan \u201ccoordinar los esfuerzos, asegurar la interoperabilidad y afrontar cuestiones de gobernanza\u201d. La decisi\u00f3n \u00faltima sigue en manos del Gobierno, pero mientras no llega su veredicto y ante sus dudas, el resto sigue avanzando.<\/p>\n<p class=\"\" style=\"text-align: justify;\">En la videoconferencia estaba \u00d3scar Lage, responsable de ciberseguridad y blockchain de Tecnalia, un centro de investigaci\u00f3n sin \u00e1nimo de lucro con sede en el Pa\u00eds Vasco. En sus dos m\u00f3viles, Lage ya lleva una versi\u00f3n de la app emitiendo se\u00f1ales de bluetooth con el protocolo de DP3T, junto por ahora a un centenar de colegas de su organizaci\u00f3n. El pr\u00f3ximo viernes empezar\u00e1n el test con grupos de los 1.400 empleados de Tecnalia y pronto tambi\u00e9n de la empresa Iberm\u00e1tica, colaboradores en el proyecto. El Gobierno vasco est\u00e1 interesado en la app para lo que llaman el Proyecto de Reanudaci\u00f3n Productiva de Euskadi. Tecnalia tambi\u00e9n ha hablado con otros Gobiernos, entre ellos el espa\u00f1ol; entre sus patronos est\u00e1 el Ministerio de Industria. \u201cPero han venido muchas empresas pregunt\u00e1ndonos, porque estar\u00edan muy contentas de probar esto en sus sedes\u201d, dice Lage.<\/p>\n<h3 class=\"font_secondary color_gray_ultra_dark\" style=\"text-align: justify;\">As\u00ed funcionan<\/h3>\n<p class=\"\" style=\"text-align: justify;\">Estas apps funcionan <a href=\"https:\/\/elpais.com\/tecnologia\/2020-05-14\/la-tecnologia-de-tus-auriculares-inalambricos-ahora-sirve-para-rastrear-contagios-estas-son-sus-debilidades.html\" target=\"_blank\" rel=\"noopener noreferrer\" data-link-track-dtm=\"\">a trav\u00e9s de bluetooth:<\/a> los m\u00f3viles emiten y reciben c\u00f3digos an\u00f3nimos de la gente que est\u00e1 a su alrededor durante un n\u00famero determinado de minutos. Si d\u00edas despu\u00e9s una persona da positivo, sube a un servidor los c\u00f3digos que ha mandado y la gente que ha estado cerca recibe una alerta en el m\u00f3vil. Nadie ha comprobado si este sistema es realmente eficaz en una pandemia ni tampoco se sabe cu\u00e1nta gente deber\u00eda llevarlo en su m\u00f3vil para que fuera \u00fatil. Pero menos es nada: \u201cLas <i>apps <\/i>podr\u00edan evitar un segundo confinamiento. Hay que hacer pilotos, pero son la promesa m\u00e1s cre\u00edble: rastreo manual m\u00e1s el apoyo de apps para alerta temprana\u201d, dice Gemma Gald\u00f3n, experta en pol\u00edticas tecnol\u00f3gicas y directora de Eticas Research &amp; Consulting.<\/p>\n<p class=\"\" style=\"text-align: justify;\">Seg\u00fan Lage, la creciente necesidad ahora nace de la ausencia por el momento de una alternativa mejor: \u201cSi tenemos la suerte de tener una <i>app <\/i>gubernamental con una adopci\u00f3n grande y empieza ser \u00fatil, las empresas podr\u00e1n retirar la suya. Mientras eso no ocurra, que pueden ser semanas, meses o quiz\u00e1 nunca llegue, las empresas quieren ponerle un equipo de protecci\u00f3n individual (EPI) a sus empleados y esto lo es\u201d, dice.<\/p>\n<p class=\"\" style=\"text-align: justify;\">Junto a las empresas, hay gobiernos auton\u00f3micos que, quiz\u00e1 por la proximidad del verano, ven m\u00e1s necesario tener herramientas que puedan ayudar a dar confianza a los ciudadanos. \u201cEl futuro deber\u00eda de estar en <i>apps <\/i>interoperables y nos jugamos mucho como pa\u00eds de turismo, lo mejor ser\u00eda tenerla interoperable con el resto de pa\u00edses. Esto puede determinar que haya gente que se atreva o no a venir a Espa\u00f1a. Si un alem\u00e1n quiere venir a Espa\u00f1a de vacaciones igual le da m\u00e1s tranquilidad, si esto triunfa\u201d, dice Lage.<\/p>\n<p class=\"\" style=\"text-align: justify;\">La falta de ejemplos exitosos y quiz\u00e1 la complejidad t\u00e9cnica del sistema en que se basa el funcionamiento de la aplicaci\u00f3n asusta a algunos gobiernos. \u201cEn varios pa\u00edses las autoridades de sanidad son reacias a la tecnolog\u00eda. Por un lado, porque est\u00e1n desbordados, por otro porque se prometi\u00f3 que las <i>apps <\/i>de autodiagn\u00f3stico ser\u00edan \u00fatiles y no han tenido apenas impacto (al margen de problemas legales)\u201d, dice Gald\u00f3n, que asesora a diez pa\u00edses europeos y latinoamericanos en la adopci\u00f3n de estas tecnolog\u00edas.<\/p>\n<p class=\"\" style=\"text-align: justify;\">Eso no impide que las empresas lo vean como una opci\u00f3n. \u201cAlgunas empresas vienen y nos dicen que \u2018eso que est\u00e1 empezando a hacer el Gobierno lo quiero yo\u2019 y en este caso es porque quieren que si se infecta alguien en una l\u00ednea de producci\u00f3n no retirar toda la l\u00ednea o cerrar toda la planta\u201d, explica Lage.<\/p>\n<h3 class=\"font_secondary color_gray_ultra_dark\" style=\"text-align: justify;\">La lista de problemas<\/h3>\n<p class=\"\" style=\"text-align: justify;\">Los problemas que afronta una iniciativa como la de Tecnalia para llevar una app pensada para millones de personas a empresas son complejos. Primero, Google y Apple han propuesto su sistema para una autoridad sanitaria por pa\u00eds, a no ser que un gobierno les diga que en su pa\u00eds el desarrollo ser\u00e1 regional. Sin usar el sistema de las dos compa\u00f1\u00edas que controlan la mayor\u00eda de m\u00f3viles del mundo ser\u00e1 m\u00e1s dif\u00edcil que el bluetooth funcione bien sin comerse la bater\u00eda mientras el usuario tiene el m\u00f3vil en reposo o usa otras aplicaciones. En Android hay trucos para lograrlo, con los iPhones es casi imposible, como est\u00e1n comprobando ya algunos gobiernos.<\/p>\n<p class=\"\" style=\"text-align: justify;\">La app tampoco aparecer\u00eda en principio en las App o Play Stores, aunque eso tambi\u00e9n ser\u00eda solucionable porque hay software de gesti\u00f3n de dispositivos m\u00f3viles que permite mandar apps a m\u00f3viles determinados. Adem\u00e1s, en el protocolo de DP3T solo el usuario sabe que ha estado cerca de alguien que hoy es positivo. \u00bfSer\u00eda eso suficiente para una empresa? \u201cEl protocolo de la mayor\u00eda de empresas es que si recibes una alerta se lo comuniques al departamento de riesgos laborales\u201d, dice Lage. Pero hay empresas que quieren m\u00e1s seguridad. Para eso, en Tecnalia est\u00e1n ya imaginando soluciones. \u201cEstamos experimentando. Hemos hecho un art\u00edculo cient\u00edfico sobre c\u00f3mo se podr\u00eda, usando t\u00e9cnicas criptogr\u00e1ficas, saber a cu\u00e1ntos usuarios se ha alertado sin saber qui\u00e9nes son. A las empresas con las que hemos hablado les interesa saber cu\u00e1ntos\u201d, dice Lage.<\/p>\n<p class=\"\" style=\"text-align: justify;\">Evidentemente, Tecnalia no es la \u00fanica empresa que trabaja en el desarrollo de sistemas as\u00ed. En Espa\u00f1a hay al menos otra organizaci\u00f3n que est\u00e1 probando este protocolo. Pero en el extranjero los ejemplos se multiplican. En el puerto de Amberes, <a href=\"https:\/\/www.reuters.com\/article\/us-health-coronavirus-belgium-distancing\/antwerp-port-trials-wristbands-for-coronavirus-social-distancing-idUSKCN22519X?utm_campaign=wp_the_technology_202&amp;utm_medium=email&amp;utm_source=newsletter&amp;wpisrc=nl_technology202\" target=\"_blank\" rel=\"noopener noreferrer\" data-link-track-dtm=\"\">prueban <\/a>con brazaletes que avisan de la cercan\u00eda excesiva de un compa\u00f1ero. En Estados Unidos, Ford <a href=\"https:\/\/www.washingtonpost.com\/news\/powerpost\/paloma\/the-technology-202\/2020\/05\/14\/the-technology-202-buzzing-bracelets-could-become-a-workplace-accessory-in-the-coronavirus-era\/5ebc46fd88e0fa17cddfa4c0\/?utm_campaign=wp_the_technology_202&amp;utm_medium=email&amp;utm_source=newsletter&amp;wpisrc=nl_technology202\" target=\"_blank\" rel=\"noopener noreferrer\" data-link-track-dtm=\"\">prueba <\/a>con pulseras similares de Samsung. Todos estos dispositivos pueden usarse a su vez para rastreo de contactos.<\/p>\n<p class=\"\" style=\"text-align: justify;\">El aspecto legal de hacer que los empleados lleven esta <i>app <\/i>en sus dispositivos tampoco ser\u00e1 sencillo para las empresas. \u201cSi lo tienen que \u2018imponer\u2019 tienen que agarrarse a algo y ese algo no es el consentimiento\u201d, dice Jorge Garc\u00eda Herrero, abogado especializado en privacidad. \u201cPodr\u00eda ser la relaci\u00f3n contractual, la obligaci\u00f3n legal o tambi\u00e9n pueden intentar apelar al inter\u00e9s vital o general, que es por donde ir\u00eda yo, por inter\u00e9s leg\u00edtimo empresarial. Pero la empresa tiene que mojarse en una evaluaci\u00f3n de impacto previa, salvo que aleguen que los datos son an\u00f3nimos y veo dif\u00edcil sostener que la empresa no ser\u00e1 capaz de identificar al trabajador que active las alarmas\u201d, explica.<\/p>\n<p><span class=\"a_aut | margin_bottom uppercase flex align_items_center margin_right\">J<a class=\"a_aut_n | color_black\" title=\"Ver todas las noticias de Jordi P\u00e9rez Colom\u00e9\" href=\"https:\/\/elpais.com\/autor\/jordi-perez-colome\/\">ordi P\u00e9rez Colom\u00e9<\/a><\/span><\/p>\n<p>FOTO: Tres j\u00f3venes usan sus m\u00f3viles mientras hacen cola para entrar en un establecimiento Uniqlo, en Nueva York.<span class=\"f_a | color_black margin_left uppercase light\">Getty Images<\/span><\/p>\n<p>https:\/\/elpais.com\/tecnologia\/2020-05-15\/contagios-en-la-oficina-las-empresas-piden-la-app-de-rastreo-que-el-gobierno-no-se-decide-a-lanzar.html<\/p>\n","protected":false},"excerpt":{"rendered":"<p>Las comunidades aut\u00f3nomas tambi\u00e9n presionan para avanzar en una aplicaci\u00f3n que Sanidad no ve clara&#8230;<\/p>\n","protected":false},"author":1,"featured_media":40335,"comment_status":"closed","ping_status":"closed","sticky":false,"template":"","format":"standard","meta":{"_coblocks_attr":"","_coblocks_dimensions":"","_coblocks_responsive_height":"","_coblocks_accordion_ie_support":"","jetpack_post_was_ever_published":false,"_jetpack_newsletter_access":"","_jetpack_dont_email_post_to_subs":false,"_jetpack_newsletter_tier_id":0,"_jetpack_memberships_contains_paywalled_content":false,"_jetpack_memberships_contains_paid_content":false,"footnotes":"","jetpack_publicize_message":"","jetpack_publicize_feature_enabled":true,"jetpack_social_post_already_shared":false,"jetpack_social_options":{"image_generator_settings":{"template":"highway","default_image_id":0,"enabled":false},"version":2}},"categories":[1161,7149,44,6937,15],"tags":[7392,1064,7391],"class_list":["post-40334","post","type-post","status-publish","format-standard","has-post-thumbnail","hentry","category-ciudadania","category-coronavirus","category-noticias-de-hoy","category-sociedad","category-ultimas-noticias","tag-cobid-19","tag-moviles","tag-seguimiento"],"jetpack_publicize_connections":[],"jetpack_featured_media_url":"https:\/\/i0.wp.com\/miradordeatarfe.es\/wp-content\/uploads\/2020\/06\/OPOGG6UYORJSZ3L3THDEFHY77E.jpg?fit=1500%2C1252&ssl=1","jetpack_likes_enabled":true,"jetpack_sharing_enabled":true,"_links":{"self":[{"href":"https:\/\/miradordeatarfe.es\/index.php?rest_route=\/wp\/v2\/posts\/40334","targetHints":{"allow":["GET"]}}],"collection":[{"href":"https:\/\/miradordeatarfe.es\/index.php?rest_route=\/wp\/v2\/posts"}],"about":[{"href":"https:\/\/miradordeatarfe.es\/index.php?rest_route=\/wp\/v2\/types\/post"}],"author":[{"embeddable":true,"href":"https:\/\/miradordeatarfe.es\/index.php?rest_route=\/wp\/v2\/users\/1"}],"replies":[{"embeddable":true,"href":"https:\/\/miradordeatarfe.es\/index.php?rest_route=%2Fwp%2Fv2%2Fcomments&post=40334"}],"version-history":[{"count":1,"href":"https:\/\/miradordeatarfe.es\/index.php?rest_route=\/wp\/v2\/posts\/40334\/revisions"}],"predecessor-version":[{"id":40336,"href":"https:\/\/miradordeatarfe.es\/index.php?rest_route=\/wp\/v2\/posts\/40334\/revisions\/40336"}],"wp:featuredmedia":[{"embeddable":true,"href":"https:\/\/miradordeatarfe.es\/index.php?rest_route=\/wp\/v2\/media\/40335"}],"wp:attachment":[{"href":"https:\/\/miradordeatarfe.es\/index.php?rest_route=%2Fwp%2Fv2%2Fmedia&parent=40334"}],"wp:term":[{"taxonomy":"category","embeddable":true,"href":"https:\/\/miradordeatarfe.es\/index.php?rest_route=%2Fwp%2Fv2%2Fcategories&post=40334"},{"taxonomy":"post_tag","embeddable":true,"href":"https:\/\/miradordeatarfe.es\/index.php?rest_route=%2Fwp%2Fv2%2Ftags&post=40334"}],"curies":[{"name":"wp","href":"https:\/\/api.w.org\/{rel}","templated":true}]}}