{"id":40457,"date":"2020-06-10T11:37:51","date_gmt":"2020-06-10T09:37:51","guid":{"rendered":"http:\/\/miradordeatarfe.es\/?p=40457"},"modified":"2020-06-26T12:28:06","modified_gmt":"2020-06-26T10:28:06","slug":"pasamos-a-fase-3-pero-sin-hacer-los-deberes-de-la-fase-2-por-manuel-jimenez","status":"publish","type":"post","link":"https:\/\/miradordeatarfe.es\/?p=40457","title":{"rendered":"\u00abPASAMOS A FASE 3 PERO SIN HACER LOS DEBERES DE LA FASE 2\u00bb por Manuel Jim\u00e9nez"},"content":{"rendered":"<h3 align=\"JUSTIFY\"><span style=\"font-family: Tahoma, serif;\">Este lunes d\u00eda 8 hemos subido a la cabeza del pelot\u00f3n de la desescalada y salvo algunos territorios que andan escapados en su b\u00fasqueda de la nueva normalidad Granada rueda ya con los mejores en esta carrera en la que nadie quiere quedarse atr\u00e1s y perder comba y donde las miserias pasadas parecen \u00fanicamente un mal sue\u00f1o del que hemos conseguido despertar.<\/span><\/h3>\n<p align=\"JUSTIFY\"><span style=\"font-family: Tahoma, serif;\">En esta nueva etapa desaparece la limitaci\u00f3n geogr\u00e1fica del territorio provincial abri\u00e9ndose la posibilidad de desplazarse entre provincias. Por las redes se ve alg\u00fan ciclista sobradillo que suspira aliviado pues ya podr\u00e1 llegar hasta Albunier, beber agua en el manantial y volver por Huelma porque eso de llegar a Guadahortuna tomarse un pastelito en Calitos y volver por Pi\u00f1ar y el Mendrugo se le hac\u00eda corto. <\/span><\/p>\n<p align=\"JUSTIFY\"><span style=\"font-family: Tahoma, serif;\">Desaparecen tambi\u00e9n las franjas horarias y ah\u00ed tambi\u00e9n encontramos quien exclama \u201c<\/span><span style=\"font-family: Tahoma, serif;\"><i>no era por las horas, es que a m\u00ed eso de las franjas me parece colchonero, ahora pues salgo a eso de las 10 y voy pasando globeros todo el rato\u201d. <\/i><\/span><\/p>\n<p align=\"JUSTIFY\"><span style=\"font-family: Tahoma, serif;\">En cuanto a hacer deporte en grupo el l\u00edmite se fija en 20 personas. Aqu\u00ed es donde yo alucino, en la fase 1 eran grupos de hasta 10 deportistas, en la fase 2 subi\u00f3 el list\u00f3n hasta 15 y ahora el l\u00edmite es de 20. Pues bien en cualquier salida cicloturista que hagas por cualquiera de las carreteras que te alejan de la capital cuarenta kil\u00f3metros te cruzar\u00e1s con alguna pe\u00f1a en la que como m\u00ednimo marchan agrupados 50 ciclistas o m\u00e1s y da igual que te encuentres en fase 1, 2 o 3. No lo acabo de entender, en un grupeta de 10 unidades hay al menos dos o tres compa\u00f1eros con los que no cruzas palabra as\u00ed que en un pelot\u00f3n de 50 hay m\u00e1s de treinta colegas a los que ni ves, en cuanto al rebufo en grupos de 15 lo tienes m\u00e1s que asegurado y si haces de mejill\u00f3n cebra no te da la brisa en la cara ni en las rotondas.<\/span><\/p>\n<p align=\"JUSTIFY\"><a href=\"https:\/\/i0.wp.com\/miradordeatarfe.es\/wp-content\/uploads\/2020\/06\/deporte-covid-1.jpg?ssl=1\"><img data-recalc-dims=\"1\" loading=\"lazy\" decoding=\"async\" class=\"wp-image-40459 size-full alignleft\" src=\"https:\/\/i0.wp.com\/miradordeatarfe.es\/wp-content\/uploads\/2020\/06\/deporte-covid-1.jpg?resize=640%2C854&#038;ssl=1\" alt=\"\" width=\"640\" height=\"854\" srcset=\"https:\/\/i0.wp.com\/miradordeatarfe.es\/wp-content\/uploads\/2020\/06\/deporte-covid-1.jpg?w=650&amp;ssl=1 650w, https:\/\/i0.wp.com\/miradordeatarfe.es\/wp-content\/uploads\/2020\/06\/deporte-covid-1.jpg?resize=225%2C300&amp;ssl=1 225w, https:\/\/i0.wp.com\/miradordeatarfe.es\/wp-content\/uploads\/2020\/06\/deporte-covid-1.jpg?resize=600%2C800&amp;ssl=1 600w\" sizes=\"auto, (max-width: 640px) 100vw, 640px\" \/><\/a><\/p>\n<p align=\"JUSTIFY\"><span style=\"font-family: Tahoma, serif;\">Esto para deporte al aire libre, si hablamos de instalaciones cubiertas para los deportistas en general se podr\u00e1n usar los vestuarios y duchas algo que se agradece pues a pesar de que se hab\u00edan abierto las terrazas de los bares en la fase 2 las quedadas post-entreno no acababan de arrancar pues el tufillo de los comensales echaba para atr\u00e1s. <\/span><i> <\/i><\/p>\n<p align=\"JUSTIFY\"><span style=\"font-family: Tahoma, serif;\">Se eliminan las citas previas con lo que queda m\u00e1s tiempo para el tinder que ya se iba echando de menos. Adem\u00e1s se podr\u00e1 asistir al entreno acompa\u00f1ado por una persona que no necesariamente tendr\u00e1 que ser el t\u00e9cnico y de nuevo entra en juego aqu\u00ed el tinder, ya sab\u00e9is chicos a esperar al ligue en la grada a que termine la sesi\u00f3n de entreno. El aforo sube al 50% pero se impiden las aglomeraciones as\u00ed que el p\u00fablico deber\u00e1 esperar para asistir en primer lugar a los entrenos y m\u00e1s tardes a los partidos aunque ya son muchas las voces que piden abrir la mano a que entre el p\u00fablico al estadio lo que en el \u00e1mbito del futbol tampoco se ve muy problem\u00e1tico pues cuando juegan a puerta cerrada se aglutinan tanto hinchas en las afueras del templo que dejarlos pasar a vociferar en el c\u00f3rner pues no supondr\u00e1 incrementar el riesgo que ya va impl\u00edcito a la pr\u00e1ctica pelotera. <\/span><\/p>\n<p align=\"JUSTIFY\"><span style=\"font-family: Tahoma, serif;\">En las ligas federadas no profesionales se proh\u00edbe la asistencia de los medios de comunicaci\u00f3n con lo que ya si se prestaba poca atenci\u00f3n a estos deportistas que trabajan casi tanto como los profesionales pues har\u00e1 que los sponsors ni se acerquen, tampoco se permite la entrada de utilleros ni personal auxiliar algo que seguro no a\u00f1orar\u00e1n pues en estas lides cada cual se sorbe sus mocos. <\/span><\/p>\n<p style=\"text-align: left;\" align=\"JUSTIFY\"><span style=\"font-family: Tahoma, serif;\">Las piscinas de uso deportivo suben el aforo al 30% cuando se divida la l\u00e1mina de agua por corcheras y los waterpolistas tendr\u00e1n que seguir esperando para reanudar su actividad, en nuestra piscina municipal hay varios grupos de esta especialidad que deber\u00e1n contentarse con hacer largos sin coger pies. <\/span><\/p>\n<p align=\"JUSTIFY\"><span style=\"font-family: Tahoma, serif;\">En cuanto a las normas sobre distancias de seguridad se mantienen inc\u00f3lumes (4 a 5 metros entre andadores, 10 metros entre corredores y 20 entre ciclistas) con lo cual todo lo comentado anteriormente pues no sabr\u00eda decir d\u00f3nde queda. <\/span><\/p>\n<p align=\"JUSTIFY\"><span style=\"font-family: Tahoma, serif;\">Por \u00faltimo, rese\u00f1ar que las federaciones ya est\u00e1n presentando sus calendarios provisionales que someter\u00e1n al escrutinio de sus juntas generales. La espa\u00f1ola de atletismo ha dividido las competiciones en tres cap\u00edtulos, aquellas competiciones que han quedado definitivamente canceladas, aquellas otras que han sido aplazadas y quedan pendientes de se\u00f1alar nueva fecha y las competiciones que o bien se celebraron antes de la declaraci\u00f3n del estado de alarma o que han quedado pendientes de celebrar pendientes de se\u00f1alar nueva fecha o ratificar la inicialmente prevista. <\/span><\/p>\n<p align=\"JUSTIFY\"><span style=\"font-family: Tahoma, serif;\">Parece claro que todo va a depender de c\u00f3mo vaya el ritmo de contagios y la inexistencia de rebrotes. Otra cosa ser\u00e1 que pasar\u00e1 cuando superemos el verano y entremos en el temido oto\u00f1o y en el que las previsiones no son nada alag\u00fce\u00f1as, esperemos que los augurios fallen estrepitosamente y que seamos capaces de llegar preparados a este momento. <\/span><\/p>\n<p align=\"JUSTIFY\">\u00a0<\/p>\n","protected":false},"excerpt":{"rendered":"<p>Este lunes d\u00eda 8 hemos subido a la cabeza del pelot\u00f3n de la desescalada y&#8230;<\/p>\n","protected":false},"author":1,"featured_media":40458,"comment_status":"closed","ping_status":"closed","sticky":false,"template":"","format":"standard","meta":{"_coblocks_attr":"","_coblocks_dimensions":"","_coblocks_responsive_height":"","_coblocks_accordion_ie_support":"","jetpack_post_was_ever_published":false,"_jetpack_newsletter_access":"","_jetpack_dont_email_post_to_subs":false,"_jetpack_newsletter_tier_id":0,"_jetpack_memberships_contains_paywalled_content":false,"_jetpack_memberships_contains_paid_content":false,"footnotes":"","jetpack_publicize_message":"","jetpack_publicize_feature_enabled":true,"jetpack_social_post_already_shared":false,"jetpack_social_options":{"image_generator_settings":{"template":"highway","default_image_id":0,"enabled":false},"version":2}},"categories":[2,1161,182,6915,44,15,10],"tags":[85,322],"class_list":["post-40457","post","type-post","status-publish","format-standard","has-post-thumbnail","hentry","category-atarfe","category-ciudadania","category-deportes","category-opinion-de-manuel-jimenez","category-noticias-de-hoy","category-ultimas-noticias","category-salud","tag-atletismo","tag-deporte"],"jetpack_publicize_connections":[],"jetpack_featured_media_url":"https:\/\/i0.wp.com\/miradordeatarfe.es\/wp-content\/uploads\/2020\/06\/deporte-covid-2.jpg?fit=624%2C441&ssl=1","jetpack_likes_enabled":true,"jetpack_sharing_enabled":true,"_links":{"self":[{"href":"https:\/\/miradordeatarfe.es\/index.php?rest_route=\/wp\/v2\/posts\/40457","targetHints":{"allow":["GET"]}}],"collection":[{"href":"https:\/\/miradordeatarfe.es\/index.php?rest_route=\/wp\/v2\/posts"}],"about":[{"href":"https:\/\/miradordeatarfe.es\/index.php?rest_route=\/wp\/v2\/types\/post"}],"author":[{"embeddable":true,"href":"https:\/\/miradordeatarfe.es\/index.php?rest_route=\/wp\/v2\/users\/1"}],"replies":[{"embeddable":true,"href":"https:\/\/miradordeatarfe.es\/index.php?rest_route=%2Fwp%2Fv2%2Fcomments&post=40457"}],"version-history":[{"count":1,"href":"https:\/\/miradordeatarfe.es\/index.php?rest_route=\/wp\/v2\/posts\/40457\/revisions"}],"predecessor-version":[{"id":40460,"href":"https:\/\/miradordeatarfe.es\/index.php?rest_route=\/wp\/v2\/posts\/40457\/revisions\/40460"}],"wp:featuredmedia":[{"embeddable":true,"href":"https:\/\/miradordeatarfe.es\/index.php?rest_route=\/wp\/v2\/media\/40458"}],"wp:attachment":[{"href":"https:\/\/miradordeatarfe.es\/index.php?rest_route=%2Fwp%2Fv2%2Fmedia&parent=40457"}],"wp:term":[{"taxonomy":"category","embeddable":true,"href":"https:\/\/miradordeatarfe.es\/index.php?rest_route=%2Fwp%2Fv2%2Fcategories&post=40457"},{"taxonomy":"post_tag","embeddable":true,"href":"https:\/\/miradordeatarfe.es\/index.php?rest_route=%2Fwp%2Fv2%2Ftags&post=40457"}],"curies":[{"name":"wp","href":"https:\/\/api.w.org\/{rel}","templated":true}]}}