{"id":40513,"date":"2020-06-15T11:28:10","date_gmt":"2020-06-15T09:28:10","guid":{"rendered":"http:\/\/miradordeatarfe.es\/?p=40513"},"modified":"2020-06-14T13:52:48","modified_gmt":"2020-06-14T11:52:48","slug":"el-remanente-por-remedios-sanchez","status":"publish","type":"post","link":"https:\/\/miradordeatarfe.es\/?p=40513","title":{"rendered":"\u00abEL REMANENTE\u00bb por  Remedios S\u00e1nchez"},"content":{"rendered":"<h3 align=\"JUSTIFY\"><span lang=\"es-ES\">Escuchando esta semana las declaraciones de representantes de Ciudadanos a prop\u00f3sito del recorte de 135 millones a las universidades andaluzas, me ha venido a la cabeza aquella frase de Hoyle (el astrof\u00edsico que cre\u00eda que la vida en nuestro planeta era fruto de los extraterrestres) en la que afirmaba que no ve\u00eda razonable rechazar datos porque parezcan incre\u00edbles. <\/span><\/h3>\n<p align=\"JUSTIFY\"><span lang=\"es-ES\">Y precisamente incre\u00edble resulta tratar de justificar que la tercera parte del remanente de las universidades andaluzas (35 millones debe poner la UGR) deba destinarse al Fondo de 700 millones de Emergencia contra el Covid-19 para paliar los efectos econ\u00f3micos en nuestra comunidad mientras se bonifica en un 50% las tasas para las m\u00e1quinas recreativas y de azar. Lo cual que protegemos el juego, como si Andaluc\u00eda pudiera progresar bas\u00e1ndose en el azar o en la misericordia divina (que cada cual escoja lo que prefiera) y dejamos la educaci\u00f3n superior andaluza sin el colch\u00f3n de ahorros que llevan protegiendo d\u00e9cadas para atender cualquier aprieto grave -y estamos inmersos en uno-, lo que implica, de segundas, bajadas en partidas presupuestarias que en un momento como \u00e9ste son imprescindibles. <\/span><\/p>\n<p align=\"JUSTIFY\"><span lang=\"es-ES\">En cifras supone que los estudios superiores, a los que se destina desde la Junta un 3,5% del presupuesto anual, deben aportar un 19,28%, al fondo, si la regla de tres simple no me falla. Imagino que el consejero de Universidades, Rogelio Velasco, catedr\u00e1tico universitario de Teor\u00eda Econ\u00f3mica, habr\u00e1 hecho los mismos c\u00e1lculos, con lo que cuesta entender que un docente especializado como \u00e9l no valore fijar un criterio de proporcionalidad o no se haya negado a aplicar tal arbitrariedad (nadie quiere quedarse al margen) sabiendo que las universidades resultan un motor socioecon\u00f3mico fundamental de muchas provincias, con lo que la decisi\u00f3n trasciende lo acad\u00e9mico para convertirse en un problema que afectar\u00e1 a la sociedad en su conjunto. La misma sociedad a la que dicen que van a destinar el fondo. El caso granad\u00ed es evidente, con una UGR que ejerce como puntal financiero esencial y por la que se han hecho much\u00edsimos sacrificios para situarla como una de las universidades m\u00e1s punteras de Espa\u00f1a en I+D+i, en inter\u00e9s del estudiantado o en influencia cultural internacional seg\u00fan todos los rankings. Y, naturalmente, la primera andaluza. Ya se entiende que hay que buscar dinero para gestionar la crisis brutal que viene, arrimar el hombro todos, pero crear un conflicto para tapar otro, tiene poca l\u00f3gica. Por lo menos para los que somos de letras.<\/span><\/p>\n<p align=\"JUSTIFY\"><span lang=\"es-ES\">Es decir, que desvestir a un santo para vestir a otro no ha sido nunca buena estrategia, pero eso, el consejero de Econom\u00eda, se\u00f1or Bravo (el mismo que se llev\u00f3 la gesti\u00f3n econ\u00f3mica del Parque de las Ciencias a Sevilla contra la opini\u00f3n general), parece que no lo comprende y lo contagia a colegas como Velasco. No es \u00e9ste un momento de ordeno y mando como acostumbra Bravo, sino de llegar a acuerdos, de tener sensibilidad y conocimiento profundo de cada realidad provincial, porque aqu\u00ed, o nos salvamos todos o no se salva nadie. Y menos los pol\u00edticos.<\/span><\/p>\n","protected":false},"excerpt":{"rendered":"<p>Escuchando esta semana las declaraciones de representantes de Ciudadanos a prop\u00f3sito del recorte de 135&#8230;<\/p>\n","protected":false},"author":1,"featured_media":40514,"comment_status":"closed","ping_status":"closed","sticky":false,"template":"","format":"standard","meta":{"_coblocks_attr":"","_coblocks_dimensions":"","_coblocks_responsive_height":"","_coblocks_accordion_ie_support":"","jetpack_post_was_ever_published":false,"_jetpack_newsletter_access":"","_jetpack_dont_email_post_to_subs":false,"_jetpack_newsletter_tier_id":0,"_jetpack_memberships_contains_paywalled_content":false,"_jetpack_memberships_contains_paid_content":false,"footnotes":"","jetpack_publicize_message":"","jetpack_publicize_feature_enabled":true,"jetpack_social_post_already_shared":false,"jetpack_social_options":{"image_generator_settings":{"template":"highway","default_image_id":0,"enabled":false},"version":2}},"categories":[44,6914,6937,15],"tags":[65,7416,1572,2213],"class_list":["post-40513","post","type-post","status-publish","format-standard","has-post-thumbnail","hentry","category-noticias-de-hoy","category-opinion-de-reme-sanchez","category-sociedad","category-ultimas-noticias","tag-economia","tag-idi","tag-recortes","tag-ugr"],"jetpack_publicize_connections":[],"jetpack_featured_media_url":"https:\/\/i0.wp.com\/miradordeatarfe.es\/wp-content\/uploads\/2020\/06\/0680d7325f0765efd66a60ca427ac55e000057.jpeg?fit=1200%2C1200&ssl=1","jetpack_likes_enabled":true,"jetpack_sharing_enabled":true,"_links":{"self":[{"href":"https:\/\/miradordeatarfe.es\/index.php?rest_route=\/wp\/v2\/posts\/40513","targetHints":{"allow":["GET"]}}],"collection":[{"href":"https:\/\/miradordeatarfe.es\/index.php?rest_route=\/wp\/v2\/posts"}],"about":[{"href":"https:\/\/miradordeatarfe.es\/index.php?rest_route=\/wp\/v2\/types\/post"}],"author":[{"embeddable":true,"href":"https:\/\/miradordeatarfe.es\/index.php?rest_route=\/wp\/v2\/users\/1"}],"replies":[{"embeddable":true,"href":"https:\/\/miradordeatarfe.es\/index.php?rest_route=%2Fwp%2Fv2%2Fcomments&post=40513"}],"version-history":[{"count":1,"href":"https:\/\/miradordeatarfe.es\/index.php?rest_route=\/wp\/v2\/posts\/40513\/revisions"}],"predecessor-version":[{"id":40515,"href":"https:\/\/miradordeatarfe.es\/index.php?rest_route=\/wp\/v2\/posts\/40513\/revisions\/40515"}],"wp:featuredmedia":[{"embeddable":true,"href":"https:\/\/miradordeatarfe.es\/index.php?rest_route=\/wp\/v2\/media\/40514"}],"wp:attachment":[{"href":"https:\/\/miradordeatarfe.es\/index.php?rest_route=%2Fwp%2Fv2%2Fmedia&parent=40513"}],"wp:term":[{"taxonomy":"category","embeddable":true,"href":"https:\/\/miradordeatarfe.es\/index.php?rest_route=%2Fwp%2Fv2%2Fcategories&post=40513"},{"taxonomy":"post_tag","embeddable":true,"href":"https:\/\/miradordeatarfe.es\/index.php?rest_route=%2Fwp%2Fv2%2Ftags&post=40513"}],"curies":[{"name":"wp","href":"https:\/\/api.w.org\/{rel}","templated":true}]}}