{"id":40579,"date":"2020-06-23T09:09:08","date_gmt":"2020-06-23T07:09:08","guid":{"rendered":"http:\/\/miradordeatarfe.es\/?p=40579"},"modified":"2020-06-14T18:57:37","modified_gmt":"2020-06-14T16:57:37","slug":"greenpeace-denuncia-la-importacion-espanola-de-carne-procedente-de-la-deforestacion-de-la-amazonia","status":"publish","type":"post","link":"https:\/\/miradordeatarfe.es\/?p=40579","title":{"rendered":"Greenpeace denuncia la importaci\u00f3n espa\u00f1ola de carne procedente de la deforestaci\u00f3n de la Amazonia"},"content":{"rendered":"<h3 style=\"text-align: justify;\">En el caso de Espa\u00f1a, algunas empresas importadoras de esta carne congelada, principalmente ubicadas en el archipi\u00e9lago canario, presumen de tener entre sus clientes a las grandes cadenas hoteleras como Barcel\u00f3, Iberostar o N10 Hotels.<\/h3>\n<p style=\"text-align: justify;\">Una\u00a0investigaci\u00f3n\u00a0conjunta de Greenpeace Brasil y Rep\u00f3rter Brasil\u00a0ha puesto en evidencia los\u00a0<strong>v\u00ednculos entre la deforestaci\u00f3n producida por la expansi\u00f3n ganadera\u00a0en el interior de espacios protegidos de Brasil, las exportaciones brasile\u00f1as de carne congelada\u00a0y el consumo de esta carne en los mercados internacionales<\/strong>, incluidos los pa\u00edses de la UE. En el caso de Espa\u00f1a, algunas empresas importadoras de esta carne congelada, principalmente ubicadas en el archipi\u00e9lago canario, presumen de tener entre sus clientes a las grandes cadenas hoteleras como Barcel\u00f3, Iberostar o N10 Hotels.\u00a0<\/p>\n<p style=\"text-align: justify;\">La\u00a0investigaci\u00f3n de Greenpeace\u00a0se centra en el\u00a0Parque Estatal Ricardo Franco, un espacio protegido de 158.000 hect\u00e1reas\u00a0creado en 1997 en la frontera entre Mato Grosso, en Brasil, y Bolivia. Debido a su rica biodiversidad, el parque fue creado bajo la categor\u00eda de \u201cprotecci\u00f3n integral\u201d. Seg\u00fan el an\u00e1lisis, desde la creaci\u00f3n del parque,\u00a0<strong>m\u00e1s de 12.000 hect\u00e1reas han sido deforestadas y, en la pr\u00e1ctica, el 71% de su \u00e1rea es reclamada por el sector ganadero como propiedad privada<\/strong>.\u00a0Estas\u00a0granjas ganaderas\u00a0dentro del espacio son\u00a0incompatibles con los objetivos de protecci\u00f3n.\u00a0De las 137 granjas destacan dos de ellas: Pared\u00e3o I y II, que suman m\u00e1s de 4.000 hect\u00e1reas, de las cuales, al menos, 2.000 han sido deforestadas ilegalmente. En 2016, los da\u00f1os ambientales en estas granjas fueron objeto de investigaciones y acciones judiciales por parte de la Oficina del Fiscal del Estado de Mato Grosso.<\/p>\n<p style=\"text-align: justify;\"><em>\u201cEl caso del Parque Estatal Ricardo Franco se repite en muchos otros lugares de la Amazon\u00eda. <strong>El actual repunte de la deforestaci\u00f3n en el interior de \u00e1reas protegidas y tierras ind\u00edgenas est\u00e1 directamente relacionado con las declaraciones, pol\u00edticas y est\u00edmulos promovidos por el actual presidente Bolsonaro<\/strong>\u201d,<\/em>\u00a0ha declarado Miguel \u00c1ngel Soto, responsable de la Campa\u00f1a de Bosques de Greenpeace Espa\u00f1a<em>.\u00a0<\/em><\/p>\n<p style=\"text-align: justify;\">La investigaci\u00f3n encontr\u00f3 que, entre abril de 2018 y junio de 2019, el ganado de estas dos granjas (Pared\u00e3o I y II) fue vendido a otra instalaci\u00f3n ganadera del mismo propietario pero ubicada fuera del espacio protegido. Esta granja es un proveedor importante de carne de los principales mataderos de Brasil, JBS, Marfrig y Minerva. Pero estos mataderos <strong>solo realizan una evaluaci\u00f3n de la \u00faltima granja por la que pas\u00f3 el animal antes de su sacrificio, no un monitoreo de todos los proveedores<\/strong> a lo largo de la cadena de suministro, permitiendo, de esta forma, la entrada de animales que pastaban ilegalmente en el citado espacio protegido dentro de la cadena.\u00a0Este esquema, un verdadero \u201clavado de ganado ilegal\u201d permite que el ganado pueda ser suministrado a mataderos que se han comprometido p\u00fablicamente a limpiar sus cadenas de suministro de ganado procedente de \u00e1reas afectadas por la deforestaci\u00f3n\u00a0e invasi\u00f3n de \u00e1reas protegidas.<\/p>\n<div class=\"wp-block-image\" style=\"text-align: justify;\">\n<figure class=\"aligncenter size-large\"><img data-recalc-dims=\"1\" decoding=\"async\" class=\"td-animation-stack-type0-2\" src=\"https:\/\/i0.wp.com\/66.media.tumblr.com\/6545b601ab3ddc0736f47f66c389071b\/ec772039c4c24863-b7\/s2048x3072\/348f9b580a5467b3c51b5892a295b35961782373.jpg?w=640&#038;ssl=1\" alt=\"\" \/><\/figure>\n<\/div>\n<p style=\"text-align: justify;\"><em>\u201cLa\u00a0Uni\u00f3n Europea no puede permanecer al margen\u00a0del enorme impacto ambiental y social de sus cadenas de suministro. El consumo de los europeos provoca cambio clim\u00e1tico, p\u00e9rdida de biodiversidad y violaciones de los derechos humanos.<\/em>\u201d, ha a\u00f1adido Soto. \u201c<em><strong>Es urgente que la Comisi\u00f3n Europea ponga en marcha la anunciada legislaci\u00f3n que impida la entrada en la Uni\u00f3n Europea de materias primas procedentes de la deforestaci\u00f3n<\/strong>\u201d.<\/em><\/p>\n<p style=\"text-align: justify;\">Datos recientes\u00a0analizados por Greenpeace Brasil muestran que la destrucci\u00f3n del Amazonas se est\u00e1 acelerando. Durante el pasado mes de mayo, las alertas de deforestaci\u00f3n aumentaron un 34% en comparaci\u00f3n con el mes anterior. En este momento, cuando Brasil se est\u00e1 convirtiendo en el nuevo epicentro de la COVID-19, <strong>el aumento de la deforestaci\u00f3n es la peor noticia, especialmente para los pueblos ind\u00edgenas, que son las comunidades m\u00e1s vulnerables del Amazonas<\/strong>.<\/p>\n<blockquote class=\"wp-embedded-content\" data-secret=\"2W9G4Esvna\"><p><a href=\"https:\/\/contrainformacion.es\/greenpeace-denuncia-la-importacion-espanola-de-carne-procedente-de-la-deforestacion-de-la-amazonia\/\">Greenpeace denuncia la importaci\u00f3n espa\u00f1ola de carne procedente de la deforestaci\u00f3n de la Amazonia<\/a><\/p><\/blockquote>\n<p><iframe loading=\"lazy\" class=\"wp-embedded-content\" sandbox=\"allow-scripts\" security=\"restricted\" style=\"position: absolute; visibility: hidden;\" title=\"\u00abGreenpeace denuncia la importaci\u00f3n espa\u00f1ola de carne procedente de la deforestaci\u00f3n de la Amazonia\u00bb \u2014 Contrainformaci\u00f3n\" src=\"https:\/\/contrainformacion.es\/greenpeace-denuncia-la-importacion-espanola-de-carne-procedente-de-la-deforestacion-de-la-amazonia\/embed\/#?secret=cWDVKThoq3#?secret=2W9G4Esvna\" data-secret=\"2W9G4Esvna\" width=\"600\" height=\"338\" frameborder=\"0\" marginwidth=\"0\" marginheight=\"0\" scrolling=\"no\"><\/iframe><\/p>\n","protected":false},"excerpt":{"rendered":"<p>En el caso de Espa\u00f1a, algunas empresas importadoras de esta carne congelada, principalmente ubicadas en&#8230;<\/p>\n","protected":false},"author":1,"featured_media":40580,"comment_status":"closed","ping_status":"closed","sticky":false,"template":"","format":"standard","meta":{"_coblocks_attr":"","_coblocks_dimensions":"","_coblocks_responsive_height":"","_coblocks_accordion_ie_support":"","jetpack_post_was_ever_published":false,"_jetpack_newsletter_access":"","_jetpack_dont_email_post_to_subs":false,"_jetpack_newsletter_tier_id":0,"_jetpack_memberships_contains_paywalled_content":false,"_jetpack_memberships_contains_paid_content":false,"footnotes":"","jetpack_publicize_message":"","jetpack_publicize_feature_enabled":true,"jetpack_social_post_already_shared":false,"jetpack_social_options":{"image_generator_settings":{"template":"highway","default_image_id":0,"enabled":false},"version":2}},"categories":[1161,9,44,6937,15],"tags":[7428,7283,1053],"class_list":["post-40579","post","type-post","status-publish","format-standard","has-post-thumbnail","hentry","category-ciudadania","category-medio-ambiente","category-noticias-de-hoy","category-sociedad","category-ultimas-noticias","tag-carne","tag-desforestacion","tag-europa"],"jetpack_publicize_connections":[],"jetpack_featured_media_url":"https:\/\/i0.wp.com\/miradordeatarfe.es\/wp-content\/uploads\/2020\/06\/%C3%ADndice-9.jpg?fit=212%2C119&ssl=1","jetpack_likes_enabled":true,"jetpack_sharing_enabled":true,"_links":{"self":[{"href":"https:\/\/miradordeatarfe.es\/index.php?rest_route=\/wp\/v2\/posts\/40579","targetHints":{"allow":["GET"]}}],"collection":[{"href":"https:\/\/miradordeatarfe.es\/index.php?rest_route=\/wp\/v2\/posts"}],"about":[{"href":"https:\/\/miradordeatarfe.es\/index.php?rest_route=\/wp\/v2\/types\/post"}],"author":[{"embeddable":true,"href":"https:\/\/miradordeatarfe.es\/index.php?rest_route=\/wp\/v2\/users\/1"}],"replies":[{"embeddable":true,"href":"https:\/\/miradordeatarfe.es\/index.php?rest_route=%2Fwp%2Fv2%2Fcomments&post=40579"}],"version-history":[{"count":1,"href":"https:\/\/miradordeatarfe.es\/index.php?rest_route=\/wp\/v2\/posts\/40579\/revisions"}],"predecessor-version":[{"id":40581,"href":"https:\/\/miradordeatarfe.es\/index.php?rest_route=\/wp\/v2\/posts\/40579\/revisions\/40581"}],"wp:featuredmedia":[{"embeddable":true,"href":"https:\/\/miradordeatarfe.es\/index.php?rest_route=\/wp\/v2\/media\/40580"}],"wp:attachment":[{"href":"https:\/\/miradordeatarfe.es\/index.php?rest_route=%2Fwp%2Fv2%2Fmedia&parent=40579"}],"wp:term":[{"taxonomy":"category","embeddable":true,"href":"https:\/\/miradordeatarfe.es\/index.php?rest_route=%2Fwp%2Fv2%2Fcategories&post=40579"},{"taxonomy":"post_tag","embeddable":true,"href":"https:\/\/miradordeatarfe.es\/index.php?rest_route=%2Fwp%2Fv2%2Ftags&post=40579"}],"curies":[{"name":"wp","href":"https:\/\/api.w.org\/{rel}","templated":true}]}}