{"id":40663,"date":"2020-06-25T08:16:35","date_gmt":"2020-06-25T06:16:35","guid":{"rendered":"http:\/\/miradordeatarfe.es\/?p=40663"},"modified":"2020-06-21T14:08:39","modified_gmt":"2020-06-21T12:08:39","slug":"en-que-paises-se-aplica-el-cambio-de-hora-y-por-que","status":"publish","type":"post","link":"https:\/\/miradordeatarfe.es\/?p=40663","title":{"rendered":"\u00bfEn qu\u00e9 pa\u00edses se aplica el cambio de hora y por qu\u00e9?"},"content":{"rendered":"<header class=\"entry-header\"><\/header>\n<h3 style=\"text-align: justify;\"><strong>Dos veces al a\u00f1o varios pa\u00edses adelantan o atrasan sus relojes. Sin embargo, la gran mayor\u00eda no cambian la hora. \u00bfDe d\u00f3nde viene esta curiosa costumbre? Nos lo ha preguntado Nico a trav\u00e9s del <\/strong><a href=\"https:\/\/docs.google.com\/forms\/d\/e\/1FAIpQLScw_vaaoFsdwKDd7Y9ErvX2oYucoBFu-PspyQs8Wmgq4x87RA\/viewform\"><strong>formulario<\/strong><\/a><strong> de <\/strong><strong><em>EOM explica<\/em><\/strong><strong>.<\/strong><\/h3>\n<p style=\"text-align: justify;\">El horario de verano es un arreglo por el cual los relojes se adelantan para aprovechar m\u00e1s las horas de luz diurna. Normalmente, el reloj se adelanta una hora, y el cambio se aplica durante la mitad del a\u00f1o, empezando en marzo o abril y volviendo al horario normal en septiembre u octubre en el hemisferio norte, y a la inversa en el hemisferio sur.\u00a0<\/p>\n<p style=\"text-align: justify;\">Uno de los primeros en plantear que se perd\u00edan muchas horas de luz solar fue el pol\u00edtico e inventor estadounidense <a href=\"https:\/\/es.wikipedia.org\/wiki\/Benjamin_Franklin\">Benjamin Franklin<\/a>, pero <a href=\"https:\/\/www.geografiainfinita.com\/2013\/10\/paises-que-no-cambian-la-hora\/\">no se le puede atribuir el invento del horario de verano<\/a>. Tambi\u00e9n se tiene constancia de que algunas civilizaciones antiguas, como la egipcia o la romana, <a href=\"https:\/\/en.wikipedia.org\/wiki\/Roman_timekeeping\">ajustaban sus actividades diarias<\/a> a los cambios de luz estacionales. Sin embargo, el cambio estacional de hora se empez\u00f3 a desarrollar a finales del siglo XIX y principios del XX. Fueron el entom\u00f3logo neozeland\u00e9s <a href=\"https:\/\/en.wikipedia.org\/wiki\/George_Hudson_(entomologist)\">George Hudson<\/a> y el constructor brit\u00e1nico <a href=\"https:\/\/en.wikipedia.org\/wiki\/William_Willett\">William Willett<\/a> los primeros en presentar art\u00edculos en los que se planteaba el adelanto de los relojes como forma de ahorrar energ\u00eda y dinero. Pese a la atenci\u00f3n que atrajeron sus propuestas, no fue hasta la Primera Guerra Mundial cuando el cambio de hora se aplic\u00f3 de manera generalizada. La necesidad de ahorrar recursos energ\u00e9ticos para la contienda llev\u00f3 a que <a href=\"https:\/\/www.timeanddate.com\/time\/europe\/daylight-saving-history.html\">Alemania adelantara la hora en abril de 1916<\/a> y r\u00e1pidamente pa\u00edses como Reino Unido, <a href=\"https:\/\/blogs.loc.gov\/teachers\/2017\/03\/world-war-i-and-daylight-savings-time\/\">EE. UU.<\/a> y otros les siguieron. El cambio de hora se dej\u00f3 de aplicar tras la contienda y se volvi\u00f3 a poner en uso de manera generalizada <a href=\"https:\/\/www.livescience.com\/18965-history-daylight-saving-time.html\">durante la Segunda Guerra Mundial y la crisis del petr\u00f3leo de los a\u00f1os 70<\/a>, de nuevo de forma puntual y como medida de ahorro. De hecho, no se aplic\u00f3 de manera uniforme y hubo pa\u00edses que lo usaron solo <a href=\"https:\/\/en.wikipedia.org\/wiki\/Daylight_saving_time\">en funci\u00f3n de las necesidades del momento<\/a>.\u00a0<\/p>\n<figure class=\"wp-block-image size-large\" style=\"text-align: justify;\"><picture><source srcset=\"https:\/\/elordenmundial.com\/wp-content\/webp-express\/webp-images\/doc-root\/wp-content\/uploads\/2020\/03\/667px-_Saving_Daylight^__Set_the_clock_ahead_one_hour_and_win_the_war__uncle_sam_your_enemies_have_been_up_and_are_at..._-_NARA_-_512689.jpg.webp 667w, https:\/\/elordenmundial.com\/wp-content\/webp-express\/webp-images\/doc-root\/wp-content\/uploads\/2020\/03\/667px-_Saving_Daylight^__Set_the_clock_ahead_one_hour_and_win_the_war__uncle_sam_your_enemies_have_been_up_and_are_at..._-_NARA_-_512689-640x983.jpg.webp 640w, https:\/\/elordenmundial.com\/wp-content\/webp-express\/webp-images\/doc-root\/wp-content\/uploads\/2020\/03\/667px-_Saving_Daylight^__Set_the_clock_ahead_one_hour_and_win_the_war__uncle_sam_your_enemies_have_been_up_and_are_at..._-_NARA_-_512689-480x737.jpg.webp 480w\" type=\"image\/webp\" sizes=\"(max-width: 667px) 100vw, 667px\" \/><img data-recalc-dims=\"1\" decoding=\"async\" class=\"wp-image-28441 webpexpress-processed ls-is-cached lazyloaded\" src=\"https:\/\/i0.wp.com\/elordenmundial.com\/wp-content\/uploads\/2020\/03\/667px-_Saving_Daylight%5E__Set_the_clock_ahead_one_hour_and_win_the_war__uncle_sam_your_enemies_have_been_up_and_are_at..._-_NARA_-_512689.jpg?w=640&#038;ssl=1\" sizes=\"(max-width: 667px) 100vw, 667px\" srcset=\"https:\/\/elordenmundial.com\/wp-content\/uploads\/2020\/03\/667px-_Saving_Daylight^__Set_the_clock_ahead_one_hour_and_win_the_war__uncle_sam_your_enemies_have_been_up_and_are_at..._-_NARA_-_512689.jpg 667w, https:\/\/elordenmundial.com\/wp-content\/uploads\/2020\/03\/667px-_Saving_Daylight^__Set_the_clock_ahead_one_hour_and_win_the_war__uncle_sam_your_enemies_have_been_up_and_are_at..._-_NARA_-_512689-640x983.jpg 640w, https:\/\/elordenmundial.com\/wp-content\/uploads\/2020\/03\/667px-_Saving_Daylight^__Set_the_clock_ahead_one_hour_and_win_the_war__uncle_sam_your_enemies_have_been_up_and_are_at..._-_NARA_-_512689-480x737.jpg 480w\" alt=\"\" data-srcset=\"https:\/\/elordenmundial.com\/wp-content\/uploads\/2020\/03\/667px-_Saving_Daylight^__Set_the_clock_ahead_one_hour_and_win_the_war__uncle_sam_your_enemies_have_been_up_and_are_at..._-_NARA_-_512689.jpg 667w, https:\/\/elordenmundial.com\/wp-content\/uploads\/2020\/03\/667px-_Saving_Daylight^__Set_the_clock_ahead_one_hour_and_win_the_war__uncle_sam_your_enemies_have_been_up_and_are_at..._-_NARA_-_512689-640x983.jpg 640w, https:\/\/elordenmundial.com\/wp-content\/uploads\/2020\/03\/667px-_Saving_Daylight^__Set_the_clock_ahead_one_hour_and_win_the_war__uncle_sam_your_enemies_have_been_up_and_are_at..._-_NARA_-_512689-480x737.jpg 480w\" data-src=\"https:\/\/elordenmundial.com\/wp-content\/uploads\/2020\/03\/667px-_Saving_Daylight^__Set_the_clock_ahead_one_hour_and_win_the_war__uncle_sam_your_enemies_have_been_up_and_are_at..._-_NARA_-_512689.jpg\" data-sizes=\"(max-width: 667px) 100vw, 667px\" \/><\/picture><figcaption>\u00ab\u00a1Adelanta el reloj una hora y gana la guerra!\u00bb. Cartel propagand\u00edstico de 1918 en defensa del cambio de hora en EE. UU. Fuente: <a href=\"https:\/\/commons.wikimedia.org\/wiki\/File:%22Saving_Daylight%5E_%22Set_the_clock_ahead_one_hour_and_win_the_war%22_uncle_sam,_your_enemies_have_been_up_and_are_at..._-_NARA_-_512689.jpg\">National Archives US (Wikimedia)<\/a><\/figcaption><\/figure>\n<p style=\"text-align: justify;\">Alrededor de <a href=\"https:\/\/www.timeanddate.com\/time\/dst\/statistics.html\">ciento cuarenta pa\u00edses han usado alguna vez el horario de verano<\/a> y cerca de setenta lo aplican actualmente. Es m\u00e1s, todos los pa\u00edses de la Uni\u00f3n Europea <a href=\"https:\/\/eur-lex.europa.eu\/legal-content\/ES\/TXT\/HTML\/?uri=CELEX:32000L0084&amp;from=EN\">est\u00e1n obligados a cambiar la hora a la vez<\/a> para evitar desfases entre los miembros. As\u00ed, en la UE el periodo de verano comienza el \u00faltimo domingo de marzo y termina el \u00faltimo domingo de octubre. No obstante, los europeos llevan a\u00f1os pidiendo que deje de aplicarse el horario de verano y, tras una consulta ciudadana llevada a cabo por la Comisi\u00f3n Europea en 2018, el Parlamento Europeo aprob\u00f3 terminar con el cambio de hora en 2021, pero los <a href=\"https:\/\/elpais.com\/sociedad\/2019\/10\/25\/actualidad\/1572013301_569910.html\">Estados miembros a\u00fan no se han puesto de acuerdo<\/a> en c\u00f3mo ni cu\u00e1ndo hacerlo.<\/p>\n<p style=\"text-align: justify;\">El horario de verano tambi\u00e9n se mantiene en EE. UU., M\u00e9xico y Canad\u00e1, aunque <a href=\"https:\/\/www.geografiainfinita.com\/2013\/10\/paises-que-no-cambian-la-hora\/\">hay algunos territorios de estos pa\u00edses que no lo aplican<\/a>, como Arizona en EE. UU., Saskatchewan en Canad\u00e1 o Sinaloa en M\u00e9xico. Adem\u00e1s, dentro de M\u00e9xico no todos los territorios cambian el reloj al mismo tiempo: mientras la mayor parte del pa\u00eds adelanta la hora el primer domingo de abril, <a href=\"https:\/\/www.infobae.com\/america\/mexico\/2020\/03\/04\/cuando-sera-el-proximo-cambio-de-horario-en-mexico\/\">una treintena de pueblos y ciudades fronterizas con Estados Unidos lo hacen quince d\u00edas antes<\/a> para estar sincronizados con sus vecinos del norte, con los que est\u00e1n estrechamente ligados a nivel econ\u00f3mico.<\/p>\n<p style=\"text-align: justify;\">Muchos otros pa\u00edses <a href=\"https:\/\/viajes.nationalgeographic.com.es\/lifestyle\/hay-cambio-hora-todo-paises_14760\">en el resto del mundo<\/a>, como Argentina o China, utilizaron el horario de verano pero que ya no lo aplican. En Am\u00e9rica Latina Chile, Paraguay y el sur de Brasil son las \u00fanicas zonas que lo aplican, aunque de forma inversa al estar estos territorios en el hemisferio sur. Por el contrario, en Asia, Ocean\u00eda y \u00c1frica el cambio de hora <a href=\"https:\/\/www.timeanddate.com\/time\/dst\/statistics.html\">pr\u00e1cticamente no se utiliza<\/a>: solo pa\u00edses como Marruecos, algunos de Oriente Pr\u00f3ximo como Ir\u00e1n, Israel o L\u00edbano, y algunas zonas de Australia utilizan el horario de verano.\u00a0<\/p>\n<p style=\"text-align: justify;\">Hist\u00f3ricamente, el motivo que llev\u00f3 a su instauraci\u00f3n fue el ahorro de energ\u00eda, aunque <a href=\"https:\/\/www.nationalgeographic.es\/ciencia\/2017\/10\/cambio-de-hora-por-que-se-cambia-la-hora-en-primavera-y-otono\">no existen pruebas concluyentes<\/a> que hayan demostrado su utilidad. Adem\u00e1s, en la actualidad los avances tecnol\u00f3gicos en materia de eficiencia energ\u00e9tica han conseguido que el ahorro sea m\u00ednimo en comparaci\u00f3n a los problemas que genera el horario de verano: se critica que el cambio horario perjudica la <a href=\"https:\/\/www.timeanddate.com\/time\/dst\/daylight-saving-debate.html\">actividad econ\u00f3mica<\/a>. El problema se incrementa entre pa\u00edses vecinos con distintos husos horarios y que aplican el horario de verano en momentos distintos o cuando uno de ellos no lo aplica, como es el caso de Bielorrusia y Polonia: <a href=\"https:\/\/es.wikipedia.org\/wiki\/Huso_horario#\/media\/Archivo:World_Time_Zones_Map.png\">est\u00e1n en distintos husos horarios<\/a> y, adem\u00e1s, <a href=\"https:\/\/www.timeanddate.com\/time\/change\/poland\/warsaw\">Bielorrusia ha dejado de aplicar el cambio de hora<\/a>.<\/p>\n<p style=\"text-align: justify;\"><strong>Para ampliar:<\/strong><a href=\"https:\/\/elordenmundial.com\/china-huso-horario\/\">\u201c\u00bfPor qu\u00e9 en todo China solo hay un huso horario?\u201d<\/a>, <em>El Orden Mundial<\/em>, 2019<\/p>\n<header class=\"entry-header\">\n<p class=\"entry-title\">https:\/\/elordenmundial.com\/cambio-de-hora-en-el-mundo\/<\/p>\n<\/header>\n<figure class=\"post-thumbnail\"><picture><source srcset=\"https:\/\/elordenmundial.com\/wp-content\/webp-express\/webp-images\/doc-root\/wp-content\/uploads\/2020\/03\/relojes-cambio-hora-portada.jpg.webp 1200w, https:\/\/elordenmundial.com\/wp-content\/webp-express\/webp-images\/doc-root\/wp-content\/uploads\/2020\/03\/relojes-cambio-hora-portada-640x427.jpg.webp 640w, https:\/\/elordenmundial.com\/wp-content\/webp-express\/webp-images\/doc-root\/wp-content\/uploads\/2020\/03\/relojes-cambio-hora-portada-480x320.jpg.webp 480w, https:\/\/elordenmundial.com\/wp-content\/webp-express\/webp-images\/doc-root\/wp-content\/uploads\/2020\/03\/relojes-cambio-hora-portada-768x512.jpg.webp 768w\" type=\"image\/webp\" sizes=\"(max-width: 1200px) 100vw, 1200px\" \/><\/picture><\/figure>\n","protected":false},"excerpt":{"rendered":"<p>Dos veces al a\u00f1o varios pa\u00edses adelantan o atrasan sus relojes. Sin embargo, la gran&#8230;<\/p>\n","protected":false},"author":1,"featured_media":40664,"comment_status":"closed","ping_status":"closed","sticky":false,"template":"","format":"standard","meta":{"_coblocks_attr":"","_coblocks_dimensions":"","_coblocks_responsive_height":"","_coblocks_accordion_ie_support":"","jetpack_post_was_ever_published":false,"_jetpack_newsletter_access":"","_jetpack_dont_email_post_to_subs":false,"_jetpack_newsletter_tier_id":0,"_jetpack_memberships_contains_paywalled_content":false,"_jetpack_memberships_contains_paid_content":false,"footnotes":"","jetpack_publicize_message":"","jetpack_publicize_feature_enabled":true,"jetpack_social_post_already_shared":false,"jetpack_social_options":{"image_generator_settings":{"template":"highway","default_image_id":0,"enabled":false},"version":2}},"categories":[1161,9,44,6937,15],"tags":[2401,7440,5916],"class_list":["post-40663","post","type-post","status-publish","format-standard","has-post-thumbnail","hentry","category-ciudadania","category-medio-ambiente","category-noticias-de-hoy","category-sociedad","category-ultimas-noticias","tag-cambio-de-horario","tag-control-solar","tag-paises-2"],"jetpack_publicize_connections":[],"jetpack_featured_media_url":"https:\/\/i0.wp.com\/miradordeatarfe.es\/wp-content\/uploads\/2020\/06\/%C3%ADndice-12.jpg?fit=275%2C183&ssl=1","jetpack_likes_enabled":true,"jetpack_sharing_enabled":true,"_links":{"self":[{"href":"https:\/\/miradordeatarfe.es\/index.php?rest_route=\/wp\/v2\/posts\/40663","targetHints":{"allow":["GET"]}}],"collection":[{"href":"https:\/\/miradordeatarfe.es\/index.php?rest_route=\/wp\/v2\/posts"}],"about":[{"href":"https:\/\/miradordeatarfe.es\/index.php?rest_route=\/wp\/v2\/types\/post"}],"author":[{"embeddable":true,"href":"https:\/\/miradordeatarfe.es\/index.php?rest_route=\/wp\/v2\/users\/1"}],"replies":[{"embeddable":true,"href":"https:\/\/miradordeatarfe.es\/index.php?rest_route=%2Fwp%2Fv2%2Fcomments&post=40663"}],"version-history":[{"count":1,"href":"https:\/\/miradordeatarfe.es\/index.php?rest_route=\/wp\/v2\/posts\/40663\/revisions"}],"predecessor-version":[{"id":40665,"href":"https:\/\/miradordeatarfe.es\/index.php?rest_route=\/wp\/v2\/posts\/40663\/revisions\/40665"}],"wp:featuredmedia":[{"embeddable":true,"href":"https:\/\/miradordeatarfe.es\/index.php?rest_route=\/wp\/v2\/media\/40664"}],"wp:attachment":[{"href":"https:\/\/miradordeatarfe.es\/index.php?rest_route=%2Fwp%2Fv2%2Fmedia&parent=40663"}],"wp:term":[{"taxonomy":"category","embeddable":true,"href":"https:\/\/miradordeatarfe.es\/index.php?rest_route=%2Fwp%2Fv2%2Fcategories&post=40663"},{"taxonomy":"post_tag","embeddable":true,"href":"https:\/\/miradordeatarfe.es\/index.php?rest_route=%2Fwp%2Fv2%2Ftags&post=40663"}],"curies":[{"name":"wp","href":"https:\/\/api.w.org\/{rel}","templated":true}]}}