{"id":40680,"date":"2020-06-20T12:04:51","date_gmt":"2020-06-20T10:04:51","guid":{"rendered":"http:\/\/miradordeatarfe.es\/?p=40680"},"modified":"2020-06-20T12:09:48","modified_gmt":"2020-06-20T10:09:48","slug":"fallece-a-los-84-anos-el-exalcalde-de-murtas-cecilio-martin-moron-padre-del-director-del-ceip-atalaya-de-atarfe","status":"publish","type":"post","link":"https:\/\/miradordeatarfe.es\/?p=40680","title":{"rendered":"Fallece a los 84 a\u00f1os Cecilio Mart\u00edn Mor\u00f3n, PADRE DEL DIRECTOR DEL CEIP ATALAYA DE ATARFE"},"content":{"rendered":"<div class=\"voc-detail voc-detail-grid\" data-voc-share-selection=\"\">\n<div class=\"voc-detail-header\">\n<h2 style=\"text-align: justify;\">Fue regidor del\u00a0 municipio de La Alpujarra,MURTAS,\u00a0 primero por la UCD y despu\u00e9s por AP y PP entre 1979 y 1995. Cuando gobern\u00f3 despu\u00e9s su hijo durante otros 16 a\u00f1os, ostent\u00f3 el cargo de primer teniente de alcalde<\/h2>\n<div class=\"voc-author-timesocial\" style=\"text-align: justify;\">\n<div class=\"voc-author-social\"><i class=\"voc-icons comment\"><\/i><i class=\"voc-icons facebook\"><\/i><i class=\"voc-icons twitter\"><\/i><input id=\"moreSocialMedia\" class=\"voc-input-media\" type=\"checkbox\" \/><label class=\"voc-social-btn voc-more-share\" for=\"moreSocialMedia\"><i class=\"voc-icons dots\"><\/i><\/label><i class=\"voc-icons bookmark\"><\/i><\/div>\n<\/div>\n<\/div>\n<p style=\"text-align: justify;\">Su recuerdo perdurar\u00e1 para siempre. El municipio alpujarre\u00f1o de Murtas ha perdido al que fuera su alcalde durante 16 a\u00f1os, Cecilio Mart\u00edn Mor\u00f3n, nacido en la cortijada de &#8216;Cuesta Largo&#8217; hace 84 a\u00f1os. Cecilio fue regidor de Murtas, primero por la UCD y despu\u00e9s por AP y PP. Destac\u00f3 por su moderaci\u00f3n, su car\u00e1cter conciliador, su talante afable y su esp\u00edritu conversador, as\u00ed como su preocupaci\u00f3n siempre por su tierra. Fue un pol\u00edtico ejemplar y un vecino muy querido en su pueblo y fuera de \u00e9l. El Ayuntamiento ha mostrado sus condolencias. No ha sido el \u00fanico. Su cargo lo desempe\u00f1\u00f3 de forma altruista durante 32 a\u00f1os, primero como alcalde y despu\u00e9s como teniente de alcalde cuando gobern\u00f3 su hijo.<\/p>\n<p style=\"text-align: justify;\">Con Cecilio Mart\u00edn Mor\u00f3n las mujeres ganaron peso pol\u00edtico desde la primera legislatura democr\u00e1tica. Por ejemplo, Lola Gonz\u00e1lez Roda, fallecida recientemente, lleg\u00f3 a ostentar el cargo de primera teniente de alcalde. El padre de Cecilio, Antonio, fue alcalde de una pedan\u00eda. El hijo, que se llama como \u00e9l y es profesor y director del CEIP Atalaya, de Atarfe, fue tambi\u00e9n alcalde del PP en Murtas durante cuatro legislaturas, y su padre teniente de alcalde. Cecilio (hijo) fue adem\u00e1s el primer presidente de la Mancomunidad de Municipios de La Alpujarra y diputado provincial. La familia era su verdadero tesoro. Siempre se proclam\u00f3 orgulloso de haber sido testigo del esfuerzo realizado durante el tiempo como regidor de Murtas.<\/p>\n<p style=\"text-align: justify;\">Cecilio Mart\u00edn comenz\u00f3 a trabajar en el campo a temprana edad para ayudar a su familia. El servicio militar lo realiz\u00f3 en &#8216;Regulares&#8217; (Ceuta). Despu\u00e9s, tras un ramillete de a\u00f1os de noviazgo, contrajo matrimonio con su adorable Mar\u00eda Garc\u00eda y tuvieron cuatro hijos: Cecilio, El\u00edas, Mar\u00eda Luisa y Encarni que le dieron seis nietas. Lleg\u00f3 a tener un molino de harina y otro de aceite. Trabajaba mucho y dorm\u00eda poco. Tambi\u00e9n vendi\u00f3 materiales de construcci\u00f3n y tubo una granja de cerdos y gallinas. Adem\u00e1s, y entre otras cosas, pose\u00eda tres hect\u00e1reas de vi\u00f1a. El vino que produc\u00eda en plena Sierra de la Contraviesa era superior. En otros tiempos realizaba matanzas de cerdos para surtir a la familia de buenos y caseros productos.<\/p>\n<p style=\"text-align: justify;\">Cecilio Mart\u00edn fue premiado por la Asociaci\u00f3n Cultural Abuxarra y la Asociaci\u00f3n Cora Alpujarre\u00f1a. Fund\u00f3 la Cooperativa &#8216;La Murte\u00f1a&#8217;, encargada de elaborar reposter\u00eda morisca. Fue tambi\u00e9n presidente del Centro de Iniciativas Tur\u00edsticas de La Alpujarra (CITA). Adem\u00e1s, recuper\u00f3 la representaci\u00f3n de &#8216;Moros y Cristianos&#8217; en el anejo de Mecina Tedel. Cecilio fue un apasionado del trovo y de la m\u00fasica tradicional de La Alpujarra. El primer viol\u00edn que tuvo lo fabric\u00f3 con una lata. Siempre estuvo involucrado en el Festival de M\u00fasica Tradicional de La Alpujarra. En Murtas ya se han celebrado dos veces este certamen. En el primero actu\u00f3 como invitado Carlos Cano, gran enamorado que fue de esta tierra de vi\u00f1as, almendros e higueras, y que gracias al gran trovero Epifanio Lupi\u00f3n, le dedico una copla alpujarre\u00f1a.<\/p>\n<p style=\"text-align: justify;\">Algunas de las nietas de Cecilio siguen los pasos musicales de su abuelo. Organiz\u00f3 una boda cortijera como las de antes para darla a conocer a los m\u00e1s j\u00f3venes y a la prensa. Tambi\u00e9n financi\u00f3 un librito de vivencias a la recordada Clotilde Pintor, de Mecina Tedel. Cecilio tambi\u00e9n fund\u00f3 la Escuela Infantil de Trovo. Uno de sus mejores amigos fue el alcalde de V\u00edcar, Antonio Bonilla, el trovero ya fallecido Miguel Garc\u00eda &#8216;Candiota&#8217;, el m\u00fasico y trovero Andr\u00e9s Linares, que ya no se encuentra entre nosotros, el que fuera alcalde de Tur\u00f3n, Faustino, y el actual, Juan Vargas, &#8216;El Pinche&#8217;, el del bar, Baldomero L\u00f3pez (que fue diputado y alcalde de Ug\u00edjar), entre otros. Guardaba gratos recuerdos de la gente que trabaj\u00f3 en el Ayuntamiento, como, y por ejemplo, el secretario Francisco S\u00e1nchez Fresneda. En el anejo de Coj\u00e1yar tambi\u00e9n realiz\u00f3 homenajes a personas que se lo ten\u00edan merecido. Uno de los lugares preferidos de Cecilio para contemplar much\u00edsimos pueblos de La Alpujarra granadina y almeriense era el &#8216;Cerraj\u00f3n de Murtas&#8217;.<\/p>\n<p style=\"text-align: justify;\">Al sepelio han asistido muchas personas de dentro y fuera de Murtas, entre ellas el alcalde de Tur\u00f3n, Juan Vargas, y el exalcalde de Carat\u00e1unas, Salvador Rodr\u00edguez. Varias instituciones, entre ellas el Ayuntamiento de Murtas, presidido por el popular Jos\u00e9 Miguel Romera, han mostrado sus condolencias y han enviado coronas de flores para el funeral. Descanse en paz.<\/p>\n<\/div>\n<div class=\"voc-topics voc-detail-grid \" style=\"text-align: justify;\"><a class=\"voc-author\" title=\"RAFAEL V\u00cdLCHEZ\">RAFAEL V\u00cdLCHEZ <\/a><span class=\"voc-special\">Murtas\u00a0<\/span><\/div>\n<div style=\"text-align: justify;\">https:\/\/www.ideal.es\/granada\/provincia-granada\/fallece-anos-exalcalde-20200619100634-nt.html<\/div>\n","protected":false},"excerpt":{"rendered":"<p>Fue regidor del\u00a0 municipio de La Alpujarra,MURTAS,\u00a0 primero por la UCD y despu\u00e9s por AP&#8230;<\/p>\n","protected":false},"author":1,"featured_media":40681,"comment_status":"closed","ping_status":"closed","sticky":false,"template":"","format":"standard","meta":{"_coblocks_attr":"","_coblocks_dimensions":"","_coblocks_responsive_height":"","_coblocks_accordion_ie_support":"","jetpack_post_was_ever_published":false,"_jetpack_newsletter_access":"","_jetpack_dont_email_post_to_subs":false,"_jetpack_newsletter_tier_id":0,"_jetpack_memberships_contains_paywalled_content":false,"_jetpack_memberships_contains_paid_content":false,"footnotes":"","jetpack_publicize_message":"","jetpack_publicize_feature_enabled":true,"jetpack_social_post_already_shared":false,"jetpack_social_options":{"image_generator_settings":{"template":"highway","default_image_id":0,"enabled":false},"version":2}},"categories":[187,186,44,15],"tags":[7444,7445,7443],"class_list":["post-40680","post","type-post","status-publish","format-standard","has-post-thumbnail","hentry","category-centros-educativos","category-instituciones","category-noticias-de-hoy","category-ultimas-noticias","tag-cecilio","tag-director-del-ceip-atalaya","tag-murtas"],"jetpack_publicize_connections":[],"jetpack_featured_media_url":"https:\/\/i0.wp.com\/miradordeatarfe.es\/wp-content\/uploads\/2020\/06\/exalcalde-kDoB-U110556049975ZIB-624x385%40Ideal.jpg?fit=624%2C385&ssl=1","jetpack_likes_enabled":true,"jetpack_sharing_enabled":true,"_links":{"self":[{"href":"https:\/\/miradordeatarfe.es\/index.php?rest_route=\/wp\/v2\/posts\/40680","targetHints":{"allow":["GET"]}}],"collection":[{"href":"https:\/\/miradordeatarfe.es\/index.php?rest_route=\/wp\/v2\/posts"}],"about":[{"href":"https:\/\/miradordeatarfe.es\/index.php?rest_route=\/wp\/v2\/types\/post"}],"author":[{"embeddable":true,"href":"https:\/\/miradordeatarfe.es\/index.php?rest_route=\/wp\/v2\/users\/1"}],"replies":[{"embeddable":true,"href":"https:\/\/miradordeatarfe.es\/index.php?rest_route=%2Fwp%2Fv2%2Fcomments&post=40680"}],"version-history":[{"count":3,"href":"https:\/\/miradordeatarfe.es\/index.php?rest_route=\/wp\/v2\/posts\/40680\/revisions"}],"predecessor-version":[{"id":40684,"href":"https:\/\/miradordeatarfe.es\/index.php?rest_route=\/wp\/v2\/posts\/40680\/revisions\/40684"}],"wp:featuredmedia":[{"embeddable":true,"href":"https:\/\/miradordeatarfe.es\/index.php?rest_route=\/wp\/v2\/media\/40681"}],"wp:attachment":[{"href":"https:\/\/miradordeatarfe.es\/index.php?rest_route=%2Fwp%2Fv2%2Fmedia&parent=40680"}],"wp:term":[{"taxonomy":"category","embeddable":true,"href":"https:\/\/miradordeatarfe.es\/index.php?rest_route=%2Fwp%2Fv2%2Fcategories&post=40680"},{"taxonomy":"post_tag","embeddable":true,"href":"https:\/\/miradordeatarfe.es\/index.php?rest_route=%2Fwp%2Fv2%2Ftags&post=40680"}],"curies":[{"name":"wp","href":"https:\/\/api.w.org\/{rel}","templated":true}]}}