{"id":40690,"date":"2020-06-22T11:33:21","date_gmt":"2020-06-22T09:33:21","guid":{"rendered":"http:\/\/miradordeatarfe.es\/?p=40690"},"modified":"2020-06-26T13:40:48","modified_gmt":"2020-06-26T11:40:48","slug":"campo-campo-campo-por-remedios-sanchez","status":"publish","type":"post","link":"https:\/\/miradordeatarfe.es\/?p=40690","title":{"rendered":"\u00abCAMPO, CAMPO, CAMPO\u00bb por Remedios S\u00e1nchez"},"content":{"rendered":"<p align=\"JUSTIFY\"><span style=\"font-family: Times New Roman, serif;\"><span style=\"font-size: medium;\"><span lang=\"es-ES\">Flores de almendro, luz \u00faltima de primavera, levantarse al alba con un sol reci\u00e9n nacido que convoca al trabajo. \u201cCampo, campo, campo -escribi\u00f3 Antonio Machado refiri\u00e9ndose al labrant\u00edo jiennense- entre los olivos, los cortijos blancos\u201d. Andaluc\u00eda es un campo inmenso de amapolas salpicado de margaritas, cuando el agricultor baja a su tierra todav\u00eda con gotas de roc\u00edo. El campo andaluz, sobre todo en Almer\u00eda y Granada, no ha sido un labrant\u00edo de se\u00f1oritos como en Andaluc\u00eda occidental, sino de esfuerzo y sacrificio de cada familia, de azada, pantal\u00f3n de pana viejo y siembra esperanzada mientras se mira al cielo y la lluvia no cae. Pero la semilla se plantaba siempre, aunque la tierra fuese tan dura como el pedernal. Y los ajos, los pimientos, los tomates, los \u00faltimos n\u00edsperos, las cerezas, las habas o los pr\u00e9soles (en grana\u00edno, guisantes) eran la cotidiana labor de los hombres y mujeres del campo en primavera que estaban atentos a su crecimiento milim\u00e9trico.<\/span><\/span><\/span><\/p>\n<p align=\"JUSTIFY\"><span style=\"font-family: Times New Roman, serif;\"><span style=\"font-size: medium;\"><span lang=\"es-ES\">Las condiciones, ya lo digo, anta\u00f1o fueron malas, doy fe: trabajo de sol a sol y de lunes a domingo. Pero tambi\u00e9n estaba all\u00ed toda la paz del mundo y el aire m\u00e1s puro que jam\u00e1s he respirado, puedo jurarlo. Hoy, con tractores y riego por goteo, se ha facilitado algo, aunque, conste: nadie dice que sea una tarea f\u00e1cil, ni c\u00f3moda, ni rentable en exceso. Pero para vivir, nos daba. Ahora, cuentan los peri\u00f3dicos, que en esta crisis que ya ha llegado casi nadie quiere ejercer de temporero, recolectar esp\u00e1rragos, fresones o albaricoques. Menos, cerezas, all\u00e1 por el Valle del Jerte. Y me preocupa, en un pa\u00eds donde hay tanta necesidad, que las personas que se han quedado sin trabajo no piensen siquiera como opci\u00f3n en el campo, que es lo mismo que volver al origen, a la verdad primigenia, cuando recog\u00edamos aceituna o vare\u00e1bamos la almendra. Quien lo prob\u00f3 lo sabe.<\/span><\/span><\/span><\/p>\n<p align=\"JUSTIFY\"><span style=\"font-family: Times New Roman, serif;\"><span style=\"font-size: medium;\"><span lang=\"es-ES\">Porque sucede que, durante los tiempos de bonanza, estas tareas las han hecho o bien mujeres marroqu\u00edes, o bien familias de Ruman\u00eda o de cualquier otro pa\u00eds al que reclam\u00e1bamos mano de obra. Era econom\u00eda de subsistencia, lo sabemos, y seguir\u00e1 si\u00e9ndolo en un pa\u00eds que no ha cuidado (tampoco) al sector agrario, que no ha protegido nuestra producci\u00f3n ni los precios frente a otras naciones, provocando p\u00e9rdidas brutales y un desaliento indiscutible. Pero precisamente ahora no podemos reformar Espa\u00f1a de costado a costado de golpe, sino tomar nota para ir haciendo los cambios progresivamente y con firmeza. Y de asumir los trabajos que sean, porque nos vienen tiempos duros. A todos, porque resulta imposible que haya prestaciones para tant\u00edsimas familias. Unas manos manchadas de tierra y llenas de callos, son unas manos de tan alta dignidad, que merecen el respeto m\u00e1s hondo. Miro hacia dentro y revivo mi estirpe, cinco generaciones de labradores sencillos, mirando el movimiento de las nubes y esperando, mientras se secan la frente, una buena cosecha. Campo, campo, campo, con su verdad profunda. A mucha gente volver a los or\u00edgenes es lo \u00fanico que puede hacerlos otra vez libres. <\/span><\/span><\/span><\/p>\n","protected":false},"excerpt":{"rendered":"<p>Flores de almendro, luz \u00faltima de primavera, levantarse al alba con un sol reci\u00e9n nacido&#8230;<\/p>\n","protected":false},"author":1,"featured_media":40691,"comment_status":"closed","ping_status":"closed","sticky":false,"template":"","format":"standard","meta":{"_coblocks_attr":"","_coblocks_dimensions":"","_coblocks_responsive_height":"","_coblocks_accordion_ie_support":"","jetpack_post_was_ever_published":false,"_jetpack_newsletter_access":"","_jetpack_dont_email_post_to_subs":false,"_jetpack_newsletter_tier_id":0,"_jetpack_memberships_contains_paywalled_content":false,"_jetpack_memberships_contains_paid_content":false,"footnotes":"","jetpack_publicize_message":"","jetpack_publicize_feature_enabled":true,"jetpack_social_post_already_shared":false,"jetpack_social_options":{"image_generator_settings":{"template":"highway","default_image_id":0,"enabled":false},"version":2}},"categories":[1161,44,6914,6937,15],"tags":[7447,1126,7446],"class_list":["post-40690","post","type-post","status-publish","format-standard","has-post-thumbnail","hentry","category-ciudadania","category-noticias-de-hoy","category-opinion-de-reme-sanchez","category-sociedad","category-ultimas-noticias","tag-campesinos","tag-campo","tag-labores-agricolas"],"jetpack_publicize_connections":[],"jetpack_featured_media_url":"https:\/\/i0.wp.com\/miradordeatarfe.es\/wp-content\/uploads\/2020\/06\/Sembrador-a-la-puesta-del-sol1-scaled.jpg?fit=2560%2C2050&ssl=1","jetpack_likes_enabled":true,"jetpack_sharing_enabled":true,"_links":{"self":[{"href":"https:\/\/miradordeatarfe.es\/index.php?rest_route=\/wp\/v2\/posts\/40690","targetHints":{"allow":["GET"]}}],"collection":[{"href":"https:\/\/miradordeatarfe.es\/index.php?rest_route=\/wp\/v2\/posts"}],"about":[{"href":"https:\/\/miradordeatarfe.es\/index.php?rest_route=\/wp\/v2\/types\/post"}],"author":[{"embeddable":true,"href":"https:\/\/miradordeatarfe.es\/index.php?rest_route=\/wp\/v2\/users\/1"}],"replies":[{"embeddable":true,"href":"https:\/\/miradordeatarfe.es\/index.php?rest_route=%2Fwp%2Fv2%2Fcomments&post=40690"}],"version-history":[{"count":1,"href":"https:\/\/miradordeatarfe.es\/index.php?rest_route=\/wp\/v2\/posts\/40690\/revisions"}],"predecessor-version":[{"id":40692,"href":"https:\/\/miradordeatarfe.es\/index.php?rest_route=\/wp\/v2\/posts\/40690\/revisions\/40692"}],"wp:featuredmedia":[{"embeddable":true,"href":"https:\/\/miradordeatarfe.es\/index.php?rest_route=\/wp\/v2\/media\/40691"}],"wp:attachment":[{"href":"https:\/\/miradordeatarfe.es\/index.php?rest_route=%2Fwp%2Fv2%2Fmedia&parent=40690"}],"wp:term":[{"taxonomy":"category","embeddable":true,"href":"https:\/\/miradordeatarfe.es\/index.php?rest_route=%2Fwp%2Fv2%2Fcategories&post=40690"},{"taxonomy":"post_tag","embeddable":true,"href":"https:\/\/miradordeatarfe.es\/index.php?rest_route=%2Fwp%2Fv2%2Ftags&post=40690"}],"curies":[{"name":"wp","href":"https:\/\/api.w.org\/{rel}","templated":true}]}}