{"id":40702,"date":"2020-06-25T09:12:26","date_gmt":"2020-06-25T07:12:26","guid":{"rendered":"http:\/\/miradordeatarfe.es\/?p=40702"},"modified":"2020-06-21T14:16:18","modified_gmt":"2020-06-21T12:16:18","slug":"tiempo-de-resaca","status":"publish","type":"post","link":"https:\/\/miradordeatarfe.es\/?p=40702","title":{"rendered":"Tiempo de resaca"},"content":{"rendered":"<div class=\"td-post-header td-image-gradient-style8\">\n<div class=\"td-post-header-holder\">\n<header class=\"td-post-title\">\n<h2 class=\"td-post-sub-title\" style=\"text-align: justify;\">La falta de informaci\u00f3n veraz y oportuna es una constante amenaza<\/h2>\n<\/header>\n<\/div>\n<\/div>\n<p style=\"text-align: justify;\">\nLa estupidez humana no parece tener l\u00edmites. En especial, cuando se apodera de quienes administran las instituciones de las cuales depende la seguridad y la supervivencia de millones de seres humanos. Nunca esta falencia se hab\u00eda manifestado de manera tan clara como ante la presencia de una pandemia que casi ning\u00fan gobierno ha logrado controlar y a la cual los pueblos menos favorecidos \u2013como los nuestros- enfrentan con una carga inmensa de enga\u00f1os, ignorancia, escepticismo, miedo y rechazo. Pero no es un cuadro exclusivo de los pa\u00edses subdesarrollados, est\u00e1 presente tambi\u00e9n en aquellas naciones cuyos l\u00edderes se encuentran fuertemente atados a compromisos inmorales con un sistema neoliberal deshumanizante y controlan una emergencia sanitaria desde una perspectiva eminentemente empresarial.<\/p>\n<p style=\"text-align: justify;\">Este virus vino a revelar de golpe la verdadera dimensi\u00f3n de la miseria humana; pero tambi\u00e9n de la poderosa maquinaria desde cuyos engranajes se manejan las redes de influencia planetaria, los acuerdos secretos de grupos de inmenso poder econ\u00f3mico, las presiones de complejos corporativos de los cuales depende la vida humana y la integridad del entorno natural. En fin, de todo ese conjunto de factores cuya presencia ubicua y, en muchos casos an\u00f3nima, condiciona hasta el m\u00e1s m\u00ednimo aspecto de nuestra existencia. En estos meses, pero muy puntualmente en las \u00faltimas semanas, la falsedad de un discurso pol\u00edtico comprometido marca una ruta llena de peligros para una poblaci\u00f3n enfrentada sin herramientas a un enemigo invisible y altamente leta<\/p>\n<p style=\"text-align: justify;\">Ha llegado la hora de la resaca y se empiezan a ver los bordes deshilachados de un tejido institucional d\u00e9bil: falta de infraestructura hospitalaria, carencia de recursos para el personal sanitario, incapacidad para manejar las emergencias y un sistem\u00e1tico ocultamiento de las cifras verdaderas con el absurdo objetivo de presentar una cara un poco m\u00e1s decente ante la comunidad internacional. Sin embargo, ese af\u00e1n de ocultamiento terminar\u00e1 por estallar cuando las consecuencias de la falta de estrategias sensatas y orientadas al servicio p\u00fablico sean tan abrumadoras que resulte imposible ocultarlas.<\/p>\n<p style=\"text-align: justify;\">A todo esto, y debido al <a href=\"https:\/\/i0.wp.com\/miradordeatarfe.es\/wp-content\/uploads\/2020\/06\/tumblr_14946e3cc06f362ece8f15dbca0b88be_57e2234a_2048.jpg?ssl=1\"><img data-recalc-dims=\"1\" loading=\"lazy\" decoding=\"async\" class=\"size-medium wp-image-40703 alignleft\" src=\"https:\/\/i0.wp.com\/miradordeatarfe.es\/wp-content\/uploads\/2020\/06\/tumblr_14946e3cc06f362ece8f15dbca0b88be_57e2234a_2048.jpg?resize=300%2C200&#038;ssl=1\" alt=\"\" width=\"300\" height=\"200\" srcset=\"https:\/\/i0.wp.com\/miradordeatarfe.es\/wp-content\/uploads\/2020\/06\/tumblr_14946e3cc06f362ece8f15dbca0b88be_57e2234a_2048.jpg?resize=300%2C200&amp;ssl=1 300w, https:\/\/i0.wp.com\/miradordeatarfe.es\/wp-content\/uploads\/2020\/06\/tumblr_14946e3cc06f362ece8f15dbca0b88be_57e2234a_2048.jpg?resize=1024%2C683&amp;ssl=1 1024w, https:\/\/i0.wp.com\/miradordeatarfe.es\/wp-content\/uploads\/2020\/06\/tumblr_14946e3cc06f362ece8f15dbca0b88be_57e2234a_2048.jpg?resize=768%2C512&amp;ssl=1 768w, https:\/\/i0.wp.com\/miradordeatarfe.es\/wp-content\/uploads\/2020\/06\/tumblr_14946e3cc06f362ece8f15dbca0b88be_57e2234a_2048.jpg?resize=600%2C400&amp;ssl=1 600w, https:\/\/i0.wp.com\/miradordeatarfe.es\/wp-content\/uploads\/2020\/06\/tumblr_14946e3cc06f362ece8f15dbca0b88be_57e2234a_2048.jpg?resize=1536%2C1024&amp;ssl=1 1536w, https:\/\/i0.wp.com\/miradordeatarfe.es\/wp-content\/uploads\/2020\/06\/tumblr_14946e3cc06f362ece8f15dbca0b88be_57e2234a_2048.jpg?resize=1320%2C880&amp;ssl=1 1320w, https:\/\/i0.wp.com\/miradordeatarfe.es\/wp-content\/uploads\/2020\/06\/tumblr_14946e3cc06f362ece8f15dbca0b88be_57e2234a_2048.jpg?w=1620&amp;ssl=1 1620w\" sizes=\"auto, (max-width: 300px) 100vw, 300px\" \/><\/a>ca\u00f3tico y poco eficiente desempe\u00f1o de las autoridades, se empieza a vislumbrar un relajamiento de las medidas. En parte, por las presiones de los grupos corporativos cuya incidencia en las pol\u00edticas p\u00fablicas es de larga data y cuyos intereses comerciales empiezan a mostrar cierto desgaste, y en parte porque la falta de informaci\u00f3n oportuna y veraz hacia la ciudadan\u00eda se traduce en un total desconcierto y, consecuentemente, en una toma de decisiones poco afortunadas y de alto riesgo. No acostumbrada a mantener una rutina de confinamiento durante un tiempo prolongado, la gente se arriesga, sale de su encierro, retoma rutinas normales, desquita su ansiedad en reuniones sociales irresponsables y, finalmente, termina por ocasionar un aumento descontrolado del \u00edndice de contagios sin experimentar culpa alguna por el impacto de sus acciones.<\/p>\n<p style=\"text-align: justify;\">La inveterada costumbre -siempre presente en nuestros \u00e1mbitos pol\u00edticos- de otorgar posiciones de enorme responsabilidad a personajes carentes de los conocimientos y la experiencia necesarias para desempe\u00f1arlas, ha llevado a nuestros pa\u00edses a una situaci\u00f3n cada vez m\u00e1s vulnerable y al fracaso sistem\u00e1tico de los gobiernos de turno. Si esto, en situaciones normales, ya es una tragedia para millones de ciudadanos en situaci\u00f3n de pobreza, en estos tiempos de pandemia ser\u00e1 una cat\u00e1strofe humanitaria de proporciones inimaginables. Qu\u00e9 nos depara el destino, es algo imposible de predecir.<\/p>\n<p style=\"text-align: justify;\"><em><a href=\"http:\/\/carolinavasquezaraya.com\/\"><strong>Carolina V\u00e1zquez Araya<\/strong><\/a><\/em><\/p>\n","protected":false},"excerpt":{"rendered":"<p>La falta de informaci\u00f3n veraz y oportuna es una constante amenaza La estupidez humana no&#8230;<\/p>\n","protected":false},"author":1,"featured_media":40704,"comment_status":"closed","ping_status":"closed","sticky":false,"template":"","format":"standard","meta":{"_coblocks_attr":"","_coblocks_dimensions":"","_coblocks_responsive_height":"","_coblocks_accordion_ie_support":"","jetpack_post_was_ever_published":false,"_jetpack_newsletter_access":"","_jetpack_dont_email_post_to_subs":false,"_jetpack_newsletter_tier_id":0,"_jetpack_memberships_contains_paywalled_content":false,"_jetpack_memberships_contains_paid_content":false,"footnotes":"","jetpack_publicize_message":"","jetpack_publicize_feature_enabled":true,"jetpack_social_post_already_shared":false,"jetpack_social_options":{"image_generator_settings":{"template":"highway","default_image_id":0,"enabled":false},"version":2}},"categories":[1161,7149,44,6937,15],"tags":[7449,7031],"class_list":["post-40702","post","type-post","status-publish","format-standard","has-post-thumbnail","hentry","category-ciudadania","category-coronavirus","category-noticias-de-hoy","category-sociedad","category-ultimas-noticias","tag-fin-de-la-desestacada","tag-normalidad"],"jetpack_publicize_connections":[],"jetpack_featured_media_url":"https:\/\/i0.wp.com\/miradordeatarfe.es\/wp-content\/uploads\/2020\/06\/unnamed-1.jpg?fit=1320%2C743&ssl=1","jetpack_likes_enabled":true,"jetpack_sharing_enabled":true,"_links":{"self":[{"href":"https:\/\/miradordeatarfe.es\/index.php?rest_route=\/wp\/v2\/posts\/40702","targetHints":{"allow":["GET"]}}],"collection":[{"href":"https:\/\/miradordeatarfe.es\/index.php?rest_route=\/wp\/v2\/posts"}],"about":[{"href":"https:\/\/miradordeatarfe.es\/index.php?rest_route=\/wp\/v2\/types\/post"}],"author":[{"embeddable":true,"href":"https:\/\/miradordeatarfe.es\/index.php?rest_route=\/wp\/v2\/users\/1"}],"replies":[{"embeddable":true,"href":"https:\/\/miradordeatarfe.es\/index.php?rest_route=%2Fwp%2Fv2%2Fcomments&post=40702"}],"version-history":[{"count":1,"href":"https:\/\/miradordeatarfe.es\/index.php?rest_route=\/wp\/v2\/posts\/40702\/revisions"}],"predecessor-version":[{"id":40705,"href":"https:\/\/miradordeatarfe.es\/index.php?rest_route=\/wp\/v2\/posts\/40702\/revisions\/40705"}],"wp:featuredmedia":[{"embeddable":true,"href":"https:\/\/miradordeatarfe.es\/index.php?rest_route=\/wp\/v2\/media\/40704"}],"wp:attachment":[{"href":"https:\/\/miradordeatarfe.es\/index.php?rest_route=%2Fwp%2Fv2%2Fmedia&parent=40702"}],"wp:term":[{"taxonomy":"category","embeddable":true,"href":"https:\/\/miradordeatarfe.es\/index.php?rest_route=%2Fwp%2Fv2%2Fcategories&post=40702"},{"taxonomy":"post_tag","embeddable":true,"href":"https:\/\/miradordeatarfe.es\/index.php?rest_route=%2Fwp%2Fv2%2Ftags&post=40702"}],"curies":[{"name":"wp","href":"https:\/\/api.w.org\/{rel}","templated":true}]}}