{"id":40708,"date":"2020-06-23T11:18:41","date_gmt":"2020-06-23T09:18:41","guid":{"rendered":"http:\/\/miradordeatarfe.es\/?p=40708"},"modified":"2020-06-26T13:46:26","modified_gmt":"2020-06-26T11:46:26","slug":"dia-21-de-junio-dia-de-san-luis-por-fuencisla-moreno","status":"publish","type":"post","link":"https:\/\/miradordeatarfe.es\/?p=40708","title":{"rendered":"\u00abD\u00eda 21 de junio: D\u00eda de San Lu\u00eds\u00bb por Fuencisla Moreno"},"content":{"rendered":"<div class=\"_1dwg _1w_m _q7o\" data-visualcompletion=\"ignore-dynamic\">\n<div>\n<div id=\"js_8\" class=\"_5pbx userContent _3ds9 _3576\" data-testid=\"post_message\" data-ft=\"{&quot;tn&quot;:&quot;K&quot;}\">\n<h3 style=\"text-align: justify;\">Sin la m\u00e1s m\u00ednima nostalgia le hemos dicho adi\u00f3s a esta primavera tan extra\u00f1a que hemos vivido, una primavera en la que las circunstancias nos han obligado a tener que aparcar nuestras vidas, a modificar nuestras costumbres, a cuestionarnos, por primera vez en muchos casos, el mundo en el que viv\u00edmos y a plantearnos con una incertidumbre enorme como pod\u00eda llegar a ser nuestro futuro.<\/h3>\n<p style=\"text-align: justify;\">\nEn estos tres meses hemos tenido tiempo para hacer muchas cosas aunque a veces no nos apeteciera hacer nada. <br \/>\nHemos pensado mucho y hemos cre\u00eddo encontrar soluciones para todo.<\/p>\n<p style=\"text-align: justify;\">Nuestras vidas se llenaron de buenos deseos , pero casi todos ellos se fueron r\u00e1pidamente esfumando. Dijimos que nuestras prioridades iban a cambiar, pero nuestras prioridades, pasada la convulsi\u00f3n inicial, han seguido siendo las mismas de siempre. Han vuelto las prisas, el estr\u00e9s, la competitividad, el dinero, la soberbia, la deshumanizaci\u00f3n, los mercados, la econom\u00eda, la ansiedad&#8230; eso si, con mascarilla puesta y con las manos desinfectadas.<\/p>\n<p style=\"text-align: justify;\">Dijimos que no volver\u00edamos a ensalzarnos en discusiones absurdas y sin motivo, que valorariamos todo lo que ten\u00edamos a nuestro alrededor y que seriamos m\u00e1s solidarios, m\u00e1s generosos y mejores personas, pero se ve que la vida debe ser otra cosa, porque seguimos discutiendo (creo que hasta mucho m\u00e1s que antes), seguimos sin valorar nada, las buenas personas siguen siendo buenas y las que no lo eran antes siguen sin serlo ahora.<\/p>\n<p style=\"text-align: justify;\">Nos entretuvimos haciendo deporte, leyendo, cocinando, limpiando&#8230; y en mayor o menor medida tambi\u00e9n nos entretuvimos con las redes sociales. En ellas hemos le\u00eddo aut\u00e9nticas barbaridades: insultos, amenazas, exabruptos&#8230; por parte de unos y de otros, de quienes creemos que no entienden de nada y de quienes creen entender de todo. No nos hacia ning\u00fan bien leerlas (al menos a mi) pero segu\u00edamos ley\u00e9ndolas una y otra vez hasta enfurecernos con el mundo y con nosotros mismos, por eso creo que para evitar disgustos innecesarios y no caer en la tentaci\u00f3n de seguir ley\u00e9ndolas e incluso de llegar a contestar, lo mejor que yo personalmente puedo hacer es olvidarme, al menos temporalmente, de ellas.<\/p>\n<p style=\"text-align: justify;\">Todos nos hemos enfadado, nos hemos esperanzado, nos hemos preocupado, hemos llorado y hemos tenido miedo. Hemos sentido verg\u00fcenza al ver como nuestro parlamento se llenaba de insultos, de ofensas, de odio y de palabras vac\u00edas, hemos superado algunas de nuestras limitaciones, hemos sido, en la mayor\u00eda de los casos, muy responsables y, aunque tenemos fama de ser indisciplinados, hemos llegado a ser extremadamente obedientes.<\/p>\n<p style=\"text-align: justify;\">Hoy d\u00eda 21 de junio dicen que empieza la normalidad, una normalidad que nunca ser\u00e1 igual para quienes han perdido a un familiar o a un amigo ni para quienes se han dado cuenta de lo ef\u00edmera que es la vida y lo vulnerable que es el ser humano incluso viviendo en el primer mundo.<\/p>\n<p style=\"text-align: justify;\">Cuando todo esto haya pasado completamente y solo en los pa\u00edses pobres siga la gente muri\u00e9ndose por falta de vacunas, olvidaremos los miedos pasados y quiz\u00e1s alguna vez, solo alguna vez, pensaremos en lo poco que hemos aprendido. <br \/>\nPor cierto, como digo al principio de este texto, hoy es el d\u00eda de San Lu\u00eds -San Lu\u00eds Gonzaga, como le gustaba decir &#8211; Un buen d\u00eda!!! Un entra\u00f1able recuerdo!!!.<\/p>\n<\/div>\n<div class=\"_3x-2\" data-ft=\"{&quot;tn&quot;:&quot;H&quot;}\">\n<div style=\"text-align: justify;\" data-ft=\"{&quot;tn&quot;:&quot;H&quot;}\">\u00a0<\/div>\n<\/div>\n<div>\u00a0<\/div>\n<\/div>\n<\/div>\n<div>\n<form id=\"u_0_11\" class=\"commentable_item\" action=\"\/ajax\/ufi\/modify.php\" method=\"post\" data-ft=\"{&quot;tn&quot;:&quot;]&quot;}\">\n<div class=\"_4299\">\n<div class=\"_5vsi\">\u00a0<\/div>\n<div class=\"_78bu\">\n<div class=\"_68wo\">\n<div class=\"_3vum\">\n<div class=\"_66lg\"><i class=\"sp_llqwbWj6Vi8_1_5x sx_825616\"><\/i><i class=\"sp_llqwbWj6Vi8_1_5x sx_35a19b\"><\/i><a class=\"_3dlf\" tabindex=\"0\" role=\"button\" href=\"https:\/\/www.facebook.com\/ufi\/reaction\/profile\/browser\/?ft_ent_identifier=ZmVlZGJhY2s6MTkyMTExMzU2ODAyNTMwOQ%3D%3D&amp;av=1354505809\" rel=\"dialog\" data-testid=\"UFI2ReactionsCount\/root\"><span class=\"_3dlg\" aria-hidden=\"true\"><span class=\"_3dlh\" data-hover=\"tooltip\"><span class=\"_81hb\">10<\/span><\/span><\/span><\/a><\/div>\n<\/div>\n<\/div>\n<\/div>\n<\/div>\n<\/form>\n<\/div>\n","protected":false},"excerpt":{"rendered":"<p>Sin la m\u00e1s m\u00ednima nostalgia le hemos dicho adi\u00f3s a esta primavera tan extra\u00f1a que&#8230;<\/p>\n","protected":false},"author":1,"featured_media":40709,"comment_status":"closed","ping_status":"closed","sticky":false,"template":"","format":"standard","meta":{"_coblocks_attr":"","_coblocks_dimensions":"","_coblocks_responsive_height":"","_coblocks_accordion_ie_support":"","jetpack_post_was_ever_published":false,"_jetpack_newsletter_access":"","_jetpack_dont_email_post_to_subs":false,"_jetpack_newsletter_tier_id":0,"_jetpack_memberships_contains_paywalled_content":false,"_jetpack_memberships_contains_paid_content":false,"footnotes":"","jetpack_publicize_message":"","jetpack_publicize_feature_enabled":true,"jetpack_social_post_already_shared":false,"jetpack_social_options":{"image_generator_settings":{"template":"highway","default_image_id":0,"enabled":false},"version":2}},"categories":[1161,2949,44,6937,15],"tags":[7031,7451,7450],"class_list":["post-40708","post","type-post","status-publish","format-standard","has-post-thumbnail","hentry","category-ciudadania","category-opinion-de-fuencisla-moreno","category-noticias-de-hoy","category-sociedad","category-ultimas-noticias","tag-normalidad","tag-san-luis-gonzaga","tag-vverano"],"jetpack_publicize_connections":[],"jetpack_featured_media_url":"https:\/\/i0.wp.com\/miradordeatarfe.es\/wp-content\/uploads\/2020\/06\/images-2.jpg?fit=376%2C134&ssl=1","jetpack_likes_enabled":true,"jetpack_sharing_enabled":true,"_links":{"self":[{"href":"https:\/\/miradordeatarfe.es\/index.php?rest_route=\/wp\/v2\/posts\/40708","targetHints":{"allow":["GET"]}}],"collection":[{"href":"https:\/\/miradordeatarfe.es\/index.php?rest_route=\/wp\/v2\/posts"}],"about":[{"href":"https:\/\/miradordeatarfe.es\/index.php?rest_route=\/wp\/v2\/types\/post"}],"author":[{"embeddable":true,"href":"https:\/\/miradordeatarfe.es\/index.php?rest_route=\/wp\/v2\/users\/1"}],"replies":[{"embeddable":true,"href":"https:\/\/miradordeatarfe.es\/index.php?rest_route=%2Fwp%2Fv2%2Fcomments&post=40708"}],"version-history":[{"count":2,"href":"https:\/\/miradordeatarfe.es\/index.php?rest_route=\/wp\/v2\/posts\/40708\/revisions"}],"predecessor-version":[{"id":40724,"href":"https:\/\/miradordeatarfe.es\/index.php?rest_route=\/wp\/v2\/posts\/40708\/revisions\/40724"}],"wp:featuredmedia":[{"embeddable":true,"href":"https:\/\/miradordeatarfe.es\/index.php?rest_route=\/wp\/v2\/media\/40709"}],"wp:attachment":[{"href":"https:\/\/miradordeatarfe.es\/index.php?rest_route=%2Fwp%2Fv2%2Fmedia&parent=40708"}],"wp:term":[{"taxonomy":"category","embeddable":true,"href":"https:\/\/miradordeatarfe.es\/index.php?rest_route=%2Fwp%2Fv2%2Fcategories&post=40708"},{"taxonomy":"post_tag","embeddable":true,"href":"https:\/\/miradordeatarfe.es\/index.php?rest_route=%2Fwp%2Fv2%2Ftags&post=40708"}],"curies":[{"name":"wp","href":"https:\/\/api.w.org\/{rel}","templated":true}]}}