{"id":40716,"date":"2020-06-24T11:52:36","date_gmt":"2020-06-24T09:52:36","guid":{"rendered":"http:\/\/miradordeatarfe.es\/?p=40716"},"modified":"2020-09-18T19:02:22","modified_gmt":"2020-09-18T17:02:22","slug":"jokin-carmona-por-manuel-jimenez","status":"publish","type":"post","link":"https:\/\/miradordeatarfe.es\/?p=40716","title":{"rendered":"\u00abJOKIN CARMONA \u00bb por Manuel Jim\u00e9nez"},"content":{"rendered":"<h3 style=\"text-align: justify;\">Tras haber superado la desescalada y haber salido del estado de alarma iniciamos lo que se ha venido en llamar la \u201cnueva normalidad\u201d t\u00e9rmino absolutamente relativo pues \u00bf qu\u00e9 es lo que es normal y qu\u00e9 no?.<\/h3>\n<p style=\"text-align: justify;\">Precisamente esta semana se ha desvelado uno de los misterios que ten\u00eda intrigados a los aficionados al atletismo, qui\u00e9n estaba detr\u00e1s de la cuenta de twitter \u201c@jokin4318\u201d alias de Joaqu\u00edn Carmona, todo un referente de la red social con 32.637 seguidores y quiz\u00e1s el m\u00e1s l\u00facido de los comentaristas del deporte rey desde junio de 2010 en que se uni\u00f3 a la red.<\/p>\n<p style=\"text-align: justify;\">Sus twee<a href=\"https:\/\/i0.wp.com\/miradordeatarfe.es\/wp-content\/uploads\/2020\/06\/jokin-tweet-1.jpeg?ssl=1\"><img data-recalc-dims=\"1\" loading=\"lazy\" decoding=\"async\" class=\"alignleft wp-image-40717 size-medium\" src=\"https:\/\/i0.wp.com\/miradordeatarfe.es\/wp-content\/uploads\/2020\/06\/jokin-tweet-1.jpeg?resize=169%2C300&#038;ssl=1\" alt=\"\" width=\"169\" height=\"300\" srcset=\"https:\/\/i0.wp.com\/miradordeatarfe.es\/wp-content\/uploads\/2020\/06\/jokin-tweet-1.jpeg?resize=169%2C300&amp;ssl=1 169w, https:\/\/i0.wp.com\/miradordeatarfe.es\/wp-content\/uploads\/2020\/06\/jokin-tweet-1.jpeg?resize=576%2C1024&amp;ssl=1 576w, https:\/\/i0.wp.com\/miradordeatarfe.es\/wp-content\/uploads\/2020\/06\/jokin-tweet-1.jpeg?resize=768%2C1366&amp;ssl=1 768w, https:\/\/i0.wp.com\/miradordeatarfe.es\/wp-content\/uploads\/2020\/06\/jokin-tweet-1.jpeg?resize=600%2C1067&amp;ssl=1 600w, https:\/\/i0.wp.com\/miradordeatarfe.es\/wp-content\/uploads\/2020\/06\/jokin-tweet-1.jpeg?resize=864%2C1536&amp;ssl=1 864w, https:\/\/i0.wp.com\/miradordeatarfe.es\/wp-content\/uploads\/2020\/06\/jokin-tweet-1.jpeg?w=1125&amp;ssl=1 1125w\" sizes=\"auto, (max-width: 169px) 100vw, 169px\" \/><\/a>ts son todos muy interesantes destacando la cantidad de datos que ofrece, siempre con precisi\u00f3n y rigor estad\u00edstico; fotos y videos ilustrativos de la noticia que difunde; enlaces a otras p\u00e1ginas para ahondar en el tema; y adem\u00e1s con gran prodigalidad del orden de 7 tweets por d\u00eda. \u00a0Sin duda un enamorado del atletismo, la numeraci\u00f3n de su alias es una declaraci\u00f3n de intenciones, 4318 ha sido la plusmarca universal de 400 lisos que consiguiera Michael Johnson en el mundial de Sevilla 1999 hasta que fue batido por el sudafricano Van Niekerk en la olimpiada de R\u00edo con 43.03. Precisamente de este momento es la foto que ilustra su cuenta en la red del pajarito.\u00a0<\/p>\n<p style=\"text-align: justify;\">As\u00ed si cogemos al azar cualquier d\u00eda nos podemos hacer una idea de porqu\u00e9 se ha hecho un hueco entre los tuiteros m\u00e1s seguidos y respetados del pa\u00eds, por ejemplo, si nos vamos al 19 de febrero de 2020 encontraremos nueve tweets: en el primero nos da los enlaces para seguir la reuni\u00f3n de Lievin en Francia con las explicaciones pertinentes para seguirlo m\u00e1s f\u00e1cilmente aportando tambi\u00e9n las listas de salida y resultados; m\u00e1s tarde sube varios tweets sobre lo m\u00e1s destacado de la reuni\u00f3n como la participaci\u00f3n de Duplantis que aspiraba a batir nuevamente su reciente record universal de p\u00e9rtiga lo que le sirve para aporta una comparativa con Bubka sobre rachas de WRs en competiciones consecutivas y ahonda m\u00e1s en esta \u00faltima noticia detallando los \u00faltimos concursos de Duplantis en los que atent\u00f3 o bati\u00f3 el WR; la participaci\u00f3n de Jes\u00fas G\u00f3mez en los 1500 incidiendo en su crono, qu\u00e9 lugar ocupa el mismo en su historial, en el rank<a href=\"https:\/\/i0.wp.com\/miradordeatarfe.es\/wp-content\/uploads\/2020\/06\/jokin-tweet-2.jpeg?ssl=1\"><img data-recalc-dims=\"1\" loading=\"lazy\" decoding=\"async\" class=\"alignleft wp-image-40718 size-medium\" src=\"https:\/\/i0.wp.com\/miradordeatarfe.es\/wp-content\/uploads\/2020\/06\/jokin-tweet-2.jpeg?resize=169%2C300&#038;ssl=1\" alt=\"\" width=\"169\" height=\"300\" srcset=\"https:\/\/i0.wp.com\/miradordeatarfe.es\/wp-content\/uploads\/2020\/06\/jokin-tweet-2.jpeg?resize=169%2C300&amp;ssl=1 169w, https:\/\/i0.wp.com\/miradordeatarfe.es\/wp-content\/uploads\/2020\/06\/jokin-tweet-2.jpeg?resize=576%2C1024&amp;ssl=1 576w, https:\/\/i0.wp.com\/miradordeatarfe.es\/wp-content\/uploads\/2020\/06\/jokin-tweet-2.jpeg?resize=768%2C1366&amp;ssl=1 768w, https:\/\/i0.wp.com\/miradordeatarfe.es\/wp-content\/uploads\/2020\/06\/jokin-tweet-2.jpeg?resize=600%2C1067&amp;ssl=1 600w, https:\/\/i0.wp.com\/miradordeatarfe.es\/wp-content\/uploads\/2020\/06\/jokin-tweet-2.jpeg?resize=864%2C1536&amp;ssl=1 864w, https:\/\/i0.wp.com\/miradordeatarfe.es\/wp-content\/uploads\/2020\/06\/jokin-tweet-2.jpeg?w=1125&amp;ssl=1 1125w\" sizes=\"auto, (max-width: 169px) 100vw, 169px\" \/><\/a>ing hist\u00f3rico o en la temporada, todo bien documentado. Algo similar hace con el meeting de Sabadell disputado estos d\u00edas destacando a tres j\u00f3venes valores en alza: el cuatrocentista Bernat y los mediofondistas Mir\u00f3n y Mireya Arnedillo, de los que nos hace una detallada presentaci\u00f3n que nos pone sobre la pista del estado de forma de los atletas y la val\u00eda de los mismos. Completa la jornada tuitera con la menci\u00f3n al reportaje que ha dedicado el diario AS a Yago Rojo, todos los tweets ilustrados con video o foto, utilizando una iconograf\u00eda muy sugerente que agranda la informaci\u00f3n suministrada.\u00a0\u00a0<\/p>\n<p style=\"text-align: justify;\">En definitiva que siguiendo a Joaqu\u00edn te pones al d\u00eda de lo acontecido mundialmente en el mundo del atletismo de una manera amena y perfectamente documentado.\u00a0 Esta operativa la podemos hacer cualquier otro d\u00eda y el resultado ser\u00eda similar.<\/p>\n<p style=\"text-align: justify;\">Pues bien, la semana pasada se dejaron o\u00edr a varios conocidos influencers del mundo del atletismo preguntar por Jokin pues desde que se decret\u00f3 el estado de alarma no hab\u00eda interactuado siendo su \u00faltimo tweet del d\u00eda 15 de marzo en que nos presentaba un documental sobre el hist\u00f3rico Mariano Haro, \u201cel le\u00f3n de Becerril\u201d. Algunos empezaron a pensar en lo peor pues con la cantidad de personas que se han visto afectadas por el maldito coronavirus Joaqu\u00edn pod\u00eda encontrarse entre ellas.<\/p>\n<p style=\"text-align: justify;\">Ninguno de sus seguidores que son legi\u00f3n ten\u00eda idea de dato personal alguno de Jokin, se especulaba sobre qui\u00e9n podr\u00eda estar detr\u00e1s del <a href=\"https:\/\/i0.wp.com\/miradordeatarfe.es\/wp-content\/uploads\/2020\/06\/jokin-tweet-3.jpeg?ssl=1\"><img data-recalc-dims=\"1\" loading=\"lazy\" decoding=\"async\" class=\"alignleft wp-image-40719 size-medium\" src=\"https:\/\/i0.wp.com\/miradordeatarfe.es\/wp-content\/uploads\/2020\/06\/jokin-tweet-3.jpeg?resize=169%2C300&#038;ssl=1\" alt=\"\" width=\"169\" height=\"300\" srcset=\"https:\/\/i0.wp.com\/miradordeatarfe.es\/wp-content\/uploads\/2020\/06\/jokin-tweet-3.jpeg?resize=169%2C300&amp;ssl=1 169w, https:\/\/i0.wp.com\/miradordeatarfe.es\/wp-content\/uploads\/2020\/06\/jokin-tweet-3.jpeg?resize=576%2C1024&amp;ssl=1 576w, https:\/\/i0.wp.com\/miradordeatarfe.es\/wp-content\/uploads\/2020\/06\/jokin-tweet-3.jpeg?resize=768%2C1366&amp;ssl=1 768w, https:\/\/i0.wp.com\/miradordeatarfe.es\/wp-content\/uploads\/2020\/06\/jokin-tweet-3.jpeg?resize=600%2C1067&amp;ssl=1 600w, https:\/\/i0.wp.com\/miradordeatarfe.es\/wp-content\/uploads\/2020\/06\/jokin-tweet-3.jpeg?resize=864%2C1536&amp;ssl=1 864w, https:\/\/i0.wp.com\/miradordeatarfe.es\/wp-content\/uploads\/2020\/06\/jokin-tweet-3.jpeg?w=1125&amp;ssl=1 1125w\" sizes=\"auto, (max-width: 169px) 100vw, 169px\" \/><\/a>personaje, si Joaqu\u00edn Carmona ser\u00eda un pseud\u00f3nimo. Entre los estad\u00edsticos nadie arrojaba luz sobre el misterio. As\u00ed que se empez\u00f3 a preguntar por las redes por alg\u00fan dato que permitiera tirar del hilo que nos llevara a saber sobre la situaci\u00f3n de Joaqu\u00edn. Un atleta aficionado de un barrio de la capital hab\u00eda escuchado a un conocido comentar algo de una persona peculiar que tuiteaba sobre atletismo, escribi\u00f3 a su amigo que est\u00e1 trabajando en un proyecto universitario en Italia y este puso sobre la pista al periodista deportivo Alfredo Varona. Hab\u00eda coincidido con Jokin en la Biblioteca P\u00fablica a la que acud\u00eda a estudiar, le llam\u00f3 la atenci\u00f3n que no se relacionaba con nadie, siempre pegado a su port\u00e1til, en alguna mirada furtiva hab\u00eda identificado que la tem\u00e1tica en su pantalla era sobre atletismo. La curiosidad le llev\u00f3 a preguntar a los funcionarios de la biblioteca por el enigm\u00e1tico personaje, le comentaron que sol\u00eda acudir diariamente, siempre con el port\u00e1til, algunos dec\u00edan que dorm\u00eda en el parque pr\u00f3ximo aunque luego pensaron que no pues lo hab\u00edan visto trabajando de cartero.<\/p>\n<p style=\"text-align: justify;\">Con estos datos Alfredo decidi\u00f3 acudir una tarde al parque indicado y ah\u00ed encontr\u00f3 a una persona cuya fisonom\u00eda coincid\u00eda con la foto de perfil de Jokin, entabl\u00f3 conversaci\u00f3n con \u00e9l y descubri\u00f3 que efectivamente era \u00e9l, era Joaqu\u00edn Carmona, \u00e9ste le cont\u00f3 que por circunstancias de la vida se ve\u00eda obligado a vivir en la calle y a dormir\u00a0\u00a0\u00a0\u00a0\u00a0\u00a0\u00a0 en\u00a0\u00a0\u00a0\u00a0\u00a0\u00a0\u00a0\u00a0\u00a0\u00a0 el parque. Le narr\u00f3 que hab\u00eda nacido en Zamudio en el seno de una familia desestructurada que no le pudo costear un<a href=\"https:\/\/i0.wp.com\/miradordeatarfe.es\/wp-content\/uploads\/2020\/06\/jokin-tweet-4.jpeg?ssl=1\"><img data-recalc-dims=\"1\" loading=\"lazy\" decoding=\"async\" class=\"size-medium wp-image-40720 alignleft\" src=\"https:\/\/i0.wp.com\/miradordeatarfe.es\/wp-content\/uploads\/2020\/06\/jokin-tweet-4.jpeg?resize=169%2C300&#038;ssl=1\" alt=\"\" width=\"169\" height=\"300\" srcset=\"https:\/\/i0.wp.com\/miradordeatarfe.es\/wp-content\/uploads\/2020\/06\/jokin-tweet-4.jpeg?resize=169%2C300&amp;ssl=1 169w, https:\/\/i0.wp.com\/miradordeatarfe.es\/wp-content\/uploads\/2020\/06\/jokin-tweet-4.jpeg?resize=576%2C1024&amp;ssl=1 576w, https:\/\/i0.wp.com\/miradordeatarfe.es\/wp-content\/uploads\/2020\/06\/jokin-tweet-4.jpeg?resize=768%2C1366&amp;ssl=1 768w, https:\/\/i0.wp.com\/miradordeatarfe.es\/wp-content\/uploads\/2020\/06\/jokin-tweet-4.jpeg?resize=600%2C1067&amp;ssl=1 600w, https:\/\/i0.wp.com\/miradordeatarfe.es\/wp-content\/uploads\/2020\/06\/jokin-tweet-4.jpeg?resize=864%2C1536&amp;ssl=1 864w, https:\/\/i0.wp.com\/miradordeatarfe.es\/wp-content\/uploads\/2020\/06\/jokin-tweet-4.jpeg?w=1125&amp;ssl=1 1125w\" sizes=\"auto, (max-width: 169px) 100vw, 169px\" \/><\/a>a educaci\u00f3n a pesar de que era un alumno de sobresaliente. Con 18 a\u00f1os se vino a Madrid a buscarse la vida, trabaj\u00f3 en diferentes trabajos todos ellos con la precariedad como caracter\u00edstica, con el tiempo mont\u00f3 un quiosco de helados cerca del Bernab\u00e9u, se volc\u00f3 en esta actividad, le iba bien, ten\u00eda por fin un medio de vida suficiente y una positiva vida social. Seg\u00fan \u00e9l, con malas artes del Ayuntamiento le cerraron el quiosco, de pronto vio desaparecer no s\u00f3lo su medio de subsistencia sino toda su vida social, en la vida de pareja tampoco le hab\u00eda ido bien, todo ello le hizo tocar fondo y encerrarse en s\u00ed mismo. Los trabajos que desde entonces hab\u00eda encontrado eran espor\u00e1dicos, alguna sustituci\u00f3n en Correos, ech\u00f3 cuentas y vio que no le llegaba para mantener un hogar o pagarse una habitaci\u00f3n, decidi\u00f3 vivir en la calle y alargar el rendimiento de los haberes que consegu\u00eda en estos trabajos. Nunca ha mendigado, nunca ha tenido problemas con el alcohol o las drogas, tampoco con la Polic\u00eda que en cambio s\u00ed se hab\u00edan interesado en alguna ocasi\u00f3n por el origen del port\u00e1til en el que siempre estaba enfrascado.<\/p>\n<p style=\"text-align: justify;\">Encontr\u00f3 en el atletismo una v\u00eda de escape, era su deporte favorito, intent\u00f3 practicarlo de joven en su ciudad natal, sus circunstancias familiares y econ\u00f3micas le privaron de ello. Ahora con tiempo por delante dio rienda suelta a su pasi\u00f3n, de manera completamente autodidacta fue descubriendo las posibilidades de tweeter, durante el d\u00eda se documentaba en la biblioteca sobre multitud de aspectos del atletismo para por la noche acercarse a la fachada de la misma donde cog\u00eda wifi y poder tuitear. As\u00ed durante 10 a\u00f1os hasta que la pandemia y el estado de alarma hicieron cerrar todos los organismos p\u00fablicos, se qued\u00f3 sin wifi y sin la posibili<a href=\"https:\/\/i0.wp.com\/miradordeatarfe.es\/wp-content\/uploads\/2020\/06\/jokin-tweet-5.jpeg?ssl=1\"><img data-recalc-dims=\"1\" loading=\"lazy\" decoding=\"async\" class=\"size-medium wp-image-40721 alignleft\" src=\"https:\/\/i0.wp.com\/miradordeatarfe.es\/wp-content\/uploads\/2020\/06\/jokin-tweet-5.jpeg?resize=169%2C300&#038;ssl=1\" alt=\"\" width=\"169\" height=\"300\" srcset=\"https:\/\/i0.wp.com\/miradordeatarfe.es\/wp-content\/uploads\/2020\/06\/jokin-tweet-5.jpeg?resize=169%2C300&amp;ssl=1 169w, https:\/\/i0.wp.com\/miradordeatarfe.es\/wp-content\/uploads\/2020\/06\/jokin-tweet-5.jpeg?resize=576%2C1024&amp;ssl=1 576w, https:\/\/i0.wp.com\/miradordeatarfe.es\/wp-content\/uploads\/2020\/06\/jokin-tweet-5.jpeg?resize=768%2C1366&amp;ssl=1 768w, https:\/\/i0.wp.com\/miradordeatarfe.es\/wp-content\/uploads\/2020\/06\/jokin-tweet-5.jpeg?resize=600%2C1067&amp;ssl=1 600w, https:\/\/i0.wp.com\/miradordeatarfe.es\/wp-content\/uploads\/2020\/06\/jokin-tweet-5.jpeg?resize=864%2C1536&amp;ssl=1 864w, https:\/\/i0.wp.com\/miradordeatarfe.es\/wp-content\/uploads\/2020\/06\/jokin-tweet-5.jpeg?w=1125&amp;ssl=1 1125w\" sizes=\"auto, (max-width: 169px) 100vw, 169px\" \/><\/a>dad de tuitear.<\/p>\n<p style=\"text-align: justify;\">Este era el misterio, el mejor con diferencia difusor de atletismo en Espa\u00f1a viv\u00eda en la calle y la falta de wifi p\u00fablico gratis lo hab\u00eda silenciado. As\u00ed de sencillo y desgarrador.<\/p>\n<p style=\"text-align: justify;\">Desvelado el misterio toda la comunidad atl\u00e9tica se ha volcado en ayudarle a superar esta situaci\u00f3n, se ha organizado un crowdfunding que en pocos d\u00edas ha recaudado m\u00e1s de 30.000 \u20ac, le han ofrecido varios puestos de trabajo relacionados con su pasi\u00f3n y arte, su enorme potencial como community manager o similar no se puede desperdiciar.<\/p>\n<p style=\"text-align: justify;\">Esta historia nos desvela que la normalidad o la nueva normalidad son t\u00e9rminos relativos, esperemos que la nueva normalidad para Jokin le sea fruct\u00edfera en su labor de difusi\u00f3n y propagaci\u00f3n de nuestro deporte, todos los aficionados saldremos ganando.\u00a0\u00a0<\/p>\n<p style=\"text-align: justify;\">\u00a0\u00a0\u00a0 \u00a0\u00a0\u00a0\u00a0\u00a0\u00a0\u00a0\u00a0\u00a0\u00a0\u00a0\u00a0\u00a0\u00a0\u00a0\u00a0\u00a0\u00a0<\/p>\n","protected":false},"excerpt":{"rendered":"<p>Tras haber superado la desescalada y haber salido del estado de alarma iniciamos lo que&#8230;<\/p>\n","protected":false},"author":1,"featured_media":40722,"comment_status":"closed","ping_status":"closed","sticky":false,"template":"","format":"standard","meta":{"_coblocks_attr":"","_coblocks_dimensions":"","_coblocks_responsive_height":"","_coblocks_accordion_ie_support":"","jetpack_post_was_ever_published":false,"_jetpack_newsletter_access":"","_jetpack_dont_email_post_to_subs":false,"_jetpack_newsletter_tier_id":0,"_jetpack_memberships_contains_paywalled_content":false,"_jetpack_memberships_contains_paid_content":false,"footnotes":"","jetpack_publicize_message":"","jetpack_publicize_feature_enabled":true,"jetpack_social_post_already_shared":false,"jetpack_social_options":{"image_generator_settings":{"template":"highway","default_image_id":0,"enabled":false},"version":2}},"categories":[182,6915,44,15],"tags":[81,85,123],"class_list":["post-40716","post","type-post","status-publish","format-standard","has-post-thumbnail","hentry","category-deportes","category-opinion-de-manuel-jimenez","category-noticias-de-hoy","category-ultimas-noticias","tag-atarfe","tag-atletismo","tag-deportes"],"jetpack_publicize_connections":[],"jetpack_featured_media_url":"https:\/\/i0.wp.com\/miradordeatarfe.es\/wp-content\/uploads\/2020\/06\/jokin-perfil.jpeg?fit=400%2C400&ssl=1","jetpack_likes_enabled":true,"jetpack_sharing_enabled":true,"_links":{"self":[{"href":"https:\/\/miradordeatarfe.es\/index.php?rest_route=\/wp\/v2\/posts\/40716","targetHints":{"allow":["GET"]}}],"collection":[{"href":"https:\/\/miradordeatarfe.es\/index.php?rest_route=\/wp\/v2\/posts"}],"about":[{"href":"https:\/\/miradordeatarfe.es\/index.php?rest_route=\/wp\/v2\/types\/post"}],"author":[{"embeddable":true,"href":"https:\/\/miradordeatarfe.es\/index.php?rest_route=\/wp\/v2\/users\/1"}],"replies":[{"embeddable":true,"href":"https:\/\/miradordeatarfe.es\/index.php?rest_route=%2Fwp%2Fv2%2Fcomments&post=40716"}],"version-history":[{"count":1,"href":"https:\/\/miradordeatarfe.es\/index.php?rest_route=\/wp\/v2\/posts\/40716\/revisions"}],"predecessor-version":[{"id":40723,"href":"https:\/\/miradordeatarfe.es\/index.php?rest_route=\/wp\/v2\/posts\/40716\/revisions\/40723"}],"wp:featuredmedia":[{"embeddable":true,"href":"https:\/\/miradordeatarfe.es\/index.php?rest_route=\/wp\/v2\/media\/40722"}],"wp:attachment":[{"href":"https:\/\/miradordeatarfe.es\/index.php?rest_route=%2Fwp%2Fv2%2Fmedia&parent=40716"}],"wp:term":[{"taxonomy":"category","embeddable":true,"href":"https:\/\/miradordeatarfe.es\/index.php?rest_route=%2Fwp%2Fv2%2Fcategories&post=40716"},{"taxonomy":"post_tag","embeddable":true,"href":"https:\/\/miradordeatarfe.es\/index.php?rest_route=%2Fwp%2Fv2%2Ftags&post=40716"}],"curies":[{"name":"wp","href":"https:\/\/api.w.org\/{rel}","templated":true}]}}