{"id":4073,"date":"2015-10-21T08:34:02","date_gmt":"2015-10-21T08:34:02","guid":{"rendered":"http:\/\/miradordeatarfe.es\/?p=4073"},"modified":"2015-10-22T07:57:01","modified_gmt":"2015-10-22T07:57:01","slug":"xiii-edicion-de-la-carrera-nocturna-de-atarfe","status":"publish","type":"post","link":"https:\/\/miradordeatarfe.es\/?p=4073","title":{"rendered":"XIII edici\u00f3n de la Carrera Nocturna de Atarfe"},"content":{"rendered":"<p>La <strong>XIII edici\u00f3n de la Carrera Nocturna de Atarfe<\/strong>, todo un cl\u00e1sico para los aficionados al deporte, se celebra este a\u00f1o el viernes 30 de octubre con la participaci\u00f3n de mil corredores.<!--more--><\/p>\n<p>La carrera nocturna, organizada por <strong>Atarfe Ciudad Deportiva (Acidesa)<\/strong>, el <strong>Club de Atletismo<\/strong> y la <strong>Concejal\u00eda de Cultura<\/strong>, parte a las 22 horas de la Plaza de Toros y los participantes deber\u00e1n cubrir casi nueve kil\u00f3metros de recorrido a trav\u00e9s de las principales calles del municipio.<\/p>\n<p>Para participar es necesario <strong><u>inscribirse antes del 27 de octubre<\/u><\/strong> en Dorsalchip o el Centro Cultural Medina Elvira previo pago de tan solo 6 euros. La carrera tiene el aliciente de que es cronometrada y que cada corredor podr\u00e1 conocer el tiempo empleado en completar los 8,8 kil\u00f3metros. Los interesados deben realizar la reserva cuanto antes ante la posibilidad de que los dorsales se agoten en los pr\u00f3ximos d\u00edas.<\/p>\n<p>Gracias a la empresa <strong>Zurita<\/strong>, uno de los patrocinadores de la prueba nocturna, se sortear\u00e1n 35 jamones y los tres primeros clasificados de cada categor\u00eda recibir\u00e1n medalla y jam\u00f3n.<\/p>\n<p>La carrera nocturna es posible gracias tambi\u00e9n al patrocinio de <strong>Powerade<\/strong>, <strong>Covir\u00e1n<\/strong>, <strong>Cruzcampo<\/strong>, <strong>Coca Cola<\/strong>, <strong>la Caixa<\/strong>, la tienda de deporte <strong>base:<\/strong>, el centro deportivo <strong>Be One<\/strong> y la empresa <strong>Schindler<\/strong>.<\/p>\n<p><a href=\"https:\/\/i0.wp.com\/miradordeatarfe.es\/wp-content\/uploads\/2015\/10\/1380_1664_20151020133900.jpg?ssl=1\"><img data-recalc-dims=\"1\" loading=\"lazy\" decoding=\"async\" class=\"alignnone size-full wp-image-4074\" src=\"https:\/\/i0.wp.com\/miradordeatarfe.es\/wp-content\/uploads\/2015\/10\/1380_1664_20151020133900.jpg?resize=442%2C640&#038;ssl=1\" alt=\"1380_1664_20151020133900\" width=\"442\" height=\"640\" srcset=\"https:\/\/i0.wp.com\/miradordeatarfe.es\/wp-content\/uploads\/2015\/10\/1380_1664_20151020133900.jpg?w=442&amp;ssl=1 442w, https:\/\/i0.wp.com\/miradordeatarfe.es\/wp-content\/uploads\/2015\/10\/1380_1664_20151020133900.jpg?resize=207%2C300&amp;ssl=1 207w\" sizes=\"auto, (max-width: 442px) 100vw, 442px\" \/><\/a><\/p>\n","protected":false},"excerpt":{"rendered":"<p>La XIII edici\u00f3n de la Carrera Nocturna de Atarfe, todo un cl\u00e1sico para los aficionados&#8230;<\/p>\n","protected":false},"author":1,"featured_media":4075,"comment_status":"closed","ping_status":"closed","sticky":false,"template":"","format":"standard","meta":{"_coblocks_attr":"","_coblocks_dimensions":"","_coblocks_responsive_height":"","_coblocks_accordion_ie_support":"","jetpack_post_was_ever_published":false,"_jetpack_newsletter_access":"","_jetpack_dont_email_post_to_subs":false,"_jetpack_newsletter_tier_id":0,"_jetpack_memberships_contains_paywalled_content":false,"_jetpack_memberships_contains_paid_content":false,"footnotes":"","jetpack_publicize_message":"","jetpack_publicize_feature_enabled":true,"jetpack_social_post_already_shared":false,"jetpack_social_options":{"image_generator_settings":{"template":"highway","default_image_id":0,"enabled":false},"version":2}},"categories":[2,182,15,10],"tags":[81,1472,123],"class_list":["post-4073","post","type-post","status-publish","format-standard","has-post-thumbnail","hentry","category-atarfe","category-deportes","category-ultimas-noticias","category-salud","tag-atarfe","tag-carrera-nocturna","tag-deportes"],"jetpack_publicize_connections":[],"jetpack_featured_media_url":"https:\/\/i0.wp.com\/miradordeatarfe.es\/wp-content\/uploads\/2015\/10\/CARRE.jpg?fit=356%2C141&ssl=1","jetpack_likes_enabled":true,"jetpack_sharing_enabled":true,"_links":{"self":[{"href":"https:\/\/miradordeatarfe.es\/index.php?rest_route=\/wp\/v2\/posts\/4073","targetHints":{"allow":["GET"]}}],"collection":[{"href":"https:\/\/miradordeatarfe.es\/index.php?rest_route=\/wp\/v2\/posts"}],"about":[{"href":"https:\/\/miradordeatarfe.es\/index.php?rest_route=\/wp\/v2\/types\/post"}],"author":[{"embeddable":true,"href":"https:\/\/miradordeatarfe.es\/index.php?rest_route=\/wp\/v2\/users\/1"}],"replies":[{"embeddable":true,"href":"https:\/\/miradordeatarfe.es\/index.php?rest_route=%2Fwp%2Fv2%2Fcomments&post=4073"}],"version-history":[{"count":1,"href":"https:\/\/miradordeatarfe.es\/index.php?rest_route=\/wp\/v2\/posts\/4073\/revisions"}],"predecessor-version":[{"id":4076,"href":"https:\/\/miradordeatarfe.es\/index.php?rest_route=\/wp\/v2\/posts\/4073\/revisions\/4076"}],"wp:featuredmedia":[{"embeddable":true,"href":"https:\/\/miradordeatarfe.es\/index.php?rest_route=\/wp\/v2\/media\/4075"}],"wp:attachment":[{"href":"https:\/\/miradordeatarfe.es\/index.php?rest_route=%2Fwp%2Fv2%2Fmedia&parent=4073"}],"wp:term":[{"taxonomy":"category","embeddable":true,"href":"https:\/\/miradordeatarfe.es\/index.php?rest_route=%2Fwp%2Fv2%2Fcategories&post=4073"},{"taxonomy":"post_tag","embeddable":true,"href":"https:\/\/miradordeatarfe.es\/index.php?rest_route=%2Fwp%2Fv2%2Ftags&post=4073"}],"curies":[{"name":"wp","href":"https:\/\/api.w.org\/{rel}","templated":true}]}}