{"id":40737,"date":"2020-06-26T10:15:59","date_gmt":"2020-06-26T08:15:59","guid":{"rendered":"http:\/\/miradordeatarfe.es\/?p=40737"},"modified":"2020-06-25T21:15:25","modified_gmt":"2020-06-25T19:15:25","slug":"joaquim-bosch-desmonta-en-menos-de-240-caracteres-la-afirmacion-de-vox-de-que-la-violencia-no-tiene-genero","status":"publish","type":"post","link":"https:\/\/miradordeatarfe.es\/?p=40737","title":{"rendered":"Joaquim Bosch desmonta en menos de 240 caracteres la afirmaci\u00f3n de VOX de que la violencia no tiene g\u00e9nero"},"content":{"rendered":"<div class=\"td-post-header td-image-gradient-style8\">\n<div class=\"td-post-header-holder\">\n<header class=\"td-post-title\">\n<h3 class=\"td-post-sub-title\" style=\"text-align: justify;\">\u00abQuienes dicen que el g\u00e9nero es irrelevante en estos delitos ignoran los datos objetivos\u00bb, se\u00f1al\u00f3 el magistrado y portavoz territorial de Juezas y Jueces para la Democracia.<\/h3>\n<\/header>\n<\/div>\n<\/div>\n<p style=\"text-align: justify;\">La violencia machista es un tipo de violencia f\u00edsica o psicol\u00f3gica ejercida contra cualquier persona o grupo de personas sobre la base de su orientaci\u00f3n o identidad sexual, sexo o g\u00e9nero. De acuerdo con la Organizaci\u00f3n de las Naciones Unidas, el t\u00e9rmino se utiliza \u00abpara distinguir la violencia com\u00fan de aquella que se dirige a individuos o grupos sobre la base de su g\u00e9nero\u00bb.<\/p>\n<p style=\"text-align: justify;\">Este tipo de violencia constituy\u00e9 en una violaci\u00f3n de los\u00a0derechos humanos; tal enfoque es compartido por\u00a0Human Rights Watch\u00a0en diversos estudios realizados durante los \u00faltimos a\u00f1os.<\/p>\n<p style=\"text-align: justify;\">El Gobierno espa\u00f1ol ha querido tomar este martes medidas en el Congreso ante la presencia institucional del discurso que niega la existencia de la violencia machista de mano de la extrema derecha de Vox. Todos los grupos de la C\u00e1mara han querido cerrar filas frente al discurso de Vox en una proposici\u00f3n no de ley que busca instar al Gobierno \u00abpara combatir el negacionismo de la violencia de g\u00e9nero\u00bb.<\/p>\n<p style=\"text-align: justify;\">Aunque la propuesta se vota hoy mi\u00e9rcoles, todos los partidos, salvo Vox han manifestado ya que votar\u00e1n, por mero sentido com\u00fan, a favor de la propuesta de los socialistas.<\/p>\n<p style=\"text-align: justify;\">Dada la relevancia del tema, el magistrado Joaquim Bosch ha querido dar unas gotas de sentido com\u00fan a este tema. La ha hecho a trav\u00e9s de su cuenta de Twitter, un mensaje que ha tenido gran impacto con m\u00e1s de 8000 \u00abme gusta\u00bb.<\/p>\n<p style=\"text-align: justify;\">\u00abEn la violencia en la pareja los hombres son los condenados en m\u00e1s del 95% de los casos. Quienes dicen que el g\u00e9nero es irrelevante en estos delitos ignoran los datos objetivos o, peor a\u00fan, su machismo les quita todo inter\u00e9s en acabar con el maltrato hacia las mujeres\u00bb, se\u00f1al\u00f3 Bosch Grau.<\/p>\n<p style=\"text-align: justify;\"><a href=\"https:\/\/i0.wp.com\/miradordeatarfe.es\/wp-content\/uploads\/2020\/06\/Screenshot_2020-06-25-Joaquim-Bosch-desmonta-en-menos-de-240-caracteres-la-afirmaci%C3%B3n-de-VOX-de-que-la-violencia-no-tiene-g....png?ssl=1\"><img data-recalc-dims=\"1\" loading=\"lazy\" decoding=\"async\" class=\"alignnone wp-image-40739 size-full\" src=\"https:\/\/i0.wp.com\/miradordeatarfe.es\/wp-content\/uploads\/2020\/06\/Screenshot_2020-06-25-Joaquim-Bosch-desmonta-en-menos-de-240-caracteres-la-afirmaci%C3%B3n-de-VOX-de-que-la-violencia-no-tiene-g....png?resize=556%2C256&#038;ssl=1\" alt=\"\" width=\"556\" height=\"256\" srcset=\"https:\/\/i0.wp.com\/miradordeatarfe.es\/wp-content\/uploads\/2020\/06\/Screenshot_2020-06-25-Joaquim-Bosch-desmonta-en-menos-de-240-caracteres-la-afirmaci%C3%B3n-de-VOX-de-que-la-violencia-no-tiene-g....png?w=556&amp;ssl=1 556w, https:\/\/i0.wp.com\/miradordeatarfe.es\/wp-content\/uploads\/2020\/06\/Screenshot_2020-06-25-Joaquim-Bosch-desmonta-en-menos-de-240-caracteres-la-afirmaci%C3%B3n-de-VOX-de-que-la-violencia-no-tiene-g....png?resize=300%2C138&amp;ssl=1 300w\" sizes=\"auto, (max-width: 556px) 100vw, 556px\" \/><\/a><\/p>\n","protected":false},"excerpt":{"rendered":"<p>\u00abQuienes dicen que el g\u00e9nero es irrelevante en estos delitos ignoran los datos objetivos\u00bb, se\u00f1al\u00f3&#8230;<\/p>\n","protected":false},"author":1,"featured_media":40741,"comment_status":"closed","ping_status":"closed","sticky":false,"template":"","format":"standard","meta":{"_coblocks_attr":"","_coblocks_dimensions":"","_coblocks_responsive_height":"","_coblocks_accordion_ie_support":"","jetpack_post_was_ever_published":false,"_jetpack_newsletter_access":"","_jetpack_dont_email_post_to_subs":false,"_jetpack_newsletter_tier_id":0,"_jetpack_memberships_contains_paywalled_content":false,"_jetpack_memberships_contains_paid_content":false,"footnotes":"","jetpack_publicize_message":"","jetpack_publicize_feature_enabled":true,"jetpack_social_post_already_shared":false,"jetpack_social_options":{"image_generator_settings":{"template":"highway","default_image_id":0,"enabled":false},"version":2}},"categories":[1161,14,44,6937,15],"tags":[1292,214],"class_list":["post-40737","post","type-post","status-publish","format-standard","has-post-thumbnail","hentry","category-ciudadania","category-feminismo","category-noticias-de-hoy","category-sociedad","category-ultimas-noticias","tag-hombres","tag-violencia-de-genero"],"jetpack_publicize_connections":[],"jetpack_featured_media_url":"https:\/\/i0.wp.com\/miradordeatarfe.es\/wp-content\/uploads\/2020\/06\/img2.rtve_.es_.jpg?fit=1600%2C890&ssl=1","jetpack_likes_enabled":true,"jetpack_sharing_enabled":true,"_links":{"self":[{"href":"https:\/\/miradordeatarfe.es\/index.php?rest_route=\/wp\/v2\/posts\/40737","targetHints":{"allow":["GET"]}}],"collection":[{"href":"https:\/\/miradordeatarfe.es\/index.php?rest_route=\/wp\/v2\/posts"}],"about":[{"href":"https:\/\/miradordeatarfe.es\/index.php?rest_route=\/wp\/v2\/types\/post"}],"author":[{"embeddable":true,"href":"https:\/\/miradordeatarfe.es\/index.php?rest_route=\/wp\/v2\/users\/1"}],"replies":[{"embeddable":true,"href":"https:\/\/miradordeatarfe.es\/index.php?rest_route=%2Fwp%2Fv2%2Fcomments&post=40737"}],"version-history":[{"count":1,"href":"https:\/\/miradordeatarfe.es\/index.php?rest_route=\/wp\/v2\/posts\/40737\/revisions"}],"predecessor-version":[{"id":40740,"href":"https:\/\/miradordeatarfe.es\/index.php?rest_route=\/wp\/v2\/posts\/40737\/revisions\/40740"}],"wp:featuredmedia":[{"embeddable":true,"href":"https:\/\/miradordeatarfe.es\/index.php?rest_route=\/wp\/v2\/media\/40741"}],"wp:attachment":[{"href":"https:\/\/miradordeatarfe.es\/index.php?rest_route=%2Fwp%2Fv2%2Fmedia&parent=40737"}],"wp:term":[{"taxonomy":"category","embeddable":true,"href":"https:\/\/miradordeatarfe.es\/index.php?rest_route=%2Fwp%2Fv2%2Fcategories&post=40737"},{"taxonomy":"post_tag","embeddable":true,"href":"https:\/\/miradordeatarfe.es\/index.php?rest_route=%2Fwp%2Fv2%2Ftags&post=40737"}],"curies":[{"name":"wp","href":"https:\/\/api.w.org\/{rel}","templated":true}]}}