{"id":40751,"date":"2020-06-26T11:24:36","date_gmt":"2020-06-26T09:24:36","guid":{"rendered":"http:\/\/miradordeatarfe.es\/?p=40751"},"modified":"2020-06-25T21:36:13","modified_gmt":"2020-06-25T19:36:13","slug":"atarfe-cursos-de-competencias-digitales-basicas","status":"publish","type":"post","link":"https:\/\/miradordeatarfe.es\/?p=40751","title":{"rendered":"ATARFE: CURSOS DE COMPETENCIAS DIGITALES B\u00c1SICAS"},"content":{"rendered":"<h3 style=\"text-align: justify;\">La Concejal\u00eda de Juventud y la Concejal\u00eda de Educaci\u00f3n del Ayuntamiento de Atarfe ponen en marcha dos acciones formativas sobre \u00abCompetencias Digitales B\u00e1sicas\u00bb, dirigidos a la poblaci\u00f3n joven y a las familias con hijos\/as en edad escolar.<\/h3>\n<p style=\"text-align: justify;\">Tras esta pandem\u00eda hemos podido comprobar las dificultades y la importancia de formarse en esta materia. Es por ello, por lo que se ponen en marcha ambos cursos gratuitos de cara a adquirir competen<span class=\"text_exposed_show\">cias fundamentales para vivir en la sociedad actual, ya sea, para el pr\u00f3ximo curso escolar, la b\u00fasqueda de empleo o el nuevo tipo de ocio.<\/span><\/p>\n<div class=\"mod\" style=\"text-align: justify;\" data-md=\"61\">\n<div class=\"LGOjhe\" role=\"heading\" aria-level=\"3\" data-attrid=\"wa:\/description\" data-hveid=\"CA8QBQ\"><span class=\"ILfuVd NA6bn\"><span class=\"e24Kjd\">La <b>competencia digital<\/b> se define como el uso cr\u00edtico y seguro de las Tecnolog\u00edas de la Sociedad de la Informaci\u00f3n para el trabajo, el ocio y la comunicaci\u00f3n. &#8230; Y es una de las ocho <b>Competencias<\/b> Clave necesarias para la Formaci\u00f3n a lo Largo de la Vida. <\/span><\/span>En Espa\u00f1a el tr\u00e1fico de Internet creci\u00f3 un 80 por ciento, y el uso de herramientas digitales de comunicaci\u00f3n como \u00abZoom\u00bb o \u00abHangouts\u00bb aument\u00f3 en un 4.000 %<\/div>\n<\/div>\n<div class=\"g\">\n<div class=\"rc\" data-hveid=\"CA8QBg\" data-ved=\"2ahUKEwityMaT2Z3qAhWJkhQKHZf1CtwQFSgBMAN6BAgPEAY\">\n<p>En una nota de prensa, la plataforma Qustodio ha valorado que millones de ni\u00f1os sepan ahora \u00ablevantar la mano\u00bb para preguntar desde su casa; que los mayores hayan aprendido a hacer videollamadas, o que miles de personas sigan desde casa las rutinas deportivas recomendadas por profesionales y hayan expresado ya su disposici\u00f3n a continuar haci\u00e9ndolo despu\u00e9s de la crisis.<\/p>\n<p>Muchos restaurantes, ha destacado esta plataforma, han podido seguir operando prestando un servicio a domicilio y muchos usuarios han aprendido a hacer esos pedidos por internet, y miles de familias y amigos se han citado para tomar \u00abvideoca\u00f1as\u00bb.<\/p>\n<p>Los profesores han pasado a ser \u00abexpertos digitales\u00bb, seg\u00fan Qustodio, que ha valorado c\u00f3mo estos profesionales han tenido que aprender a utilizar nuevos y modernos recursos digitales para mantener el ritmo de las clases, o c\u00f3mo ha atendido tutor\u00edas y dudas por videollamadas.<\/p>\n<\/div>\n<\/div>\n<div class=\"text_exposed_show\">\n<h3>Curso para jovenes<br \/>\nHorario: Lunes y Mi\u00e9rcoles de 11:00 a 13:00<br \/>\nFechas: Del 6 al 29 de Julio<\/h3>\n<p><a href=\"https:\/\/i0.wp.com\/miradordeatarfe.es\/wp-content\/uploads\/2020\/06\/105416089_3187812517949263_3835135609941568764_o.jpg?ssl=1\"><img data-recalc-dims=\"1\" loading=\"lazy\" decoding=\"async\" class=\"wp-image-40752 size-full aligncenter\" src=\"https:\/\/i0.wp.com\/miradordeatarfe.es\/wp-content\/uploads\/2020\/06\/105416089_3187812517949263_3835135609941568764_o.jpg?resize=640%2C905&#038;ssl=1\" alt=\"\" width=\"640\" height=\"905\" \/><\/a><\/p>\n<h3>Curso para Familias<br \/>\nHorario: Lunes y Mi\u00e9rcoles de 18:00 a 20:00<br \/>\nFechas: Del 6 al 29 de Julio<\/h3>\n<p><a href=\"https:\/\/i0.wp.com\/miradordeatarfe.es\/wp-content\/uploads\/2020\/06\/105491774_3187812511282597_6211194972174825198_o.jpg?ssl=1\"><img data-recalc-dims=\"1\" loading=\"lazy\" decoding=\"async\" class=\"wp-image-40753 size-full aligncenter\" src=\"https:\/\/i0.wp.com\/miradordeatarfe.es\/wp-content\/uploads\/2020\/06\/105491774_3187812511282597_6211194972174825198_o.jpg?resize=640%2C905&#038;ssl=1\" alt=\"\" width=\"640\" height=\"905\" srcset=\"https:\/\/i0.wp.com\/miradordeatarfe.es\/wp-content\/uploads\/2020\/06\/105491774_3187812511282597_6211194972174825198_o.jpg?w=679&amp;ssl=1 679w, https:\/\/i0.wp.com\/miradordeatarfe.es\/wp-content\/uploads\/2020\/06\/105491774_3187812511282597_6211194972174825198_o.jpg?resize=212%2C300&amp;ssl=1 212w, https:\/\/i0.wp.com\/miradordeatarfe.es\/wp-content\/uploads\/2020\/06\/105491774_3187812511282597_6211194972174825198_o.jpg?resize=600%2C848&amp;ssl=1 600w\" sizes=\"auto, (max-width: 640px) 100vw, 640px\" \/><\/a><\/p>\n<h3>Informaci\u00f3n e Inscripciones<strong> hasta el 2 de Julio<\/strong><\/h3>\n<p>A trav\u00e9s de Internet: <a href=\"https:\/\/atarfe.sedelectronica.es\/citaprevia?fbclid=IwAR0ZFihm6GyGjNjk3Ys19VIWm_8PyhhooGxEBj7bAcPyDRaYOZThOG_Oaq4\" target=\"_blank\" rel=\"noopener nofollow noreferrer\" data-ft=\"{&quot;tn&quot;:&quot;-U&quot;}\" data-lynx-mode=\"async\" data-lynx-uri=\"https:\/\/l.facebook.com\/l.php?u=https%3A%2F%2Fatarfe.sedelectronica.es%2Fcitaprevia%3Ffbclid%3DIwAR0ZFihm6GyGjNjk3Ys19VIWm_8PyhhooGxEBj7bAcPyDRaYOZThOG_Oaq4&amp;h=AT1CJ_mtsAiDIOpWcdcnOJDQuhjIxebcy_0IGcRffC6pAYH6eVd_BSWC2OMZld8YWJfHaFbzvVIFBxMJB33lpNHdnkKfDDpwVW9ZGPgcpsPpWsciyAvCqQtIDGEf8n2wKaMSkAVJbgzKYWpW1wtHtZ7sOOrr0CREtZm58X7NrIohx19aziWY5UrTiYDzpf_SKFrBfbV59waCgLetGFSJ_sWQ70K1aGI8J81EMbsjioCKi4ql9-HVNuNmiO5pLPoB2DnowsIj4ZleCcidQltYUXEm9-NFazZ_TV2psO69Z5aCUYO1DhXc6zucxH2W5QN_AHpIFxWzQzCjZNr6CAp3W4kDXihtk91Ti7P4sfHzTAfwU_BQY2MtJGtKxbXFkQueFKfPfbXQqSteJ6O1tfgKwWHGL0hAtPs8LZ24u8wFIff_oyHaPNL49Kr-hPafOG-tPBVb4Q4_ifOb-1kepDRgWYI0ufw15EQEPlvyBYClOxd_X01j0h3So1iauo6ciJqSQOF2OWyctJx16DDUj_zXltuGnV_gjtqVjUxmOU90POe6e2niaCHieTZVfxpsHPuv2KqTIBG8otPatIqUpfzoNS4C8MIWLYZr20ZSTt7B6mJttxC227IVBqaenq5_jB-e8Ww\">https:\/\/atarfe.sedelectronica.es\/citaprevia<\/a><br \/>\nTelef\u00f3nicamente: 676 484 703<\/p>\n<\/div>\n","protected":false},"excerpt":{"rendered":"<p>La Concejal\u00eda de Juventud y la Concejal\u00eda de Educaci\u00f3n del Ayuntamiento de Atarfe ponen en&#8230;<\/p>\n","protected":false},"author":1,"featured_media":40754,"comment_status":"closed","ping_status":"closed","sticky":false,"template":"","format":"standard","meta":{"_coblocks_attr":"","_coblocks_dimensions":"","_coblocks_responsive_height":"","_coblocks_accordion_ie_support":"","jetpack_post_was_ever_published":false,"_jetpack_newsletter_access":"","_jetpack_dont_email_post_to_subs":false,"_jetpack_newsletter_tier_id":0,"_jetpack_memberships_contains_paywalled_content":false,"_jetpack_memberships_contains_paid_content":false,"footnotes":"","jetpack_publicize_message":"","jetpack_publicize_feature_enabled":true,"jetpack_social_post_already_shared":false,"jetpack_social_options":{"image_generator_settings":{"template":"highway","default_image_id":0,"enabled":false},"version":2}},"categories":[1161,44,6920,15],"tags":[7456,7457,7227],"class_list":["post-40751","post","type-post","status-publish","format-standard","has-post-thumbnail","hentry","category-ciudadania","category-noticias-de-hoy","category-tecnologia","category-ultimas-noticias","tag-competencia-digital","tag-teleeducaion","tag-teletrabajo"],"jetpack_publicize_connections":[],"jetpack_featured_media_url":"https:\/\/i0.wp.com\/miradordeatarfe.es\/wp-content\/uploads\/2020\/06\/images-3.jpg?fit=300%2C168&ssl=1","jetpack_likes_enabled":true,"jetpack_sharing_enabled":true,"_links":{"self":[{"href":"https:\/\/miradordeatarfe.es\/index.php?rest_route=\/wp\/v2\/posts\/40751","targetHints":{"allow":["GET"]}}],"collection":[{"href":"https:\/\/miradordeatarfe.es\/index.php?rest_route=\/wp\/v2\/posts"}],"about":[{"href":"https:\/\/miradordeatarfe.es\/index.php?rest_route=\/wp\/v2\/types\/post"}],"author":[{"embeddable":true,"href":"https:\/\/miradordeatarfe.es\/index.php?rest_route=\/wp\/v2\/users\/1"}],"replies":[{"embeddable":true,"href":"https:\/\/miradordeatarfe.es\/index.php?rest_route=%2Fwp%2Fv2%2Fcomments&post=40751"}],"version-history":[{"count":1,"href":"https:\/\/miradordeatarfe.es\/index.php?rest_route=\/wp\/v2\/posts\/40751\/revisions"}],"predecessor-version":[{"id":40755,"href":"https:\/\/miradordeatarfe.es\/index.php?rest_route=\/wp\/v2\/posts\/40751\/revisions\/40755"}],"wp:featuredmedia":[{"embeddable":true,"href":"https:\/\/miradordeatarfe.es\/index.php?rest_route=\/wp\/v2\/media\/40754"}],"wp:attachment":[{"href":"https:\/\/miradordeatarfe.es\/index.php?rest_route=%2Fwp%2Fv2%2Fmedia&parent=40751"}],"wp:term":[{"taxonomy":"category","embeddable":true,"href":"https:\/\/miradordeatarfe.es\/index.php?rest_route=%2Fwp%2Fv2%2Fcategories&post=40751"},{"taxonomy":"post_tag","embeddable":true,"href":"https:\/\/miradordeatarfe.es\/index.php?rest_route=%2Fwp%2Fv2%2Ftags&post=40751"}],"curies":[{"name":"wp","href":"https:\/\/api.w.org\/{rel}","templated":true}]}}