{"id":40784,"date":"2020-06-27T11:33:49","date_gmt":"2020-06-27T09:33:49","guid":{"rendered":"http:\/\/miradordeatarfe.es\/?p=40784"},"modified":"2020-06-26T17:36:29","modified_gmt":"2020-06-26T15:36:29","slug":"el-valle-del-franquismo-por-alberto-granados","status":"publish","type":"post","link":"https:\/\/miradordeatarfe.es\/?p=40784","title":{"rendered":"\u00abEl Valle del\u00a0franquismo\u00bb  por Alberto Granados"},"content":{"rendered":"<h3 style=\"text-align: justify;\">\u00a0\u00a0\u00a0\u00a0\u00a0\u00a0\u00a0 El fin de la Segunda Guerra Mundial supuso que el mundo occidental rechazara los reg\u00edmenes totalitarios, tanto del bloque fascista, como del comunista.<\/h3>\n<p style=\"text-align: justify;\">El \u00fanico sistema pol\u00edtico aceptable desde entonces ha sido el de las democracias parlamentarias, si bien quedaron pa\u00edses cuyos reg\u00edmenes totalitarios supon\u00edan una especie de verg\u00fcenza internacional, un roto en la inmaculada tela de los ideales pol\u00edticos. Uno de estos pa\u00edses, obviamente, fue Espa\u00f1a, donde el dictador estuvo gobernando hasta su muerte.<\/p>\n<div class=\"entry-content\">\n<p style=\"text-align: justify;\">\u00a0\u00a0\u00a0\u00a0\u00a0\u00a0\u00a0 Franco fue un militar ambicioso que supo canalizar los efectos de los errores de la Rep\u00fablica. La muerte de Calvo Sotelo le proporcion\u00f3 el motivo perfecto para alzarse y establecerse pol\u00edticamente. Su golpe de estado carec\u00eda de una ideolog\u00eda precisa, si no era la de ir contra la izquierda. Pero no encontr\u00f3 reparo moral alguno en aglutinar dos corpus ideol\u00f3gicos que, si bien hubieran debido ser antag\u00f3nicos, le prestaron el apoyo suficiente para consagrarlo como caudillo salvador de Espa\u00f1a: el fascismo de Falange y el catolicismo de la Iglesia, los dos puntales en que centr\u00f3 su r\u00e9gimen de cuatro d\u00e9cadas.<\/p>\n<p style=\"text-align: justify;\">\u00a0\u00a0\u00a0\u00a0\u00a0\u00a0\u00a0 Entre los m\u00e9ritos de Franco est\u00e1 el haber iniciado nuestra guerra civil que tanta sangre y tanto dolor cost\u00f3. Pero tambi\u00e9n provoc\u00f3 otros efectos: aplic\u00f3 a los vencidos una cruel represi\u00f3n que llen\u00f3 de muertos las cunetas y fosas de Espa\u00f1a hasta bien avanzados los cincuenta; vaci\u00f3 las c\u00e1tedras universitarias y los centros de divulgaci\u00f3n cultural al condenar al exilio a lo m\u00e1s granado de la intelectualidad espa\u00f1ola (Garc\u00eda Lorca ni siquiera tuvo la oportunidad de viajar al extranjero); foment\u00f3 la revancha a trav\u00e9s de la Ley de Reparaci\u00f3n, tan provechosa para delatores y tan angustiosa para los despose\u00eddos de sus bienes; blind\u00f3 la entrada de ideas impidiendo la difusi\u00f3n de la cultura extranjera y ejerciendo una asfixiante censura en libros, pel\u00edculas, arte y cualquier otra forma de pensamiento; borr\u00f3 del mapa a todos los partidos pol\u00edticos y sindicatos, quedando como \u00fanico credo pol\u00edtico, impuesto por la fuerza, lo que \u00e9l llam\u00f3 el Movimiento Nacional y su complemento, el Sindicato Vertical; convirti\u00f3 Espa\u00f1a en una gigantesca parroquia en la que no participar en actos de culto era se\u00f1alarse peligrosamente\u2026 En definitiva, en un pa\u00eds sometido y controlado, un pa\u00eds ajeno a las libertades y derechos que la ONU consagraba como derechos esenciales.<\/p>\n<p class=\"wp-caption aligncenter\" style=\"text-align: justify;\" data-shortcode=\"caption\"><a href=\"https:\/\/albertogranados.files.wordpress.com\/2018\/03\/obispos-haciendo-el-saludo-fascista-en-presencia-de-franco-imagen-tomada-de-laiscismo-org.jpg\"><img data-recalc-dims=\"1\" loading=\"lazy\" decoding=\"async\" class=\"size-full wp-image-8101\" src=\"https:\/\/albertogranados.files.wordpress.com\/2018\/03\/obispos-haciendo-el-saludo-fascista-en-presencia-de-franco-imagen-tomada-de-laiscismo-org.jpg?w=560&#038;h=328&#038;fit=560%2C328&#038;resize=560%2C328\" sizes=\"auto, (max-width: 560px) 100vw, 560px\" srcset=\"https:\/\/albertogranados.files.wordpress.com\/2018\/03\/obispos-haciendo-el-saludo-fascista-en-presencia-de-franco-imagen-tomada-de-laiscismo-org.jpg?w=560&amp;h=328 560w, https:\/\/albertogranados.files.wordpress.com\/2018\/03\/obispos-haciendo-el-saludo-fascista-en-presencia-de-franco-imagen-tomada-de-laiscismo-org.jpg?w=150&amp;h=88 150w, https:\/\/albertogranados.files.wordpress.com\/2018\/03\/obispos-haciendo-el-saludo-fascista-en-presencia-de-franco-imagen-tomada-de-laiscismo-org.jpg?w=300&amp;h=176 300w, https:\/\/albertogranados.files.wordpress.com\/2018\/03\/obispos-haciendo-el-saludo-fascista-en-presencia-de-franco-imagen-tomada-de-laiscismo-org.jpg 700w\" alt=\"\" width=\"560\" height=\"328\" aria-describedby=\"caption-attachment-8101\" data-attachment-id=\"8101\" data-permalink=\"https:\/\/albertogranados.wordpress.com\/2018\/03\/15\/herido-en-mis-sentimientos-laicos\/obispos-haciendo-el-saludo-fascista-en-presencia-de-franco-imagen-tomada-de-laiscismo-org\/\" data-orig-file=\"https:\/\/albertogranados.files.wordpress.com\/2018\/03\/obispos-haciendo-el-saludo-fascista-en-presencia-de-franco-imagen-tomada-de-laiscismo-org.jpg\" data-orig-size=\"700,410\" data-comments-opened=\"1\" data-image-meta=\"{&quot;aperture&quot;:&quot;0&quot;,&quot;credit&quot;:&quot;&quot;,&quot;camera&quot;:&quot;&quot;,&quot;caption&quot;:&quot;&quot;,&quot;created_timestamp&quot;:&quot;0&quot;,&quot;copyright&quot;:&quot;&quot;,&quot;focal_length&quot;:&quot;0&quot;,&quot;iso&quot;:&quot;0&quot;,&quot;shutter_speed&quot;:&quot;0&quot;,&quot;title&quot;:&quot;&quot;,&quot;orientation&quot;:&quot;0&quot;}\" data-image-title=\"Obispos haciendo el saludo fascista en presencia de Franco (Imagen tomada de laiscismo.org)\" data-image-description=\"\" data-medium-file=\"https:\/\/albertogranados.files.wordpress.com\/2018\/03\/obispos-haciendo-el-saludo-fascista-en-presencia-de-franco-imagen-tomada-de-laiscismo-org.jpg?w=300\" data-large-file=\"https:\/\/albertogranados.files.wordpress.com\/2018\/03\/obispos-haciendo-el-saludo-fascista-en-presencia-de-franco-imagen-tomada-de-laiscismo-org.jpg?w=560\" \/><\/a><\/p>\n<p id=\"caption-attachment-8101\" class=\"wp-caption-text\">Obispos haciendo el saludo fascista en presencia de Franco (Imagen tomada de laiscismo.org)<\/p>\n<p style=\"text-align: justify;\">\u00a0\u00a0\u00a0\u00a0\u00a0\u00a0\u00a0\u00a0\u00a0\u00a0\u00a0\u00a0\u00a0\u00a0 Otro m\u00e9rito de Franco, cruel y c\u00ednico como pocos, fue el erigir un gigantesco mausoleo para las v\u00edctimas, donde se reserv\u00f3 un espacio para el d\u00eda de su muerte. Donde tambi\u00e9n reposa Jos\u00e9 Antonio. En buena medida, fue erigido piedra a piedra por los represaliados a los que se les ofreci\u00f3 trabajos forzados a cambio de redenci\u00f3n de penas, penas en muchas ocasiones arbitrarias y carentes de garant\u00edas judiciales.<\/p>\n<p style=\"text-align: justify;\">\u00a0\u00a0\u00a0\u00a0\u00a0\u00a0\u00a0 Este es el franquismo y su base hist\u00f3rica. Esto es lo que, vergonzosamente, la derecha cavern\u00edcola a\u00fan defiende incluso desde partidos legales. Esto es lo que cada 20N sale a la calle. Se les llama los nost\u00e1lgicos del franquismo. Yo los llamo defensores de la violencia, del fanatismo y del tiro ante una tapia.<\/p>\n<p style=\"text-align: justify;\">\u00a0\u00a0\u00a0\u00a0\u00a0\u00a0\u00a0 Y creo que un sistema democr\u00e1tico no puede mantener ese centro neur\u00e1lgico del fascismo que es el Valle de los Ca\u00eddos ni un minuto m\u00e1s. Por eso la exhumaci\u00f3n de los restos del dictador, su traslado a una lugar discreto que impida su exaltaci\u00f3n, sin ser una necesidad prioritaria, me parece una excelente noticia que espero ver en los diarios muy pronto. Ser\u00e1 m\u00e9rito de Pedro S\u00e1nchez y su gobierno, tan vacilantes y torpes en tantas cosas, pero acertad\u00edsimos y valientes en este asunto.<\/p>\n<p style=\"text-align: justify;\">\u00a0\u00a0\u00a0\u00a0\u00a0\u00a0\u00a0 La derecha espa\u00f1ola es, ante todo, anti-socialista y sigue echando de menos el autoritarismo de clase que siempre les hizo sentirse superiores. Y hay mucha derecha, pese a que todos los derechistas se dir\u00e1n apol\u00edticos y negar\u00e1n que consumen los medios de derechas, que apoyan los argumentos de derechas y que reproducen los planteamientos de derechas. Eso, para m\u00ed, es ser de derechas, a lo cual tienen derecho, pero mienten al decirse apol\u00edticos. Esta derecha, inexistente seg\u00fan ellos mismos, va a tener que tragarse el sapo de una civilizada exhumaci\u00f3n y el traslado al Pardo. No se les ha ocurrido pensar en ese gigantesco cementerio que son las fosas comunes y cunetas de toda la geograf\u00eda nacional, ni el dolor de sus familias, ni las mentiras que la propaganda nacionalcat\u00f3lica verti\u00f3 sobre las v\u00edctimas, ni el callado y humillante silencio a que condenaron a sus descendientes.<\/p>\n<p style=\"text-align: justify;\">\u00a0\u00a0\u00a0\u00a0\u00a0\u00a0\u00a0 Ahora se impone la justicia, el reconocimiento, la verdad, la reparaci\u00f3n. Franco ya no es un h\u00e9roe, sino un tirano genocida. La memoria hist\u00f3rica, que no hist\u00e9rica como la llama la derecha, cobra sentido y nos reivindica como naci\u00f3n, nos hace un pa\u00eds m\u00e1s digno, menos miserable. S\u00f3lo encuentro una pega: en vez de dejar los retos de Franco a un paso de Madrid, yo lo llevar\u00eda al escenario de una de las \u00faltimas gestas de la milicia espa\u00f1ola: al islote de Perejil, que tanto hizo disfrutar a Federico Trillo (corr\u00eda un vientecillo\u2026). All\u00ed esos restos descansar\u00edan en la paz eterna y los nost\u00e1lgicos tendr\u00edan m\u00e1s dif\u00edcil falsear la memoria.<\/p>\n<p class=\"wp-caption aligncenter\" style=\"text-align: justify;\" data-shortcode=\"caption\"><a href=\"https:\/\/albertogranados.files.wordpress.com\/2019\/10\/imagen-del-blog-la-aventura-de-la-historia.jpg\"><img data-recalc-dims=\"1\" loading=\"lazy\" decoding=\"async\" class=\"size-full wp-image-8254\" src=\"https:\/\/albertogranados.files.wordpress.com\/2019\/10\/imagen-del-blog-la-aventura-de-la-historia.jpg?w=560&#038;h=373&#038;fit=560%2C373&#038;resize=560%2C373\" sizes=\"auto, (max-width: 560px) 100vw, 560px\" srcset=\"https:\/\/albertogranados.files.wordpress.com\/2019\/10\/imagen-del-blog-la-aventura-de-la-historia.jpg?w=560&amp;h=373 560w, https:\/\/albertogranados.files.wordpress.com\/2019\/10\/imagen-del-blog-la-aventura-de-la-historia.jpg?w=150&amp;h=100 150w, https:\/\/albertogranados.files.wordpress.com\/2019\/10\/imagen-del-blog-la-aventura-de-la-historia.jpg?w=300&amp;h=200 300w, https:\/\/albertogranados.files.wordpress.com\/2019\/10\/imagen-del-blog-la-aventura-de-la-historia.jpg 696w\" alt=\"\" width=\"560\" height=\"373\" aria-describedby=\"caption-attachment-8254\" data-attachment-id=\"8254\" data-permalink=\"https:\/\/albertogranados.wordpress.com\/2019\/10\/17\/el-valle-del-franquismo\/imagen-del-blog-la-aventura-de-la-historia\/\" data-orig-file=\"https:\/\/albertogranados.files.wordpress.com\/2019\/10\/imagen-del-blog-la-aventura-de-la-historia.jpg\" data-orig-size=\"696,464\" data-comments-opened=\"1\" data-image-meta=\"{&quot;aperture&quot;:&quot;0&quot;,&quot;credit&quot;:&quot;&quot;,&quot;camera&quot;:&quot;&quot;,&quot;caption&quot;:&quot;&quot;,&quot;created_timestamp&quot;:&quot;0&quot;,&quot;copyright&quot;:&quot;&quot;,&quot;focal_length&quot;:&quot;0&quot;,&quot;iso&quot;:&quot;0&quot;,&quot;shutter_speed&quot;:&quot;0&quot;,&quot;title&quot;:&quot;&quot;,&quot;orientation&quot;:&quot;0&quot;}\" data-image-title=\"Imagen del blog La aventura de la historia\" data-image-description=\"\" data-medium-file=\"https:\/\/albertogranados.files.wordpress.com\/2019\/10\/imagen-del-blog-la-aventura-de-la-historia.jpg?w=300\" data-large-file=\"https:\/\/albertogranados.files.wordpress.com\/2019\/10\/imagen-del-blog-la-aventura-de-la-historia.jpg?w=560\" \/><\/a><\/p>\n<p id=\"caption-attachment-8254\" class=\"wp-caption-text\">Imagen del blog La aventura de la historia<\/p>\n<p style=\"text-align: justify;\">\u00a0\u00a0\u00a0\u00a0\u00a0\u00a0\u00a0 Una \u00faltima advertencia: el abad del Valle tendr\u00e1 toda la autoridad moral que quiera esgrimir sobre su grey, pero los laicos solo reconocemos la autoridad civil, que en este caso es la que emana del gobierno de la naci\u00f3n. Si el mencionado abad se pusiera desafiante, como ha anunciado, las fuerzas del orden tendr\u00edan, inexcusablemente, que detenerlo y los jueces determinar si en su conducta no hay bastante de rebeli\u00f3n. Como ocurre, por ejemplo, con los detenidos del <em>proc\u00e9s<\/em>.<\/p>\n<p style=\"text-align: justify;\">\u00a0\u00a0\u00a0\u00a0\u00a0\u00a0\u00a0 Repito que, sin ser la exhumaci\u00f3n un asunto prioritario para el pa\u00eds, la ca\u00edda del r\u00e9gimen franquista, la ca\u00edda definitiva, pasa por eliminar la exaltaci\u00f3n del tirano. No es un normal en nuestro contexto que tengamos miles de asesinados en cunetas y fosas comunes mientras el culpable de esos asesinatos goza de un lugar de exaltaci\u00f3n de su figura. \u00bfQu\u00e9 pa\u00eds de nuestro entorno permitir\u00eda semejante pantomima? Eliminar el sentido del monumento (para ello, yo tambi\u00e9n exhumar\u00eda a Jos\u00e9 Antonio) nos devolver\u00e1 algo de la decencia democr\u00e1tica que Espa\u00f1a va perdiendo, d\u00eda a d\u00eda, en las instituciones y en la calle.<\/p>\n<p style=\"text-align: justify;\">\u00a0<\/p>\n<p>Alberto Granados<\/p>\n<p>ESCRITO <span class=\"entry-date\"><a title=\"19:43\" href=\"https:\/\/albertogranados.wordpress.com\/2019\/10\/17\/el-valle-del-franquismo\/\" rel=\"bookmark\">17 octubre,\u00a0 <\/a><\/span>2019<\/p>\n<p>FOTO PUBLICADA EN EL CIERRE DIGITAL<\/p>\n<\/div>\n","protected":false},"excerpt":{"rendered":"<p>\u00a0\u00a0\u00a0\u00a0\u00a0\u00a0\u00a0 El fin de la Segunda Guerra Mundial supuso que el mundo occidental rechazara los&#8230;<\/p>\n","protected":false},"author":1,"featured_media":40785,"comment_status":"closed","ping_status":"closed","sticky":false,"template":"","format":"standard","meta":{"_coblocks_attr":"","_coblocks_dimensions":"","_coblocks_responsive_height":"","_coblocks_accordion_ie_support":"","jetpack_post_was_ever_published":false,"_jetpack_newsletter_access":"","_jetpack_dont_email_post_to_subs":false,"_jetpack_newsletter_tier_id":0,"_jetpack_memberships_contains_paywalled_content":false,"_jetpack_memberships_contains_paid_content":false,"footnotes":"","jetpack_publicize_message":"","jetpack_publicize_feature_enabled":true,"jetpack_social_post_already_shared":false,"jetpack_social_options":{"image_generator_settings":{"template":"highway","default_image_id":0,"enabled":false},"version":2}},"categories":[39,1161,44,6937,15],"tags":[146],"class_list":["post-40784","post","type-post","status-publish","format-standard","has-post-thumbnail","hentry","category-opinion-de-alberto-granados","category-ciudadania","category-noticias-de-hoy","category-sociedad","category-ultimas-noticias","tag-franco"],"jetpack_publicize_connections":[],"jetpack_featured_media_url":"https:\/\/i0.wp.com\/miradordeatarfe.es\/wp-content\/uploads\/2020\/06\/7235_valle.jpg?fit=640%2C359&ssl=1","jetpack_likes_enabled":true,"jetpack_sharing_enabled":true,"_links":{"self":[{"href":"https:\/\/miradordeatarfe.es\/index.php?rest_route=\/wp\/v2\/posts\/40784","targetHints":{"allow":["GET"]}}],"collection":[{"href":"https:\/\/miradordeatarfe.es\/index.php?rest_route=\/wp\/v2\/posts"}],"about":[{"href":"https:\/\/miradordeatarfe.es\/index.php?rest_route=\/wp\/v2\/types\/post"}],"author":[{"embeddable":true,"href":"https:\/\/miradordeatarfe.es\/index.php?rest_route=\/wp\/v2\/users\/1"}],"replies":[{"embeddable":true,"href":"https:\/\/miradordeatarfe.es\/index.php?rest_route=%2Fwp%2Fv2%2Fcomments&post=40784"}],"version-history":[{"count":1,"href":"https:\/\/miradordeatarfe.es\/index.php?rest_route=\/wp\/v2\/posts\/40784\/revisions"}],"predecessor-version":[{"id":40786,"href":"https:\/\/miradordeatarfe.es\/index.php?rest_route=\/wp\/v2\/posts\/40784\/revisions\/40786"}],"wp:featuredmedia":[{"embeddable":true,"href":"https:\/\/miradordeatarfe.es\/index.php?rest_route=\/wp\/v2\/media\/40785"}],"wp:attachment":[{"href":"https:\/\/miradordeatarfe.es\/index.php?rest_route=%2Fwp%2Fv2%2Fmedia&parent=40784"}],"wp:term":[{"taxonomy":"category","embeddable":true,"href":"https:\/\/miradordeatarfe.es\/index.php?rest_route=%2Fwp%2Fv2%2Fcategories&post=40784"},{"taxonomy":"post_tag","embeddable":true,"href":"https:\/\/miradordeatarfe.es\/index.php?rest_route=%2Fwp%2Fv2%2Ftags&post=40784"}],"curies":[{"name":"wp","href":"https:\/\/api.w.org\/{rel}","templated":true}]}}