{"id":40816,"date":"2020-06-27T10:45:20","date_gmt":"2020-06-27T08:45:20","guid":{"rendered":"http:\/\/miradordeatarfe.es\/?p=40816"},"modified":"2020-06-27T19:57:06","modified_gmt":"2020-06-27T17:57:06","slug":"miguel-rios-reivindica-la-lucha-de-una-generacion-con-el-blues-de-la-tercera-edad","status":"publish","type":"post","link":"https:\/\/miradordeatarfe.es\/?p=40816","title":{"rendered":"Miguel R\u00edos reivindica la lucha de una generaci\u00f3n con &#8216;El blues de la tercera edad&#8217;"},"content":{"rendered":"<h3 style=\"text-align: justify;\">Es una canci\u00f3n \u00abpor todos aquellos que nacieron a mitad del siglo XX y se curtieron en unos convulsos a\u00f1os y que, con reflexiva nostalgia, reivindica la lucha hasta el final\u00bb<\/h3>\n<p style=\"text-align: justify;\">Miguel R\u00edos ha lanzado este viernes 26 de junio &#8216;El blues de la tercera edad&#8217;, primer &#8216;single&#8217; de lo que ser\u00e1 su nuevo trabajo -que saldr\u00e1 despu\u00e9s de verano- y con el que reivindica \u00abla lucha hasta el final\u00bb tras doce a\u00f1os sin publicar material in\u00e9dito.<\/p>\n<p style=\"text-align: justify;\">Seg\u00fan informa Europa Press, &#8216;El blues de la tercera edad&#8217; es un tema \u00aboptimista y evocador\u00bb. \u00abUna canci\u00f3n por todos aquellos que nacieron a mitad del siglo XX y se curtieron en unos convulsos a\u00f1os y que, con reflexiva nostalgia, reivindica la lucha hasta el final\u00bb, han se\u00f1alado desde su oficina.<\/p>\n<p style=\"text-align: justify;\">Con su letra y a trav\u00e9s de un personaje figurativo como el de Ana, que representa a toda esta generaci\u00f3n, agradece los logros conseguidos \u00aba la vez que baila entre la soledad y los sue\u00f1os por cumplir\u00bb.<\/p>\n<p style=\"text-align: justify;\">La canci\u00f3n, con letra de Miguel R\u00edos y m\u00fasica de Jos\u00e9 Nortes, es el primer adelanto del nuevo trabajo del artista granadino. Fue grabado en Black Betty Studios, con The Black Betty Trio (Jos\u00e9 Nortes a guitarra y coros; Edu Ortega con violines y mandolina; Luis Prado al piano) y Txetxu Altube acompa\u00f1ando la parte coral.<\/p>\n<p style=\"text-align: justify;\">&#8216;El blues de la tercera edad&#8217; llega tambi\u00e9n con videoclip, dirigido y realizado por AfterliVe Films, en el que aparecen Miguel R\u00edos &amp; The Black Betty Trio.<\/p>\n<p style=\"text-align: justify;\">R\u00edos, quien cumpli\u00f3 76 a\u00f1os a primeros de este mes de junio, inicia as\u00ed una nueva etapa junto a su banda, con la que ha grabado el que ser\u00e1 el decimoctavo \u00e1lbum de su extensa carrera.<\/p>\n<p style=\"text-align: justify;\"><iframe loading=\"lazy\" src=\"https:\/\/www.youtube.com\/embed\/Vyvot7PuyNA\" width=\"560\" height=\"315\" frameborder=\"0\" allowfullscreen=\"allowfullscreen\" data-mce-fragment=\"1\"><\/iframe><\/p>\n<div class=\"divdest\"><strong>\u00abEl blues de la tercera edad\u00bb<\/strong><\/p>\n<p>Esc\u00fachalo en tu plataforma preferida: <a href=\"https:\/\/links.altafonte.com\/elbluesde\">https:\/\/links.altafonte.com\/elbluesde<\/a>&#8230;<\/div>\n<p>&nbsp;<\/p>\n<p>FOTO:Miguel R\u00edos, en una imagen del videoclip de &#8216;El blues de la tercera edad&#8217;.<\/p>\n","protected":false},"excerpt":{"rendered":"<p>Es una canci\u00f3n \u00abpor todos aquellos que nacieron a mitad del siglo XX y se&#8230;<\/p>\n","protected":false},"author":1,"featured_media":40860,"comment_status":"closed","ping_status":"closed","sticky":false,"template":"","format":"standard","meta":{"_coblocks_attr":"","_coblocks_dimensions":"","_coblocks_responsive_height":"","_coblocks_accordion_ie_support":"","jetpack_post_was_ever_published":false,"_jetpack_newsletter_access":"","_jetpack_dont_email_post_to_subs":false,"_jetpack_newsletter_tier_id":0,"_jetpack_memberships_contains_paywalled_content":false,"_jetpack_memberships_contains_paid_content":false,"footnotes":"","jetpack_publicize_message":"","jetpack_publicize_feature_enabled":true,"jetpack_social_post_already_shared":false,"jetpack_social_options":{"image_generator_settings":{"template":"highway","default_image_id":0,"enabled":false},"version":2}},"categories":[44,6937,15],"tags":[2531],"class_list":["post-40816","post","type-post","status-publish","format-standard","has-post-thumbnail","hentry","category-noticias-de-hoy","category-sociedad","category-ultimas-noticias","tag-miguel-rios"],"jetpack_publicize_connections":[],"jetpack_featured_media_url":"https:\/\/i0.wp.com\/miradordeatarfe.es\/wp-content\/uploads\/2020\/06\/miguel_rios_ok.jpg?fit=739%2C357&ssl=1","jetpack_likes_enabled":true,"jetpack_sharing_enabled":true,"_links":{"self":[{"href":"https:\/\/miradordeatarfe.es\/index.php?rest_route=\/wp\/v2\/posts\/40816","targetHints":{"allow":["GET"]}}],"collection":[{"href":"https:\/\/miradordeatarfe.es\/index.php?rest_route=\/wp\/v2\/posts"}],"about":[{"href":"https:\/\/miradordeatarfe.es\/index.php?rest_route=\/wp\/v2\/types\/post"}],"author":[{"embeddable":true,"href":"https:\/\/miradordeatarfe.es\/index.php?rest_route=\/wp\/v2\/users\/1"}],"replies":[{"embeddable":true,"href":"https:\/\/miradordeatarfe.es\/index.php?rest_route=%2Fwp%2Fv2%2Fcomments&post=40816"}],"version-history":[{"count":1,"href":"https:\/\/miradordeatarfe.es\/index.php?rest_route=\/wp\/v2\/posts\/40816\/revisions"}],"predecessor-version":[{"id":40817,"href":"https:\/\/miradordeatarfe.es\/index.php?rest_route=\/wp\/v2\/posts\/40816\/revisions\/40817"}],"wp:featuredmedia":[{"embeddable":true,"href":"https:\/\/miradordeatarfe.es\/index.php?rest_route=\/wp\/v2\/media\/40860"}],"wp:attachment":[{"href":"https:\/\/miradordeatarfe.es\/index.php?rest_route=%2Fwp%2Fv2%2Fmedia&parent=40816"}],"wp:term":[{"taxonomy":"category","embeddable":true,"href":"https:\/\/miradordeatarfe.es\/index.php?rest_route=%2Fwp%2Fv2%2Fcategories&post=40816"},{"taxonomy":"post_tag","embeddable":true,"href":"https:\/\/miradordeatarfe.es\/index.php?rest_route=%2Fwp%2Fv2%2Ftags&post=40816"}],"curies":[{"name":"wp","href":"https:\/\/api.w.org\/{rel}","templated":true}]}}