{"id":40824,"date":"2020-06-30T10:48:39","date_gmt":"2020-06-30T08:48:39","guid":{"rendered":"http:\/\/miradordeatarfe.es\/?p=40824"},"modified":"2020-06-28T19:24:25","modified_gmt":"2020-06-28T17:24:25","slug":"las-trincheras-de-los-pueblos-de-moclin-video-de-nuestro-paisano-jorge-rodriguez-puche","status":"publish","type":"post","link":"https:\/\/miradordeatarfe.es\/?p=40824","title":{"rendered":"Las trincheras de los pueblos de Mocl\u00edn video de nuestro paisano Jorge Rodriguez Puche"},"content":{"rendered":"<div class=\"itemIntroText\">\n<h3 style=\"text-align: justify;\">Aprovechando la oportunidad de dar a conocer todas estas fortificaci\u00f3n, el Ayuntamiento de los Pueblos de Mocl\u00edn, ha puesto a disposici\u00f3n del publico de forma gratuita el documental realizado, con la maestr\u00eda de siempre y el esp\u00edritu memorialista de que siempre hace gala, por Jorge Rodr\u00edguez Puche en el que disfrutamos de la voz de Manuel Prados.<\/h3>\n<p style=\"text-align: justify;\">La Guerra Civil espa\u00f1ola tuvo lugar desde el 18 de julio de 1936 hasta el 1 de abril de 1939. Se inicio desde Andalucia y afect\u00f3 en primer lugar a las provincias de esta comunidad. En el avance desde Sevilla hacia el Este, la provincia qued\u00f3 partida en dos muy pronto, la capital cayo el 20 de Julio y un pasillo de comunicaci\u00f3n quedo establecido entre Sevilla y Granada.<\/p>\n<\/div>\n<div class=\"itemFullText\">\n<p style=\"text-align: justify;\">Por un lado se encontraba el bando leal al gobierno republicano, y por otro, el golpista liderado, que ocupar\u00eda una parte de la geograf\u00eda espa\u00f1ola hacia finales de 1936.<\/p>\n<p style=\"text-align: justify;\">El 20 de julio de 1936, la guarnici\u00f3n militar de Granada se suma al levantamiento contra el gobierno. Las tropas sublevadas granadinas, organizaron un cintur\u00f3n defensivo rodeando la capital, quedando Granada y las poblaciones circundantes, como un islote rebelde rodeado por el gobierno republicano. Esto motiv\u00f3 la construcci\u00f3n, por parte de ambos ej\u00e9rcitos, de una red de posiciones defensivas en el per\u00edmetro del territorio ocupado. Las defensas se implantaron en las zonas monta\u00f1osas, ya que eran los lugares m\u00e1s vulnerables. Con ellas se pretend\u00eda detener el avance enemigo y consolidar la ocupaci\u00f3n del territorio.<\/p>\n<p style=\"text-align: justify;\">Tras el levantamiento militar, en julio de 1936, al igual que la provincia granadina, Mocl\u00edn queda dividida en dos, a consecuencia de las l\u00ednea de frente de guerra que discurre por el t\u00e9rmino municipal, dividiendo los pueblos del mismo, quedando en esta situaci\u00f3n hasta el final de la contienda en 1939.<\/p>\n<p style=\"text-align: justify;\">A partir de esta fecha se llevaron a cabo obras de fortificaci\u00f3n en 32 posiciones sobre la l\u00ednea de frente que ocupaba el t\u00e9rmino municipal, mientras que las fuerzas republicanas edificaban igualmente enclaves defensivos estrat\u00e9gicos. La sierra de Limones, acoge nidos de fusileros, ametralladoras y refugios antia\u00e9reos, muy bien conservados.<\/p>\n<p style=\"text-align: justify;\">Aprovechando la oportunidad de dar a conocer todas estas fortificaci\u00f3n, el Ayuntamiento de los Pueblos de Mocl\u00edn, ha puesto a disposici\u00f3n del publico de forma gratuita el documental realizado, con la maestr\u00eda de siempre y el esp\u00edritu memorialista de que siempre hace gala, por Jorge Rodr\u00edguez Puche en el que disfrutamos de la voz de Manuel Prados.<\/p>\n<p style=\"text-align: justify;\">\u201cLa Guerra Civil dej\u00f3 huella en Mocl\u00edn, atravesado de Este a Oeste por las estructuras defensivas de ambos frentes. Y creemos importante que, derivado de toda esta investigaci\u00f3n, tanto Mocl\u00edn como Andaluc\u00eda recuperen parte de su memoria hist\u00f3rica\u201d, explica el concejal de Cultura.<\/p>\n<p style=\"text-align: justify;\">Una magnifica oportunidad de conocer mas a fondo el Municipio de los Pueblos de Mocl\u00edn, la provincia de Granada, la historia reciente de la misma y ser ejemplo de actividad l\u00fadica, deportiva y tur\u00edstica de primer orden a pocos kil\u00f3metros de la ciudad de la Alhambra y un refugio de paz y buena gastronom\u00eda para los visitantes.<\/p>\n<p style=\"text-align: justify;\">Su visi\u00f3n esta disponible en el enlace <a href=\"https:\/\/youtu.be\/2BhI-2KI1PA\">https:\/\/youtu.be\/2BhI-2KI1PA<\/a><\/p>\n<p>Escrito por\u00a0 : Paco Robles est\u00e1 jubilado y se dedica al Partido Socialista y a la Memoria Historica, memorialista, historiador aficionado y buscador de verdades sin ser historiador universitario. Vocal de la Asociacion Granadina para la Recuperacion de la Memoria Historica AGRMH y Secretario CEP de Memoria Historica del PSOE de Granada.<\/p>\n<p>https:\/\/elobrero.es\/cultura\/51936-las-trincheras-de-los-pueblos-de-moclin.html?fbclid=IwAR2n6rol9AjiJpC11F7QQ7UE34rYnNVbApQyrO9mcFitPVPVuR9vDfB0pCg<\/p>\n<\/div>\n","protected":false},"excerpt":{"rendered":"<p>Aprovechando la oportunidad de dar a conocer todas estas fortificaci\u00f3n, el Ayuntamiento de los Pueblos&#8230;<\/p>\n","protected":false},"author":1,"featured_media":40825,"comment_status":"closed","ping_status":"closed","sticky":false,"template":"","format":"standard","meta":{"_coblocks_attr":"","_coblocks_dimensions":"","_coblocks_responsive_height":"","_coblocks_accordion_ie_support":"","jetpack_post_was_ever_published":false,"_jetpack_newsletter_access":"","_jetpack_dont_email_post_to_subs":false,"_jetpack_newsletter_tier_id":0,"_jetpack_memberships_contains_paywalled_content":false,"_jetpack_memberships_contains_paid_content":false,"footnotes":"","jetpack_publicize_message":"","jetpack_publicize_feature_enabled":true,"jetpack_social_post_already_shared":false,"jetpack_social_options":{"image_generator_settings":{"template":"highway","default_image_id":0,"enabled":false},"version":2}},"categories":[44,15],"tags":[7467,3212,7466],"class_list":["post-40824","post","type-post","status-publish","format-standard","has-post-thumbnail","hentry","category-noticias-de-hoy","category-ultimas-noticias","tag-aperos","tag-moclin","tag-trincheras"],"jetpack_publicize_connections":[],"jetpack_featured_media_url":"https:\/\/i0.wp.com\/miradordeatarfe.es\/wp-content\/uploads\/2020\/06\/maxresdefault-1.jpg?fit=1280%2C720&ssl=1","jetpack_likes_enabled":true,"jetpack_sharing_enabled":true,"_links":{"self":[{"href":"https:\/\/miradordeatarfe.es\/index.php?rest_route=\/wp\/v2\/posts\/40824","targetHints":{"allow":["GET"]}}],"collection":[{"href":"https:\/\/miradordeatarfe.es\/index.php?rest_route=\/wp\/v2\/posts"}],"about":[{"href":"https:\/\/miradordeatarfe.es\/index.php?rest_route=\/wp\/v2\/types\/post"}],"author":[{"embeddable":true,"href":"https:\/\/miradordeatarfe.es\/index.php?rest_route=\/wp\/v2\/users\/1"}],"replies":[{"embeddable":true,"href":"https:\/\/miradordeatarfe.es\/index.php?rest_route=%2Fwp%2Fv2%2Fcomments&post=40824"}],"version-history":[{"count":1,"href":"https:\/\/miradordeatarfe.es\/index.php?rest_route=\/wp\/v2\/posts\/40824\/revisions"}],"predecessor-version":[{"id":40826,"href":"https:\/\/miradordeatarfe.es\/index.php?rest_route=\/wp\/v2\/posts\/40824\/revisions\/40826"}],"wp:featuredmedia":[{"embeddable":true,"href":"https:\/\/miradordeatarfe.es\/index.php?rest_route=\/wp\/v2\/media\/40825"}],"wp:attachment":[{"href":"https:\/\/miradordeatarfe.es\/index.php?rest_route=%2Fwp%2Fv2%2Fmedia&parent=40824"}],"wp:term":[{"taxonomy":"category","embeddable":true,"href":"https:\/\/miradordeatarfe.es\/index.php?rest_route=%2Fwp%2Fv2%2Fcategories&post=40824"},{"taxonomy":"post_tag","embeddable":true,"href":"https:\/\/miradordeatarfe.es\/index.php?rest_route=%2Fwp%2Fv2%2Ftags&post=40824"}],"curies":[{"name":"wp","href":"https:\/\/api.w.org\/{rel}","templated":true}]}}