{"id":40827,"date":"2020-07-01T08:03:14","date_gmt":"2020-07-01T06:03:14","guid":{"rendered":"http:\/\/miradordeatarfe.es\/?p=40827"},"modified":"2020-06-28T17:28:08","modified_gmt":"2020-06-28T15:28:08","slug":"la-sostenibilidad-llega-a-casa-materiales-tecnicas-y-energias-para-el-hogar-que-salvara-el-planeta","status":"publish","type":"post","link":"https:\/\/miradordeatarfe.es\/?p=40827","title":{"rendered":"La sostenibilidad llega a casa: materiales, t\u00e9cnicas y energ\u00edas para el hogar que salvar\u00e1 el planeta"},"content":{"rendered":"<h3 class=\"articulo-subtitulo\" style=\"text-align: justify;\">Nuevos materiales y t\u00e9cnicas de construcci\u00f3n, autosuficiencia energ\u00e9tica, redes inteligentes para compartir electricidad ente vecinos&#8230; La tecnolog\u00eda ofrece las soluciones; los ritmos econ\u00f3micos y regulatorios ralentizan el avance<\/h3>\n<p style=\"text-align: justify;\">La eficiencia energ\u00e9tica en los edificios parece la letra peque\u00f1a del acuerdo social contra el cambio clim\u00e1tico. Y es clave, por mucho que apenas se la tenga en cuenta.<\/p>\n<p style=\"text-align: justify;\">Mientras las emisiones de veh\u00edculos y aviones centran la atenci\u00f3n de los ciudadanos, hasta el 40% del consumo energ\u00e9tico final en la Uni\u00f3n Europea corresponde a los edificios, seg\u00fan la Comisi\u00f3n. Una factura que se puede reducir con inmuebles m\u00e1s eficientes, tanto en sus materiales como en el propio m\u00e9todo de construcci\u00f3n.<\/p>\n<p style=\"text-align: justify;\">No se trata exclusivamente de los edificios inteligentes, un concepto que se ha convertido casi en un lugar com\u00fan. El desaf\u00edo est\u00e1 en la construcci\u00f3n de nuevos inmuebles con m\u00e9todos m\u00e1s sostenibles, que tengan en cuenta la reutilizaci\u00f3n y reciclaje de sus materiales cuando termine su vida \u00fatil y que sean imbatibles en su aislamiento t\u00e9rmico.<\/p>\n<div id=\"_wmass_778\" style=\"text-align: justify;\"><img data-recalc-dims=\"1\" loading=\"lazy\" decoding=\"async\" class=\"aligncenter\" src=\"https:\/\/i0.wp.com\/rt00.epimg.net\/retina\/imagenes\/2020\/06\/26\/innovacion\/1593173046_600202_1593173727_sumario_normal.jpg?resize=360%2C240&#038;ssl=1\" srcset=\"   \/\/rt00.epimg.net\/retina\/imagenes\/2020\/06\/26\/innovacion\/1593173046_600202_1593173727_sumario_normal_recorte1.jpg 720w  , \/\/rt00.epimg.net\/retina\/imagenes\/2020\/06\/26\/innovacion\/1593173046_600202_1593173727_sumario_normal.jpg 360w\" alt=\"Edificio Bosco, en Mil\u00e1n, en cuyas fachadas est\u00e1n representadas m\u00e1s de 2.000 especies vegetales diferentes.\" width=\"360\" height=\"240\" \/><\/div>\n<div style=\"text-align: justify;\"><span class=\"foto-texto\">Edificio Bosco, en Mil\u00e1n, en cuyas fachadas est\u00e1n representadas m\u00e1s de 2.000 especies vegetales diferentes. <span class=\"foto-firma\"><span class=\"foto-autor\">ALAMY<\/span> <\/span><\/span><\/div>\n<section id=\"sumario_1|foto\" class=\"sumario_foto derecha\">\n<div class=\"sumario__interior\">\n<div class=\"sumario-texto\">\u00a0<\/div>\n<\/div>\n<\/section>\n<p style=\"text-align: justify;\">Son los mismos principios que deben aplicarse a la rehabilitaci\u00f3n residencial. Seg\u00fan el \u00faltimo censo de poblaci\u00f3n y viviendas del INE, de 2011, en Espa\u00f1a el 57% de los inmuebles se levant\u00f3 antes de 1980, y los primeros requisitos legales m\u00ednimos de eficiencia en la construcci\u00f3n llegaron con un real decreto de finales de 1979. Gran parte de los hogares est\u00e1 muy lejos de los est\u00e1ndares actuales, como si los coches emitiesen las mismas part\u00edculas contaminantes que hace 40 a\u00f1os o se fumase en el metro y en los aviones. \u201cLa oportunidad est\u00e1 en la rehabilitaci\u00f3n, especialmente en todo lo relacionado con el aislamiento t\u00e9rmico. Es una herramienta contra la pobreza energ\u00e9tica\u201d, afirma Mar\u00eda Prado, responsable de Transici\u00f3n Energ\u00e9tica de Greenpeace. Espa\u00f1a arrastra los pecados en la construcci\u00f3n del desarrollismo franquista, de la misma forma que lo que se edifica ahora marcar\u00e1 el futuro: se calcula que el 80% de los edificios de 2050 ya est\u00e1 en pie en la actualidad.<\/p>\n<p style=\"text-align: justify;\">No es estrictamente una cuesti\u00f3n de alta tecnolog\u00eda. \u201c\u00bfPor qu\u00e9 una iglesia est\u00e1 fresca en verano?\u201d, se pregunta ret\u00f3ricamente Joan Groizard. El director general del Instituto para el Ahorro y la Diversificaci\u00f3n Energ\u00e9tica (IDAE), dependiente del Ministerio para la Transici\u00f3n Ecol\u00f3gica, pone as\u00ed en contexto la importancia del <em>software<\/em>, los sensores o la dom\u00f3tica en la eficiencia de los edificios. \u201cSoluciones como el Internet de las cosas y el <em>big data<\/em> van a ser el futuro para los hogares, pero no son el presente\u201d, considera Miguel Aguado, director de la consultora ambiental B Leaf. \u201cLa clave est\u00e1 en la envolvente de los edificios\u201d, explica, es decir, su piel, sus puntos de contacto con el exterior, que determinan su aislamiento. Para mejorarla, se innova con los m\u00e9todos de construcci\u00f3n y con los materiales. Tanto que ya hay que olvidarse de utilizar la palabra ladrillo como sin\u00f3nimo del sector.<\/p>\n<section id=\"sumario_4|despiece\" class=\"sumario_despiece centro\">\n<div class=\"sumario__interior\">\n<header class=\"sumario-encabezado\">\n<h4 class=\"sumario-titulo\"><span class=\"sin_enlace\">Glosario<\/span><\/h4>\n<\/header>\n<div class=\"sumario-texto\">\n<p><strong>CTE<\/strong>. C\u00f3digo T\u00e9cnico de Edificaci\u00f3n. La norma que marca en Espa\u00f1a los requisitos m\u00ednimos que debe cumplir la construcci\u00f3n de los edificios, lo que incluye el consumo de energ\u00eda y los m\u00ednimos exigibles en t\u00e9rminos de sostenibilidad. Su primera edici\u00f3n es de 2006 y en diciembre de 2019 se actualiz\u00f3 con nuevas exigencias.<\/p>\n<p><strong>Cubierta verde.<\/strong> Cubierta de un edificio con un acabado vegetal concebida para obtener beneficios ambientales. Aumenta el aislamiento t\u00e9rmico y reduce la contaminaci\u00f3n sonora.<\/p>\n<p><strong>Edificios neutros.<\/strong> Un edificio que produce suficiente energ\u00eda renovable como para satisfacer su propio consumo. Tambi\u00e9n llamados edificios de energ\u00eda cero. La UE maneja m\u00e1s un concepto parecido, nZEB (por <em>nearly Zero Energy Building<\/em>), edificios eficientes pero no autosuficientes.<\/p>\n<p><strong>Envolvente.<\/strong> La envolvente es al edificio lo que la piel al ser humano: su capa externa. Est\u00e1 compuesta por la cubierta, las ventanas y la fachada, y protege ac\u00fastica y t\u00e9rmicamente a los usuarios y habitantes del edificio.<\/p>\n<p><strong>Fachada inteligente.<\/strong> Son aquellas capaces de reaccionar a los cambios en las condiciones externas del edificio. Por ejemplo, incorporando sistemas integrados de producci\u00f3n de energ\u00eda fotovoltaica o utilizando las inercias t\u00e9rmicas de los materiales, la orientaci\u00f3n, la exposici\u00f3n al sol, etc\u00e9tera.<\/p>\n<p><strong>Puente t\u00e9rmico.<\/strong> Es la zona de la envolvente del edificio donde se pueden producir p\u00e9rdidas de calor. Son un problema para la eficiencia energ\u00e9tica y se localizan donde se encuentran distintos materiales o elementos, como el metal de la ventana y el muro de la pared.<\/p>\n<p><strong> Tejas solares.<\/strong> Son una vuelta de tuerca al uso de paneles fotovoltaicos en el hogar, y, tal vez, sus sustitutos a medio plazo. Se camuflan en los tejados como tejas tradicionales, sin impacto est\u00e9tico.<\/p>\n<p><strong>Ventanas inteligentes.<\/strong> Ventanas cuyos vidrios reaccionan a la luz y al calor, adaptando su nivel de transparencia mediante reacciones qu\u00edmicas y f\u00edsicas y mejorando as\u00ed la eficiencia energ\u00e9tica del edificio.<\/p>\n<\/div>\n<\/div>\n<\/section>\n<p style=\"text-align: justify;\"><strong>Todo esto era cemento<\/strong><\/p>\n<p style=\"text-align: justify;\">Tejas fotovoltaicas, biopl\u00e1sticos, paneles de fibras de origen vegetal, resinas y materiales autorreparables mediante bacterias\u2026 Las alternativas al hormig\u00f3n y los metales, principales responsables de las emisiones de la construcci\u00f3n, ya son una realidad. Y cada vez hay m\u00e1s sin necesidad de irse muy lejos. Por ejemplo, la empresa de origen valenciano Hyperin ha desarrollado a partir de la paja de arroz un nuevo material, cuyo fuerte es su capacidad de aislamiento t\u00e9rmico y ac\u00fastico. Su creadora, la ingeniera qu\u00edmica Ana Blasco, explica que todo naci\u00f3 cuando investigaba materiales alternativos para los <em>ninots<\/em> de las fallas, cuya quema es contaminante.<\/p>\n<p style=\"text-align: justify;\">La cuesti\u00f3n no es por tanto si existen los nuevos materiales, sino si se generalizar\u00e1n. \u201cHay que seguir investigando. Este tipo de alternativas funcionan en viviendas unifamiliares, pero te planteas si son v\u00e1lidas para un edificio de diez plantas\u201d, afirma Olatz Pombo, doctora en Arquitectura y consultora en sostenibilidad. Los espa\u00f1oles viven en vertical: salvo Letonia, no hay otro pa\u00eds de la UE con mayor porcentaje de poblaci\u00f3n habitando en pisos, un 66,1%, seg\u00fan Eurostat.<\/p>\n<section id=\"sumario_2|foto\" class=\"sumario_foto centro\"><a name=\"sumario_2\"><\/a><\/p>\n<div class=\"sumario__interior\">\n<figure class=\"foto foto_w980\"><img data-recalc-dims=\"1\" loading=\"lazy\" decoding=\"async\" src=\"https:\/\/i0.wp.com\/rt00.epimg.net\/retina\/imagenes\/2020\/06\/26\/innovacion\/1593173046_600202_1593174129_sumario_normal.jpg?resize=640%2C426&#038;ssl=1\" srcset=\"      \/\/rt00.epimg.net\/retina\/imagenes\/2020\/06\/26\/innovacion\/1593173046_600202_1593174129_sumario_normal_recorte1.jpg 1960w,   \/\/rt00.epimg.net\/retina\/imagenes\/2020\/06\/26\/innovacion\/1593173046_600202_1593174129_sumario_normal_recorte2.jpg 720w  , \/\/rt00.epimg.net\/retina\/imagenes\/2020\/06\/26\/innovacion\/1593173046_600202_1593174129_sumario_normal.jpg 980w\" alt=\"Detalle de los techos verdes del European Solidarity Center, en Gdansk (Polonia).\" width=\"640\" height=\"426\" \/><figcaption class=\"foto-pie\"><span class=\"foto-texto\">Detalle de los techos verdes del European Solidarity Center, en Gdansk (Polonia). <span class=\"foto-firma\"><span class=\"foto-autor\">Getty Images<\/span> <\/span><\/span><\/figcaption><\/figure>\n<\/div>\n<\/section>\n<p style=\"text-align: justify;\">La generalizaci\u00f3n de los nuevos materiales no es solo una cuesti\u00f3n de tipolog\u00eda del edificio. Lo que investiga el cient\u00edfico en el laboratorio tiene que aplicarlo un obrero en el tajo. \u201cNo basta con crear nuevos y fant\u00e1sticos materiales del siglo XXII si los m\u00e9todos de aplicaci\u00f3n y sus aplicadores cuentan con tecnolog\u00eda, formaci\u00f3n y sueldos del XIX, al contrario de lo que sucede en pa\u00edses del norte de Europa\u201d, explica C\u00e9sar Garc\u00eda, arquitecto director del estudio Fu\u0308ndc.<\/p>\n<p style=\"text-align: justify;\"><strong>\u00bfCuesti\u00f3n de m\u00e9todo?<\/strong><\/p>\n<p style=\"text-align: justify;\">M\u00e1s all\u00e1 de los materiales, la otra gran alternativa verde para la construcci\u00f3n es cambiar su m\u00e9todo de trabajo, la llamada construcci\u00f3n industrializada u <em>off site<\/em>. Se trata de levantar un edificio como se fabrica un coche: ensamblando, en este caso, paneles prefabricados, lo que, frente a los m\u00e9todos tradicionales, permite m\u00e1s rapidez, genera menos residuos y reduce los m\u00e1rgenes de error en la envolvente a mil\u00edmetros, mejorando la eficiencia energ\u00e9tica. Otra diferencia fundamental es que se trata de construcci\u00f3n en seco, sin agua. \u201cCuanta menos agua se utiliza en la construcci\u00f3n de un edificio, m\u00e1s moderno es\u201d, dice Jos\u00e9 Mar\u00eda Gonz\u00e1lez Romojaro, director t\u00e9cnico de la promotora Aedas. \u201cEste m\u00e9todo de construcci\u00f3n funciona muy bien en edificios log\u00edsticos, porque son muy modulares y as\u00ed se construyen muy r\u00e1pido. En residenciales puede limitarte el dise\u00f1o\u201d, opina Pombo.<\/p>\n<p style=\"text-align: justify;\">El ejecutivo de Aedas, una promotora inmobiliaria que ha hecho de la construcci\u00f3n industrializada una de sus se\u00f1as de identidad, destaca que la fijaci\u00f3n mec\u00e1nica de los paneles que se emplea en este sistema ofrece, adem\u00e1s del mejor aislamiento, una gran ventaja adicional frente a la simple adherencia de los ladrillos: permite el desmontaje y la demolici\u00f3n selectivos, para la reutilizaci\u00f3n y el reciclaje de los componentes. \u201cCuando hace cinco a\u00f1os trabajaba en mi tesis sobre el ciclo de vida de un edificio, desde la construcci\u00f3n hasta la demolici\u00f3n, mis propios compa\u00f1eros arquitectos me miraban como un bicho raro\u201d, recuerda Pombo. Ahora detecta un mayor inter\u00e9s, pero cree que a\u00fan queda mucho camino por recorrer, y no se avanzar\u00e1 de verdad hasta que se establezcan obligaciones regulatorias. \u201cEn este sector hay muchas empresas, y tenemos que estar todos en la misma l\u00ednea. La \u00fanica v\u00eda es la regulaci\u00f3n\u201d, coincide Romojaro. \u201cHay que ir mucho m\u00e1s r\u00e1pido\u201d, pide Prado, de Greenpeace: \u201cAhora que tanto se habla de reconstruir tras el coronavirus, a ver si de verdad los pol\u00edticos se atreven a apostar por algo m\u00e1s que por el cemento\u201d.<\/p>\n<div class=\"firma\"><span class=\"firma-texto\">Por<\/span><\/p>\n<div class=\"autor\">\n<div class=\"autor-texto\"><span class=\"autor-nombre\"> <a title=\"Ver todas las noticias de Tom\u00e1s L\u00f3pez Morales\" href=\"https:\/\/retina.elpais.com\/autor\/tomas_lopez_morales\/a\/\"> Tom\u00e1s L\u00f3pez Morales <\/a> <\/span><\/div>\n<\/div>\n<div class=\"autor\">\n<div class=\"autor-texto\"><span class=\"autor-nombre\"> <a title=\"Ver todas las noticias de Olivia L Bueno (v\u00eddeo)\" href=\"https:\/\/retina.elpais.com\/autor\/olivia_lopez_bueno\/a\/\"> Olivia L Bueno (v\u00eddeo) <\/a> <\/span><\/div>\n<\/div>\n<\/div>\n<p>https:\/\/retina.elpais.com\/retina\/2020\/06\/26\/innovacion\/1593173046_600202.html<\/p>\n","protected":false},"excerpt":{"rendered":"<p>Nuevos materiales y t\u00e9cnicas de construcci\u00f3n, autosuficiencia energ\u00e9tica, redes inteligentes para compartir electricidad ente vecinos&#8230;&#8230;<\/p>\n","protected":false},"author":1,"featured_media":40828,"comment_status":"closed","ping_status":"closed","sticky":false,"template":"","format":"standard","meta":{"_coblocks_attr":"","_coblocks_dimensions":"","_coblocks_responsive_height":"","_coblocks_accordion_ie_support":"","jetpack_post_was_ever_published":false,"_jetpack_newsletter_access":"","_jetpack_dont_email_post_to_subs":false,"_jetpack_newsletter_tier_id":0,"_jetpack_memberships_contains_paywalled_content":false,"_jetpack_memberships_contains_paid_content":false,"footnotes":"","jetpack_publicize_message":"","jetpack_publicize_feature_enabled":true,"jetpack_social_post_already_shared":false,"jetpack_social_options":{"image_generator_settings":{"template":"highway","default_image_id":0,"enabled":false},"version":2}},"categories":[1161,9,44,15,10],"tags":[4322,1465,7468],"class_list":["post-40827","post","type-post","status-publish","format-standard","has-post-thumbnail","hentry","category-ciudadania","category-medio-ambiente","category-noticias-de-hoy","category-ultimas-noticias","category-salud","tag-edificios","tag-naturaleza","tag-verde"],"jetpack_publicize_connections":[],"jetpack_featured_media_url":"https:\/\/i0.wp.com\/miradordeatarfe.es\/wp-content\/uploads\/2020\/06\/cubierta-ajardinada-preciosa.jpg?fit=640%2C457&ssl=1","jetpack_likes_enabled":true,"jetpack_sharing_enabled":true,"_links":{"self":[{"href":"https:\/\/miradordeatarfe.es\/index.php?rest_route=\/wp\/v2\/posts\/40827","targetHints":{"allow":["GET"]}}],"collection":[{"href":"https:\/\/miradordeatarfe.es\/index.php?rest_route=\/wp\/v2\/posts"}],"about":[{"href":"https:\/\/miradordeatarfe.es\/index.php?rest_route=\/wp\/v2\/types\/post"}],"author":[{"embeddable":true,"href":"https:\/\/miradordeatarfe.es\/index.php?rest_route=\/wp\/v2\/users\/1"}],"replies":[{"embeddable":true,"href":"https:\/\/miradordeatarfe.es\/index.php?rest_route=%2Fwp%2Fv2%2Fcomments&post=40827"}],"version-history":[{"count":1,"href":"https:\/\/miradordeatarfe.es\/index.php?rest_route=\/wp\/v2\/posts\/40827\/revisions"}],"predecessor-version":[{"id":40829,"href":"https:\/\/miradordeatarfe.es\/index.php?rest_route=\/wp\/v2\/posts\/40827\/revisions\/40829"}],"wp:featuredmedia":[{"embeddable":true,"href":"https:\/\/miradordeatarfe.es\/index.php?rest_route=\/wp\/v2\/media\/40828"}],"wp:attachment":[{"href":"https:\/\/miradordeatarfe.es\/index.php?rest_route=%2Fwp%2Fv2%2Fmedia&parent=40827"}],"wp:term":[{"taxonomy":"category","embeddable":true,"href":"https:\/\/miradordeatarfe.es\/index.php?rest_route=%2Fwp%2Fv2%2Fcategories&post=40827"},{"taxonomy":"post_tag","embeddable":true,"href":"https:\/\/miradordeatarfe.es\/index.php?rest_route=%2Fwp%2Fv2%2Ftags&post=40827"}],"curies":[{"name":"wp","href":"https:\/\/api.w.org\/{rel}","templated":true}]}}