{"id":40839,"date":"2020-06-29T11:10:35","date_gmt":"2020-06-29T09:10:35","guid":{"rendered":"http:\/\/miradordeatarfe.es\/?p=40839"},"modified":"2020-06-27T19:15:32","modified_gmt":"2020-06-27T17:15:32","slug":"salvar-los-libros-por-remedios-sanchez","status":"publish","type":"post","link":"https:\/\/miradordeatarfe.es\/?p=40839","title":{"rendered":"\u00abSALVAR LOS LIBROS\u00bb  por Remedios S\u00e1nchez"},"content":{"rendered":"<h3 align=\"JUSTIFY\"><span style=\"font-family: Times New Roman, serif;\"><span style=\"font-size: medium;\"><span lang=\"es-ES\">S\u00f3lo el silencio de la tarde desnuda y libros; libros, que son la piel de las palabras, una verdad calmada que acompa\u00f1a y serena los d\u00edas o los embarca en un viaje, en un sue\u00f1o, en un juego o en una sorpresa, tanto da. <\/span><\/span><\/span><\/h3>\n<p align=\"JUSTIFY\"><span style=\"font-family: Times New Roman, serif;\"><span style=\"font-size: medium;\"><span lang=\"es-ES\">Libros, libros como espigas que crecen y alimentan, escrib\u00ed no hace mucho; esos libros, me cuentan mis amigos libreros, est\u00e1n en las estanter\u00edas, esperando las visitas que no llegan como debieran, el calor de unas manos c\u00f3mplices que los acojan, como el que alberga un secreto compartido. Y, mientras, las circunstancias sanitarias obligan a cancelar en Granada nuestra Feria del Libro, que ser\u00e1 seguramente uno de las decisiones m\u00e1s amargas que haya tenido que tomar su director, Nani Casta\u00f1eda, pero que le honra precisamente por la responsabilidad que revela. Para defender al sector hay que tener coraje y valent\u00eda, saber hasta d\u00f3nde se puede llegar como gestor cultural para evitar la imprudencia negligente.<\/span><\/span><\/span><\/p>\n<p align=\"JUSTIFY\"><span style=\"font-family: Times New Roman, serif;\"><span style=\"font-size: medium;\"><span lang=\"es-ES\">Por eso, ahora, nosotros, los lectores debemos responder al sacrificio que supone no tener feria buscando esos ejemplares que nos esperan en nuestras librer\u00edas de siempre, esas que son una suerte de hogar m\u00e1gico donde las historias cobran vida solamente sumergiendo la mirada en las portadas de las obras. Porque todos estamos en un proceso de permanente aprendizaje, de constante educaci\u00f3n de la mirada, una vez que nos han ense\u00f1ado que ver es mirar con atenci\u00f3n. El libro no puede ser un producto de consumo m\u00e1s; es un bien de primera necesidad que nutre el esp\u00edritu para hacerlo m\u00e1s tolerante, m\u00e1s libre y m\u00e1s comprometido. Dec\u00eda Bradbury que no hace falta quemar libros una vez que el mundo empieza a llenarse de gente que no lee, que no aprende o que no sabe. Cada vez que se cierra una casa de libros (en Granada, en las \u00faltimas d\u00e9cadas, muchas: Al-Andalus, Urbano, Teorema, Atl\u00e1ntida, Continental, Nueva Gala, entre otras) se rompe inevitablemente un lazo invisible con el pasado de lo que fuimos y con el futuro de lo que pudimos llegar a ser. Y eso empieza a evidenciarse cada vez m\u00e1s revelando que, como docentes, no hemos sido capaces de transmitir la emoci\u00f3n de un poema, la libertad de una novela, la verdad \u00e1gil del teatro o la hondura del ensayo a estas nuevas generaciones. Luego, claro, nos escandalizamos cuando vemos c\u00f3mo la estulticia campa por nuestros respetos sin que podamos evitarlo. Basta poner la televisi\u00f3n para constatarlo; pero eso tiene cura y la cura es leer, descubrir que hay mundo m\u00e1s all\u00e1 de \u201cS\u00e1lvame\u201d o de \u201cHombres, mujeres y viceversa\u201d. Las librer\u00edas no pueden convertirse en cementerios de libros olvidados, parafraseando el tristemente desaparecido Ruiz Zaf\u00f3n. La comunidad de los que las amamos porque hemos descubierto el misterio que custodian tenemos que tomarnos en serio la crisis del sector y recuperar urgentemente la sana costumbre de comprar, de habitar sus espacios con sosiego buscando esa obra que, a\u00fan sin saberlo, necesitamos imperiosamente para serenar la vida, ese libro que es luz y esperanza en este tiempo de penumbra.<\/span><\/span><\/span><\/p>\n","protected":false},"excerpt":{"rendered":"<p>S\u00f3lo el silencio de la tarde desnuda y libros; libros, que son la piel de&#8230;<\/p>\n","protected":false},"author":1,"featured_media":40840,"comment_status":"closed","ping_status":"closed","sticky":false,"template":"","format":"standard","meta":{"_coblocks_attr":"","_coblocks_dimensions":"","_coblocks_responsive_height":"","_coblocks_accordion_ie_support":"","jetpack_post_was_ever_published":false,"_jetpack_newsletter_access":"","_jetpack_dont_email_post_to_subs":false,"_jetpack_newsletter_tier_id":0,"_jetpack_memberships_contains_paywalled_content":false,"_jetpack_memberships_contains_paid_content":false,"footnotes":"","jetpack_publicize_message":"","jetpack_publicize_feature_enabled":true,"jetpack_social_post_already_shared":false,"jetpack_social_options":{"image_generator_settings":{"template":"highway","default_image_id":0,"enabled":false},"version":2}},"categories":[1161,44,6937,15],"tags":[7470,459],"class_list":["post-40839","post","type-post","status-publish","format-standard","has-post-thumbnail","hentry","category-ciudadania","category-noticias-de-hoy","category-sociedad","category-ultimas-noticias","tag-lectores","tag-libros"],"jetpack_publicize_connections":[],"jetpack_featured_media_url":"https:\/\/i0.wp.com\/miradordeatarfe.es\/wp-content\/uploads\/2020\/06\/450_1000.jpg?fit=450%2C235&ssl=1","jetpack_likes_enabled":true,"jetpack_sharing_enabled":true,"_links":{"self":[{"href":"https:\/\/miradordeatarfe.es\/index.php?rest_route=\/wp\/v2\/posts\/40839","targetHints":{"allow":["GET"]}}],"collection":[{"href":"https:\/\/miradordeatarfe.es\/index.php?rest_route=\/wp\/v2\/posts"}],"about":[{"href":"https:\/\/miradordeatarfe.es\/index.php?rest_route=\/wp\/v2\/types\/post"}],"author":[{"embeddable":true,"href":"https:\/\/miradordeatarfe.es\/index.php?rest_route=\/wp\/v2\/users\/1"}],"replies":[{"embeddable":true,"href":"https:\/\/miradordeatarfe.es\/index.php?rest_route=%2Fwp%2Fv2%2Fcomments&post=40839"}],"version-history":[{"count":1,"href":"https:\/\/miradordeatarfe.es\/index.php?rest_route=\/wp\/v2\/posts\/40839\/revisions"}],"predecessor-version":[{"id":40841,"href":"https:\/\/miradordeatarfe.es\/index.php?rest_route=\/wp\/v2\/posts\/40839\/revisions\/40841"}],"wp:featuredmedia":[{"embeddable":true,"href":"https:\/\/miradordeatarfe.es\/index.php?rest_route=\/wp\/v2\/media\/40840"}],"wp:attachment":[{"href":"https:\/\/miradordeatarfe.es\/index.php?rest_route=%2Fwp%2Fv2%2Fmedia&parent=40839"}],"wp:term":[{"taxonomy":"category","embeddable":true,"href":"https:\/\/miradordeatarfe.es\/index.php?rest_route=%2Fwp%2Fv2%2Fcategories&post=40839"},{"taxonomy":"post_tag","embeddable":true,"href":"https:\/\/miradordeatarfe.es\/index.php?rest_route=%2Fwp%2Fv2%2Ftags&post=40839"}],"curies":[{"name":"wp","href":"https:\/\/api.w.org\/{rel}","templated":true}]}}