{"id":40847,"date":"2020-06-29T09:00:38","date_gmt":"2020-06-29T07:00:38","guid":{"rendered":"http:\/\/miradordeatarfe.es\/?p=40847"},"modified":"2020-06-28T19:24:40","modified_gmt":"2020-06-28T17:24:40","slug":"la-derecha-esta-dando-un-golpe-de-estado-blando","status":"publish","type":"post","link":"https:\/\/miradordeatarfe.es\/?p=40847","title":{"rendered":"La derecha est\u00e1 dando un golpe de estado blando"},"content":{"rendered":"<div class=\"content-body\">\n<div class=\"body \">\n<h3 style=\"text-align: justify;\">Ni siquiera la pandemia ha sido \u00f3bice natural para que la derecha carpetovet\u00f3nica espa\u00f1ola -no ha habido otra en siglos sobre el solar ib\u00e9rico, tan esquilmado por sus malos pastores de horca y cuchillo-, haya refrenado su impulso a la violencia verbal, la crispaci\u00f3n, la descalificaci\u00f3n injuriosa y la mentira burda y bufa como instrumentos espurios de presencia dial\u00e9ctica en la vida p\u00fablica.<\/h3>\n<p style=\"text-align: justify;\">En esta estrategia conjunta del <strong>PP<\/strong> y <strong>VOX<\/strong>, es dif\u00edcil distinguir qui\u00e9n es el mu\u00f1eco y qui\u00e9n el ventr\u00edlocuo como en un <em>remake<\/em> del famoso film <em>Dead of night<\/em>, podemos escuchar cosas terribles sobre el gobierno constitucional que dirige el pa\u00eds, como que es un ejecutivo ileg\u00edtimo y criminal (sic), totalitario (sic) o incluso benefactor de terroristas. El calibre de las acusaciones es tan grueso y gratuito en la obsesiva intenci\u00f3n de que cale la adjetivaci\u00f3n del gobierno <strong>PSOE-UP<\/strong> como ileg\u00edtimo y transgresor de la ley, que est\u00e1 claro que se est\u00e1 dando en Espa\u00f1a por la derecha recalcitrante un golpe de Estado de los que <strong>Gene Sharp<\/strong>\u00a0denomino \u201cgolpe blando.\u201d Con este calificativo el polit\u00f3logo estadounidense quer\u00eda nombrar a un conjunto de t\u00e9cnicas conspirativas no frontales y principalmente no violentas <em>manu militari<\/em>, con el fin de desestabilizar a un gobierno y causar su ca\u00edda, sin que parezca que ha sido consecuencia de la acci\u00f3n de otro poder.<\/p>\n<p style=\"text-align: justify;\">Que estamos viviendo un golpe de Estado se comprueba en las fases secuenciales de la estrategia de la derecha, como el mismo Sharp indica, se trata de combatir con armas psicol\u00f3gicas, sociales, econ\u00f3micas y pol\u00edticas a gobiernos \u201cinc\u00f3modos.\u201d La metodolog\u00eda se sustancia en la siguiente gradaci\u00f3n: deslegitimaci\u00f3n, debilitamiento, calentamiento en la calle y fractura institucional. Se trata, adem\u00e1s de convertir al adversario pol\u00edtico en un criminal que es cuando el golpe de Estado blando se relaciona con el llamado\u00a0<em>lawfare &#8211;<\/em>guerra jur\u00eddica o guerra judicial-, cuando la desestabilizaci\u00f3n o derrocamiento del gobierno se realiza mediante mecanismos aparentemente legales, pero cuya intenci\u00f3n es que el contrincante pol\u00edtico, mediante la judicializaci\u00f3n de la pol\u00edtica, se convierta en delincuente.<\/p>\n<p style=\"text-align: justify;\">El proceso golpista consiste en la venezuelizaci\u00f3n de <strong>Espa\u00f1a<\/strong>. Es inevitable pensar en los paralelismos existentes entre las formas de protesta de las \u00e9lites espa\u00f1olas y las \u00e9lites venezolanas, sus gritos de \u201c\u00a1libertad!\u201d o sus denuncias de \u201c\u00a1dictadura!\u201d resonando en las calles de <strong>Caracas<\/strong> o <strong>Madrid.<\/strong><\/p>\n<p style=\"text-align: justify;\">Todo ello para consolidar una sociedad cerrada, que lo es porque disciplina e integra todas las dimensiones de la existencia, privada y p\u00fablica. El demos, la ciudadan\u00eda, se queda sin voz, sin universalidad, ante los que defienden sus propios intereses y privilegios en contra de la calidad democr\u00e1tica, la justicia, los derechos c\u00edvicos y las libertades p\u00fablicas que se abisman hasta la extenuaci\u00f3n en un <strong>Estado<\/strong> m\u00ednimo donde la desigualdad y los desequilibrios sociales son elementos cotidianos. Una estructura discursiva que impregna la sociedad de una perversa metaf\u00edsica en la que el individuo se convierte en prisionero de las calculadas ambig\u00fcedades que le proclaman el centro del orden social en una sociedad de masas al tiempo que anulan su voluntad mediante la propaganda y la despolitizaci\u00f3n. Como se\u00f1alaba <strong>Pierre Rosanvallon<\/strong> ser representado no es s\u00f3lo votar y elegir un representante, es ver nuestros intereses y nuestros problemas p\u00fablicamente, nuestras realidades vitales expuestas y reconocidas.<\/p>\n<\/div>\n<\/div>\n<p><a title=\"juan-antonio-molina\" href=\"https:\/\/www.nuevatribuna.es\/opinion\/autor\/545\/juan-antonio-molina\">Juan Antonio Molina<\/a><\/p>\n<p>https:\/\/www.nuevatribuna.es\/opinion\/juan-antonio-molina\/derecha-dando-golpe-estado-blando\/20200622132240176370.html<\/p>\n<p>&nbsp;<\/p>\n<h1 class=\"title text-center\">\u00a0<\/h1>\n","protected":false},"excerpt":{"rendered":"<p>Ni siquiera la pandemia ha sido \u00f3bice natural para que la derecha carpetovet\u00f3nica espa\u00f1ola -no&#8230;<\/p>\n","protected":false},"author":1,"featured_media":40848,"comment_status":"closed","ping_status":"closed","sticky":false,"template":"","format":"standard","meta":{"_coblocks_attr":"","_coblocks_dimensions":"","_coblocks_responsive_height":"","_coblocks_accordion_ie_support":"","jetpack_post_was_ever_published":false,"_jetpack_newsletter_access":"","_jetpack_dont_email_post_to_subs":false,"_jetpack_newsletter_tier_id":0,"_jetpack_memberships_contains_paywalled_content":false,"_jetpack_memberships_contains_paid_content":false,"footnotes":"","jetpack_publicize_message":"","jetpack_publicize_feature_enabled":true,"jetpack_social_post_already_shared":false,"jetpack_social_options":{"image_generator_settings":{"template":"highway","default_image_id":0,"enabled":false},"version":2}},"categories":[1161,44,6937,15],"tags":[7472,7473],"class_list":["post-40847","post","type-post","status-publish","format-standard","has-post-thumbnail","hentry","category-ciudadania","category-noticias-de-hoy","category-sociedad","category-ultimas-noticias","tag-dercha-espanola","tag-golpe-de-estado"],"jetpack_publicize_connections":[],"jetpack_featured_media_url":"https:\/\/i0.wp.com\/miradordeatarfe.es\/wp-content\/uploads\/2020\/06\/2020062213283552666.jpg?fit=750%2C466&ssl=1","jetpack_likes_enabled":true,"jetpack_sharing_enabled":true,"_links":{"self":[{"href":"https:\/\/miradordeatarfe.es\/index.php?rest_route=\/wp\/v2\/posts\/40847","targetHints":{"allow":["GET"]}}],"collection":[{"href":"https:\/\/miradordeatarfe.es\/index.php?rest_route=\/wp\/v2\/posts"}],"about":[{"href":"https:\/\/miradordeatarfe.es\/index.php?rest_route=\/wp\/v2\/types\/post"}],"author":[{"embeddable":true,"href":"https:\/\/miradordeatarfe.es\/index.php?rest_route=\/wp\/v2\/users\/1"}],"replies":[{"embeddable":true,"href":"https:\/\/miradordeatarfe.es\/index.php?rest_route=%2Fwp%2Fv2%2Fcomments&post=40847"}],"version-history":[{"count":1,"href":"https:\/\/miradordeatarfe.es\/index.php?rest_route=\/wp\/v2\/posts\/40847\/revisions"}],"predecessor-version":[{"id":40849,"href":"https:\/\/miradordeatarfe.es\/index.php?rest_route=\/wp\/v2\/posts\/40847\/revisions\/40849"}],"wp:featuredmedia":[{"embeddable":true,"href":"https:\/\/miradordeatarfe.es\/index.php?rest_route=\/wp\/v2\/media\/40848"}],"wp:attachment":[{"href":"https:\/\/miradordeatarfe.es\/index.php?rest_route=%2Fwp%2Fv2%2Fmedia&parent=40847"}],"wp:term":[{"taxonomy":"category","embeddable":true,"href":"https:\/\/miradordeatarfe.es\/index.php?rest_route=%2Fwp%2Fv2%2Fcategories&post=40847"},{"taxonomy":"post_tag","embeddable":true,"href":"https:\/\/miradordeatarfe.es\/index.php?rest_route=%2Fwp%2Fv2%2Ftags&post=40847"}],"curies":[{"name":"wp","href":"https:\/\/api.w.org\/{rel}","templated":true}]}}