{"id":40857,"date":"2020-06-30T09:49:35","date_gmt":"2020-06-30T07:49:35","guid":{"rendered":"http:\/\/miradordeatarfe.es\/?p=40857"},"modified":"2020-06-27T19:59:18","modified_gmt":"2020-06-27T17:59:18","slug":"no-es-suficiente-con-un-algarrobico-pp-cs-y-vox-autorizan-un-hotel-en-la-playa-de-genoveses-en-pleno-cabo-de-gata","status":"publish","type":"post","link":"https:\/\/miradordeatarfe.es\/?p=40857","title":{"rendered":"\u00bfNo es suficiente con un Algarrobico? PP, Cs y Vox autorizan un hotel en la playa de Genoveses, en pleno Cabo de Gata"},"content":{"rendered":"<h3 style=\"text-align: justify;\">La Junta de Andaluc\u00eda insiste en la viabilidad de la obra, pese al clamor popular en contra del proyecto.<\/h3>\n<p style=\"text-align: justify;\">La Junta de Andaluc\u00eda ha declarado viable medioambientalmente la ejecuci\u00f3n del proyecto para habilitar como hotel de cuatro estrellas con 30 habitaciones y con piscina el conocido Cortijo Las Chiqueras, frente a la Bah\u00eda de Los Genoveses, en el parque natural de Cabo de Gata-N\u00edjar.<\/p>\n<p style=\"text-align: justify;\">El dictamen considera que la actuaci\u00f3n \u201ces compatible\u201d con la normativa del espacio natural protegido despu\u00e9s de rechazar el proyecto inicial en 2017, que preve\u00eda dos nuevas edificaciones para un total de 13 habitaciones y crear dos \u201campl\u00edas zonas de aparcamiento\u201d.<\/p>\n<p style=\"text-align: justify;\">Se da v\u00eda libre de esta forma a un hotel de 30 habitaciones con 70 plazas de aparcamiento en Los Genoveses, dentro de la finca conocida como El Romeral. Se condiciona la ejecuci\u00f3n, no obstante, a que la empresa promotora obtenga la Autorizaci\u00f3n de Reutilizaci\u00f3n de Aguas Depuradas para hacer uso en el riego de jardines y zonas verdes. Lo \u00faltimo a lo que acogerse para no destrozar este paraje natural.<\/p>\n<p style=\"text-align: justify;\">En un principio, preve\u00eda distribuir 33 habitaciones en seis grupos de viviendas pero, con la modificaci\u00f3n, se han reducido a 30 las habitaciones \u201ccon la misma capacidad de alojamiento\u201d en cuatro grupos de viviendas. El aparcamiento tendr\u00e1 2.762 metros cuadrados de superficie y una capacidad aproximada de 70 veh\u00edculos \u201csin pavimentaci\u00f3n ni iluminaci\u00f3n\u201d.<\/p>\n<h4 style=\"text-align: justify;\"><strong>Unidas Podemos y PSOE, en contra<\/strong><\/h4>\n<p style=\"text-align: justify;\">Este pol\u00e9mico proyecto cuenta con el rechazo de Unidas Podemos, que ha pedido al Gobierno la \u00absuspensi\u00f3n cautelar\u00bb de la actuaci\u00f3n, as\u00ed como del PSOE, cuyo secretario provincial en Almer\u00eda, Jos\u00e9 Luis S\u00e1nchez Teruel, ha afeado la \u00abrevoluci\u00f3n verde\u00bb del Gobierno de coalici\u00f3n PP-Cs de la Junta y ha exigido explicaciones a la consejera de Agricultura, Ganader\u00eda, Pesca y Desarrollo Sostenible, Carmen Crespo, al entender que el documento no ha pasado por la Junta Rectora del Parque Natural de Cabo de Gata.<\/p>\n<h4 style=\"text-align: justify;\"><strong>M\u00e1s de 50 000 personas firmaron ya en contra<\/strong><\/h4>\n<p style=\"text-align: justify;\">El hotel de cuatro estrellas\u00a0provoc\u00f3 cuando se hizo p\u00fablico en 2016 el rechazo de m\u00e1s de 18.000 usuarios, quienes se expresaron en contra del proyecto a trav\u00e9s\u00a0<a href=\"https:\/\/www.change.org\/p\/junta-de-andaluc%C3%ADa-no-al-hotel-en-la-playa-de-genoveses-del-parque-natural-cabo-de-gata?recruiter=55207958&amp;utm_source=share_petition&amp;utm_medium=facebook&amp;utm_campaign=share_petition&amp;recruited_by_id=e8243570-9d5d-0130-1cdb-3c764e048845&amp;utm_content=fht-8486165-es-es%3Av3\" target=\"_blank\" rel=\"noreferrer noopener\">de la plataforma Change.org.<\/a><\/p>\n<p style=\"text-align: justify;\">Ahora, <a href=\"https:\/\/www.change.org\/p\/junta-de-andaluc%C3%ADa-no-al-hotel-en-genoveses?recruiter=3472190&amp;utm_source=share_petition&amp;utm_medium=twitter&amp;utm_campaign=psf_combo_share_initial&amp;utm_term=psf_combo_share_abi&amp;recruited_by_id=4ba86390-c188-012f-5ab2-4040f855b16c\">m\u00e1s de 50.000 personas<\/a> han apoyado ya la petici\u00f3n efectuada a trav\u00e9s de la plataforma contra el proyecto un d\u00eda despu\u00e9s de que trascendiera la resoluci\u00f3n.<\/p>\n<p style=\"text-align: justify;\">M\u00e1s de 37.000 firmas claman contra el proyecto de un hotel en la bah\u00eda de Genoveses de Cabo de Gata (Almer\u00eda). \u00abPor mucho que se esfuercen en hacerlo sostenible y respetuoso del medioambiente, siempre tendr\u00e1 un impacto\u00bb, incide la petici\u00f3n en la que rechazan el proyecto que, seg\u00fan el Gobierno andaluz, \u00abes compatible\u00bb con la normativa del espacio natural tras las modificaciones efectuadas sobre el documento original.<\/p>\n<p style=\"text-align: justify;\">La petici\u00f3n, que ha sido ampliamente difundida a trav\u00e9s de redes sociales y grupos de WhatsApp en las \u00faltimas horas, recalca que \u00ablo mejor del parque natural son precisamente sus playas v\u00edrgenes\u00bb, por lo que entienden que la \u00ab\u00fanica prioridad\u00bb para el espacio deber\u00eda ser que \u00abno se masifique la zona ni se perjudique a la fauna y flora local\u00bb. \u00abPreservemos este para\u00edso para que no acabe convirti\u00e9ndose en una peque\u00f1a Benidorm\u00bb, han se\u00f1alado.<\/p>\n<h4 style=\"text-align: justify;\"><strong>Similitudes con el Algarrobico<\/strong><\/h4>\n<p style=\"text-align: justify;\">Tambi\u00e9n en pleno\u00a0Parque Natural Cabo de Gata-N\u00edjar, en Almer\u00eda, a tan solo 50 metros del mar Mediterr\u00e1neo se sit\u00faa una inmensa mole de piedra.\u00a0El Algarrobico, construido al 95 por ciento y paralizado hace 15 a\u00f1os ya, ten\u00eda previsto acoger a cientos de turistas en sus 411 habitaciones. La justicia entr\u00f3 en raz\u00f3n y paraliz\u00f3 su construcci\u00f3n por levantarse sobre un espacio protegido que invad\u00eda la servidumbre de protecci\u00f3n del dominio p\u00fablico mar\u00edtimo-terrestre.<\/p>\n<div class=\"wp-block-image\" style=\"text-align: justify;\">\n<figure class=\"aligncenter\"><img data-recalc-dims=\"1\" decoding=\"async\" class=\"td-animation-stack-type0-2\" src=\"https:\/\/i0.wp.com\/static3.abc.es\/media\/viajar\/2019\/08\/26\/Algarrobico1-kmb--540x285%40abc.jpg?w=640&#038;ssl=1\" alt=\"\" \/><\/figure>\n<\/div>\n<p style=\"text-align: justify;\">En diciembre de 2017, se celebr\u00f3 por \u00faltima vez la comisi\u00f3n mixta Junta-Estado que debe coordinar la demolici\u00f3n del inmueble y la restauraci\u00f3n de la playa. El \u00faltimo amago de convocatoria se remonta a un a\u00f1o atr\u00e1s cuando, el departamento que dirige Teresa Ribera, traslad\u00f3 en una respuesta escrita a Ecologistas en Acci\u00f3n que tiene previsto \u00abconvocar pr\u00f3ximamente\u00bb el foro entre administraciones, si bien nunca se concret\u00f3 en una fecha para continuar en el dise\u00f1o de los pasos a seguir para hacer efectivos los objetivos marcados en el protocolo firmado en 2011.<\/p>\n<p style=\"text-align: justify;\">A pesar de las sentencias que declaran ilegal la construcci\u00f3n, el hotel sigue en pie. La\u00a0promotora del edificio\u00a0traslad\u00f3 el pasado mes de febrero un escrito al Tribunal Superior de Justicia de Andaluc\u00eda (TSJA) en el que asegura que la licencia municipal de obras que se le concedi\u00f3 en 2003 para edificarlo \u00absigue en vigor\u00bb conforme tanto a la normativa urban\u00edstica como al planteamiento vigente, por lo que \u00abno puede ser demolido\u00bb.<\/p>\n<p style=\"text-align: justify;\">Desde\u00a0Greenpeace\u00a0aluden a la pasividad de las administraciones responsables y lamentan que, \u00abde nuevo est\u00e9 dormido en alg\u00fan rinc\u00f3n de la administraci\u00f3n, a la espera de una resoluci\u00f3n judicial nueva e innecesaria porque el hotel es ilegal e ilegalizable\u00bb.<\/p>\n","protected":false},"excerpt":{"rendered":"<p>La Junta de Andaluc\u00eda insiste en la viabilidad de la obra, pese al clamor popular&#8230;<\/p>\n","protected":false},"author":1,"featured_media":40858,"comment_status":"closed","ping_status":"closed","sticky":false,"template":"","format":"standard","meta":{"_coblocks_attr":"","_coblocks_dimensions":"","_coblocks_responsive_height":"","_coblocks_accordion_ie_support":"","jetpack_post_was_ever_published":false,"_jetpack_newsletter_access":"","_jetpack_dont_email_post_to_subs":false,"_jetpack_newsletter_tier_id":0,"_jetpack_memberships_contains_paywalled_content":false,"_jetpack_memberships_contains_paid_content":false,"footnotes":"","jetpack_publicize_message":"","jetpack_publicize_feature_enabled":true,"jetpack_social_post_already_shared":false,"jetpack_social_options":{"image_generator_settings":{"template":"highway","default_image_id":0,"enabled":false},"version":2}},"categories":[9,44,6937,15],"tags":[99],"class_list":["post-40857","post","type-post","status-publish","format-standard","has-post-thumbnail","hentry","category-medio-ambiente","category-noticias-de-hoy","category-sociedad","category-ultimas-noticias","tag-medio-ambiente"],"jetpack_publicize_connections":[],"jetpack_featured_media_url":"https:\/\/i0.wp.com\/miradordeatarfe.es\/wp-content\/uploads\/2020\/06\/0000929.jpg?fit=1011%2C771&ssl=1","jetpack_likes_enabled":true,"jetpack_sharing_enabled":true,"_links":{"self":[{"href":"https:\/\/miradordeatarfe.es\/index.php?rest_route=\/wp\/v2\/posts\/40857","targetHints":{"allow":["GET"]}}],"collection":[{"href":"https:\/\/miradordeatarfe.es\/index.php?rest_route=\/wp\/v2\/posts"}],"about":[{"href":"https:\/\/miradordeatarfe.es\/index.php?rest_route=\/wp\/v2\/types\/post"}],"author":[{"embeddable":true,"href":"https:\/\/miradordeatarfe.es\/index.php?rest_route=\/wp\/v2\/users\/1"}],"replies":[{"embeddable":true,"href":"https:\/\/miradordeatarfe.es\/index.php?rest_route=%2Fwp%2Fv2%2Fcomments&post=40857"}],"version-history":[{"count":1,"href":"https:\/\/miradordeatarfe.es\/index.php?rest_route=\/wp\/v2\/posts\/40857\/revisions"}],"predecessor-version":[{"id":40859,"href":"https:\/\/miradordeatarfe.es\/index.php?rest_route=\/wp\/v2\/posts\/40857\/revisions\/40859"}],"wp:featuredmedia":[{"embeddable":true,"href":"https:\/\/miradordeatarfe.es\/index.php?rest_route=\/wp\/v2\/media\/40858"}],"wp:attachment":[{"href":"https:\/\/miradordeatarfe.es\/index.php?rest_route=%2Fwp%2Fv2%2Fmedia&parent=40857"}],"wp:term":[{"taxonomy":"category","embeddable":true,"href":"https:\/\/miradordeatarfe.es\/index.php?rest_route=%2Fwp%2Fv2%2Fcategories&post=40857"},{"taxonomy":"post_tag","embeddable":true,"href":"https:\/\/miradordeatarfe.es\/index.php?rest_route=%2Fwp%2Fv2%2Ftags&post=40857"}],"curies":[{"name":"wp","href":"https:\/\/api.w.org\/{rel}","templated":true}]}}