{"id":40861,"date":"2020-06-28T10:12:48","date_gmt":"2020-06-28T08:12:48","guid":{"rendered":"http:\/\/miradordeatarfe.es\/?p=40861"},"modified":"2020-06-27T20:28:22","modified_gmt":"2020-06-27T18:28:22","slug":"se-inicia-el-proceso-de-seleccion-para-la-cobertura-temporal-de-los-puestos-de-peon-de-oficios-peon-de-jardineria-y-oficial-de-primera-de-oficios","status":"publish","type":"post","link":"https:\/\/miradordeatarfe.es\/?p=40861","title":{"rendered":"SE INICIA EL PROCESO DE SELECCI\u00d3N PARA LA COBERTURA TEMPORAL DE LOS PUESTOS DE PE\u00d3N DE OFICIOS, PE\u00d3N DE JARDINER\u00cdA y OFICIAL DE PRIMERA DE OFICIOS"},"content":{"rendered":"<h3>A partir del Lunes 29 de Junio, se abre el plazo de 10 dias habiles para la cobertura temporal de los puestos de Pe\u00f3n de Oficios, Pe\u00f3n de Jardiner\u00eda y Oficial de Primera de Oficios.<\/h3>\n<p>Se crear\u00e1 una Bolsa de Trabajo con l@s aspirantes que ocupen los primeros 20 puestos de cada especialidad.<\/p>\n<div class=\"text_exposed_show\">\n<p>Puedes acceder a toda la informaci\u00f3n en el siguiente enlace:<\/p>\n<h2><a href=\"http:\/\/www.atarfe.es\/pdf\/bop-cobertura-temporal-bajas.pdf?fbclid=IwAR1T7cUUNCxE5uQoW30PPKJ5OwU_55qpt8R4Dz5UIs-ORpYSSMJUQJhrxgc\" target=\"_blank\" rel=\"noopener nofollow noreferrer\" data-ft=\"{&quot;tn&quot;:&quot;-U&quot;}\" data-lynx-mode=\"async\" data-lynx-uri=\"https:\/\/l.facebook.com\/l.php?u=http%3A%2F%2Fwww.atarfe.es%2Fpdf%2Fbop-cobertura-temporal-bajas.pdf%3Ffbclid%3DIwAR1T7cUUNCxE5uQoW30PPKJ5OwU_55qpt8R4Dz5UIs-ORpYSSMJUQJhrxgc&amp;h=AT2mXlzIShhqVYmYhGSO4geRvRIImA0Fu6_hPxBePq0aG3Mk_kQoGYPKDHrFtgV76c0N0T30vjwBzfGOWptRkWSCJ-g_ufp80YkgQPqNA05IIikm9Y9x40QDZ2XS2m-NPMN2zHzlcDfedD38_g6UlbuhN1ZBFw8ECGOvoNmwmRyIZ-wOy6gJ7lSI7SNerqcxpMgZgB0QmoalbwDfsj8ZK964_sA31m_HDepmfiC45RHtSfViwDohjj7tiisCgUmCJha8L6qbFsm-LNQJcsQMvfWtGuiEn6GXYRG2gFA5gjb6aInIHb398mes3RZN6RbBTiXVug5TtDzQYVjPboyZfi8VenxA-km44n5Ns19CMVXJnOE7dDGhew-s1u5gLwFlTLkqwurQfPmdszxOg2nCL6eELtmNFlWTjC-zV0WhKHGo9RzF2pgSOUqHcIdbVEXee5MptMK2yKAOAL9j0uvu8BsDdl9y2A4CU95k2BXZT04iAg_HaikDplpNgBfpM4yR6MTQ8qhjXPhwcxtzNmOHB9dTXPCSNlbVkigPYN3B5A9lExm2ABsI--CsXRuKQdeh9oQPwLeAjrBDosYg87YefkyTJd8evNg_mBlLDef2GDEGab6faLpfDX3UePLH_HNahW4\">www.atarfe.es\/pdf\/bop-cobertura-temporal-bajas.pdf<\/a><\/h2>\n<p><a href=\"https:\/\/i0.wp.com\/miradordeatarfe.es\/wp-content\/uploads\/2020\/06\/105611390_3193968974000284_6337125003646039951_n.jpg?ssl=1\"><img data-recalc-dims=\"1\" loading=\"lazy\" decoding=\"async\" class=\"wp-image-40862 size-full aligncenter\" src=\"https:\/\/i0.wp.com\/miradordeatarfe.es\/wp-content\/uploads\/2020\/06\/105611390_3193968974000284_6337125003646039951_n.jpg?resize=600%2C400&#038;ssl=1\" alt=\"\" width=\"600\" height=\"400\" srcset=\"https:\/\/i0.wp.com\/miradordeatarfe.es\/wp-content\/uploads\/2020\/06\/105611390_3193968974000284_6337125003646039951_n.jpg?w=600&amp;ssl=1 600w, https:\/\/i0.wp.com\/miradordeatarfe.es\/wp-content\/uploads\/2020\/06\/105611390_3193968974000284_6337125003646039951_n.jpg?resize=300%2C200&amp;ssl=1 300w\" sizes=\"auto, (max-width: 600px) 100vw, 600px\" \/><\/a><\/p>\n<\/div>\n","protected":false},"excerpt":{"rendered":"<p>A partir del Lunes 29 de Junio, se abre el plazo de 10 dias habiles&#8230;<\/p>\n","protected":false},"author":1,"featured_media":40864,"comment_status":"closed","ping_status":"closed","sticky":false,"template":"","format":"standard","meta":{"_coblocks_attr":"","_coblocks_dimensions":"","_coblocks_responsive_height":"","_coblocks_accordion_ie_support":"","jetpack_post_was_ever_published":false,"_jetpack_newsletter_access":"","_jetpack_dont_email_post_to_subs":false,"_jetpack_newsletter_tier_id":0,"_jetpack_memberships_contains_paywalled_content":false,"_jetpack_memberships_contains_paid_content":false,"footnotes":"","jetpack_publicize_message":"","jetpack_publicize_feature_enabled":true,"jetpack_social_post_already_shared":false,"jetpack_social_options":{"image_generator_settings":{"template":"highway","default_image_id":0,"enabled":false},"version":2}},"categories":[1161,44,15],"tags":[7474,4311],"class_list":["post-40861","post","type-post","status-publish","format-standard","has-post-thumbnail","hentry","category-ciudadania","category-noticias-de-hoy","category-ultimas-noticias","tag-jardineria","tag-peon"],"jetpack_publicize_connections":[],"jetpack_featured_media_url":"https:\/\/i0.wp.com\/miradordeatarfe.es\/wp-content\/uploads\/2020\/06\/01D8C596-99C1-7230-F98B37DCE0D70FED.jpg?fit=1000%2C750&ssl=1","jetpack_likes_enabled":true,"jetpack_sharing_enabled":true,"_links":{"self":[{"href":"https:\/\/miradordeatarfe.es\/index.php?rest_route=\/wp\/v2\/posts\/40861","targetHints":{"allow":["GET"]}}],"collection":[{"href":"https:\/\/miradordeatarfe.es\/index.php?rest_route=\/wp\/v2\/posts"}],"about":[{"href":"https:\/\/miradordeatarfe.es\/index.php?rest_route=\/wp\/v2\/types\/post"}],"author":[{"embeddable":true,"href":"https:\/\/miradordeatarfe.es\/index.php?rest_route=\/wp\/v2\/users\/1"}],"replies":[{"embeddable":true,"href":"https:\/\/miradordeatarfe.es\/index.php?rest_route=%2Fwp%2Fv2%2Fcomments&post=40861"}],"version-history":[{"count":2,"href":"https:\/\/miradordeatarfe.es\/index.php?rest_route=\/wp\/v2\/posts\/40861\/revisions"}],"predecessor-version":[{"id":40865,"href":"https:\/\/miradordeatarfe.es\/index.php?rest_route=\/wp\/v2\/posts\/40861\/revisions\/40865"}],"wp:featuredmedia":[{"embeddable":true,"href":"https:\/\/miradordeatarfe.es\/index.php?rest_route=\/wp\/v2\/media\/40864"}],"wp:attachment":[{"href":"https:\/\/miradordeatarfe.es\/index.php?rest_route=%2Fwp%2Fv2%2Fmedia&parent=40861"}],"wp:term":[{"taxonomy":"category","embeddable":true,"href":"https:\/\/miradordeatarfe.es\/index.php?rest_route=%2Fwp%2Fv2%2Fcategories&post=40861"},{"taxonomy":"post_tag","embeddable":true,"href":"https:\/\/miradordeatarfe.es\/index.php?rest_route=%2Fwp%2Fv2%2Ftags&post=40861"}],"curies":[{"name":"wp","href":"https:\/\/api.w.org\/{rel}","templated":true}]}}