{"id":40870,"date":"2020-06-30T10:54:39","date_gmt":"2020-06-30T08:54:39","guid":{"rendered":"http:\/\/miradordeatarfe.es\/?p=40870"},"modified":"2020-06-30T13:15:28","modified_gmt":"2020-06-30T11:15:28","slug":"ahora-siempre-hay-alguien-interesado-en-recordarte-que-eres-persona-de-riesgo","status":"publish","type":"post","link":"https:\/\/miradordeatarfe.es\/?p=40870","title":{"rendered":"\u201cAhora siempre hay alguien interesado en recordarte que eres persona de riesgo\u201d"},"content":{"rendered":"<h3 style=\"text-align: justify;\">Andr\u00e9s C\u00e1rdenas publica &#8216;Balance de Oto\u00f1o&#8217;, un libro de entrevistas publicadas en este peri\u00f3dico entre los a\u00f1os 2018 y 2019 de personajes granadinos con un pasado que contar<\/h3>\n<div class=\"mce-body \">\n<p class=\"mce\" style=\"text-align: justify;\">Durante esta pandemia ha quedado claro: los que nacieron en los a\u00f1os cuarenta o cincuenta del siglo pasado han sido catalogados como <strong class=\"mce\">poblaci\u00f3n de riesgo<\/strong>. O sea que tienen m\u00e1s probabilidad de contraer determinadas enfermedades, sufrir intoxicaciones o ser objetos de accidentes. Es decir, los m\u00e1s vulnerables.<\/p>\n<p class=\"mce\" style=\"text-align: justify;\">Cuando <strong class=\"mce\">Andr\u00e9s C\u00e1rdenas<\/strong> comenz\u00f3 a publicar en este peri\u00f3dico entrevistas a personas mayores con un pasado qu\u00e9 contar y referentes en una determinada actividad, el coronavirus a\u00fan no hab\u00eda dado muestras de su existencia. Ha sido a ra\u00edz de esta pandemia cuando los mayores han estado m\u00e1s <strong class=\"mce\">estigmatizados.<\/strong> Han sido ellos los que han ocupado los primeros puestos en el ranking de muertos por el famoso bicho y a los que han estado record\u00e1ndole constantemente que son personas vulnerables.<\/p>\n<p class=\"mce\" style=\"text-align: justify;\">\u00abAhora siempre hay alguien interesado en recordarte que eres persona de riesgo. En tu casa te lo recuerdan constantemente tus hijos y en el centro de salud los m\u00e9dicos. <strong class=\"mce\">No hay sitio al que vayas en el que no te hagan sentir viejo<\/strong>\u00ab, dice C\u00e1rdenas, que cuenta que la idea primigenia de esta iniciativa era la de hablar con personas con cierta edad que hubieran tenido un pasado de alguna forma relevante y que, en el \u00faltimo tramo de sus vidas, decidieran hablar de ello.<\/p>\n<p class=\"mce\" style=\"text-align: justify;\">Las entrevistas fueron <strong class=\"mce\">publicadas en este peri\u00f3dico<\/strong> durante los a\u00f1os 2018 y 2019. Andr\u00e9s C\u00e1rdenas no se tom\u00f3 el encargo con un prop\u00f3sito informativo, sino l\u00fadico y literario. Durante dos a\u00f1os trat\u00f3 de encontrarse con personas y destriparles su biograf\u00eda, sus recuerdos, sus experiencias y sus deseos. En un trabajo que est\u00e1 entre el retrato y la narraci\u00f3n. El resultado, adem\u00e1s, es un friso hist\u00f3rico de m\u00e1s de medio siglo de Granada relatado por algunos de sus protagonistas.<\/p>\n<div class=\"inset inset-L inset-L-w7\" style=\"text-align: justify;\">\n<figure class=\"image-holder\"><span class=\"obj-img hmedia\"> <img data-recalc-dims=\"1\" loading=\"lazy\" decoding=\"async\" class=\"photo lazy\" src=\"https:\/\/i0.wp.com\/www.granadahoy.com\/2020\/06\/26\/granada\/Andres-Cardenas-junto-Balance-Otono_1477363017_123188880_667x891.jpg?resize=640%2C855&#038;ssl=1\" alt=\"C\u00e1rdenas posa junto a su libro \u2018Balance de Oto\u00f1o\u2019.\" width=\"640\" height=\"855\" data-src=\"\/2020\/06\/26\/granada\/Andres-Cardenas-junto-Balance-Otono_1477363017_123188880_667x891.jpg\" \/><\/span><figcaption>\n<div class=\"footnote\">\n<p class=\"text\">C\u00e1rdenas posa junto a su libro \u2018Balance de Oto\u00f1o\u2019. <wbr \/> \/ <span class=\"source\">G. H.<\/span><\/p>\n<\/div>\n<\/figcaption><\/figure>\n<\/div>\n<p class=\"mce\" style=\"text-align: justify;\">\u00abTambi\u00e9n estaba la idea de <strong class=\"mce\">rescatar del olvido a muchos personajes granadinos<\/strong> que tuvieron relevancia y que, de alguna forma, estaban relegados por el tiempo. Solo los que tenemos m\u00e1s de sesenta nos acordamos por ejemplo de los cantantes Valen o Gelu, cuyas canciones formaron parte de una \u00e9poca. O de lo bueno que era jugando al f\u00fatbol \u00c1ngel Castellanos. O de lo que significaron para la pol\u00edtica de la Transici\u00f3n personas de las que hoy casi nadie se acuerda\u00bb.<\/p>\n<p class=\"mce\" style=\"text-align: justify;\">El libro, dise\u00f1ado por Fran Ortiz, se llama <strong class=\"mce\"><em class=\"mce\">Balance de Oto\u00f1o<\/em><\/strong> y lleva el subt\u00edtulo de <em class=\"mce\">Granadinos con pasado<\/em>. En la edici\u00f3n han colaborado las empresas Bodegas Al Zagal, Bodegas Barranco Oscuro, I. T. Curiel, Jamones Juviles y <em class=\"mce\"><strong class=\"mce\">Granada Hoy<\/strong><\/em>.<\/p>\n<p class=\"mce\" style=\"text-align: justify;\">C\u00e1rdenas dice que hay muchas personas que en su momento estuvieron en la c\u00faspide de una profesi\u00f3n y que ahora, la mayor\u00eda, se encuentran retirados o est\u00e1n al final de su carrera profesional. Empresarios, periodistas, fot\u00f3grafos, pol\u00edticos, juristas, m\u00e9dicos, cient\u00edficos, pintores, m\u00fasicos, deportistas o literatos que han conocido o conocen los entresijos del sector en el que se han movido. \u00abHa sido un placer hablar con ellos. Son personas que ya no tienen en mente ninguna ambici\u00f3n y que me han hablado con esa tranquilidad que ofrece la experiencia por haber recorrido un camino. Sabios que me <strong class=\"mce\">han dado muchas lecciones de vida<\/strong>\u00ab, dice C\u00e1rdenas.<\/p>\n<p class=\"mce\" style=\"text-align: justify;\">El autor de <em class=\"mce\">Balance de Oto\u00f1o<\/em> afirma que hoy d\u00eda en que est\u00e1 tan denostada la vejez, se hac\u00eda un reconocimiento a aquellas personas que ya est\u00e1n instalada en ella y que han tenido<strong class=\"mce\"> vidas que merecen ser contadas<\/strong>.<\/p>\n<p class=\"mce\" style=\"text-align: justify;\">\u00abLos nacidos en los cuarenta y los cincuenta, entre los que me encuentro, pertenecemos a una generaci\u00f3n que ha sufrido menos la violencia b\u00e9lica y hemos nacido con m\u00e1s a\u00f1os de expectativa de vida, pero tambi\u00e9n nos horrorizamos con las variantes posibles de ese porvenir que nos parece cada vez m\u00e1s cercano. Adem\u00e1s, como dice Leonardo Padura, hemos sido los <strong class=\"mce\">testigos del tr\u00e1nsito arrasador de los tiempos de recursos mec\u00e1nicos y anal\u00f3gicos<\/strong> al periodo del imperio de la digitalizaci\u00f3n, con todas las m\u00faltiples consecuencias positivas y negativas que tales procesos revulsivos suelen entra\u00f1ar. Algunos de mis entrevistados se encontraban encantados con lo que ofrecen las nuevas tecnolog\u00edas, pero muchos otros las abominan y creen que sin ellas se puede vivir mejor\u00bb.<\/p>\n<h2 class=\"mce\" style=\"text-align: justify;\">Homenaje a los desaparecidos<\/h2>\n<p class=\"mce\" style=\"text-align: justify;\">C\u00e1rdenas dedica el libro a los cuatro <strong class=\"mce\">entrevistados que durante el trayecto han fallecido<\/strong>: Jos\u00e9 S\u00e1nchez Faba, Melchor S\u00e1iz-Pardo Rubio, Pepe Vida Soria y Pepe Ladr\u00f3n de Guevara.<\/p>\n<p class=\"mce\" style=\"text-align: justify;\">Adem\u00e1s de los citados, las personas cuyas vidas y milagros salen <strong class=\"mce\">reflejadas en el libro<\/strong> son: David Aguilar, Curro Albaic\u00edn, Carlos Ballesta, Joaqu\u00edn Bel\u00f3n, Maribel Calv\u00edn, Antonio Campos, Elodia Campra, Candi, Miguel Carrascosa, Mar\u00eda Castellanos, \u00c1ngel Castellanos, Jos\u00e9 Miguel Castillo Higueras, Enrique Cobo, Celia Correa, Luis Curiel, Francisco Manuel D\u00edaz, \u00c1ngel D\u00edaz Sol, Juan Ferm\u00edn V\u00edlchez, Alberto Fern\u00e1ndez, Antonio Fern\u00e1ndez \u2018Bernina\u2019, Jos\u00e9 Fern\u00e1ndez Lara, Jos\u00e9 Antonio Fortes, Jos\u00e9 Ganivet Zarcos, Jos\u00e9 Luis Garc\u00eda Puche, Gelu, Francisco Gil Cravioto, Miguel Gim\u00e9nez Yanguas, Vicente Gonz\u00e1lez Barber\u00e1n, Juli\u00e1n Granados, Jos\u00e9 Mar\u00eda Guadalupe, Rafael Guill\u00e9n, Tom\u00e1s Hern\u00e1ndez Molina, Jos\u00e9 Hern\u00e1ndez Quero., Mar\u00eda Izquierdo Rojo, Amalia Jim\u00e9nez, Paco L\u00f3pez, Pepe Macan\u00e1s, Mari Carmen Maroto, Ricardo Mart\u00edn Morales, Jos\u00e9 Luis Moreno Codina, Mercedes Moll, Dolores Montijano, \u00c1ngeles Mora, Miguel Moreno, Jos\u00e9 Olea Var\u00f3n, Antonio Perera, Gonzalo Pi\u00e9drola, Juan Jos\u00e9 Porto, Jos\u00e9 Luis Prats \u2018Ozelu\u00ed\u2019, Jos\u00e9 Mar\u00eda Quintana, Paco Ram\u00edrez, Antonio Ramos Espejo, Tato R\u00e9bora, Mateo Revilla, Pascual Rivas, Antonio Robles, Manuel Robles \u2018Manol\u00edn\u2019, Antonina Rodrigo, Agust\u00edn Rodr\u00edguez, \u00c1lvaro Salvador, Jos\u00e9 S\u00e1nchez Faba, Antonio S\u00e1nchez Trigueros, Mariano Santos, Guillermo Sena Medina, Tom\u00e1s Sola, Andr\u00e9s Sope\u00f1a, Manuel Titos, Jos\u00e9 Torn\u00e9-Dombidau, C\u00e9sar Valdeolmillos, Valen, Manuel Valenzuela, Jos\u00e9 Luis Valverde, Guillemos V\u00e1zquez Mata, Andr\u00e9s V\u00e1zquez Sola, Enrique Villanueva y Armando Zuluaga.<\/p>\n<p>GRANADA HOY<\/p>\n<\/div>\n<p>https:\/\/www.granadahoy.com\/granada\/Andres-Cardenas-libro-entrevistas-Balance-Otono_0_1477352810.html<\/p>\n<p>FOTO: Andr\u00e9s C\u00e1rdenas presenta su libro \u2018Balance de Oto\u00f1o\u2019. <wbr \/> \/ <span class=\"source\">G. H.<\/span><\/p>\n","protected":false},"excerpt":{"rendered":"<p>Andr\u00e9s C\u00e1rdenas publica &#8216;Balance de Oto\u00f1o&#8217;, un libro de entrevistas publicadas en este peri\u00f3dico entre&#8230;<\/p>\n","protected":false},"author":1,"featured_media":40871,"comment_status":"closed","ping_status":"closed","sticky":false,"template":"","format":"standard","meta":{"_coblocks_attr":"","_coblocks_dimensions":"","_coblocks_responsive_height":"","_coblocks_accordion_ie_support":"","jetpack_post_was_ever_published":false,"_jetpack_newsletter_access":"","_jetpack_dont_email_post_to_subs":false,"_jetpack_newsletter_tier_id":0,"_jetpack_memberships_contains_paywalled_content":false,"_jetpack_memberships_contains_paid_content":false,"footnotes":"","jetpack_publicize_message":"","jetpack_publicize_feature_enabled":true,"jetpack_social_post_already_shared":false,"jetpack_social_options":{"image_generator_settings":{"template":"highway","default_image_id":0,"enabled":false},"version":2}},"categories":[1161,44,15,10],"tags":[7317,7475,492],"class_list":["post-40870","post","type-post","status-publish","format-standard","has-post-thumbnail","hentry","category-ciudadania","category-noticias-de-hoy","category-ultimas-noticias","category-salud","tag-covid19","tag-fallecidos","tag-libro"],"jetpack_publicize_connections":[],"jetpack_featured_media_url":"https:\/\/i0.wp.com\/miradordeatarfe.es\/wp-content\/uploads\/2020\/06\/Andres-Cardenas-junto-Balance-Otono_1477363017_123188783_667x375.jpg?fit=667%2C375&ssl=1","jetpack_likes_enabled":true,"jetpack_sharing_enabled":true,"_links":{"self":[{"href":"https:\/\/miradordeatarfe.es\/index.php?rest_route=\/wp\/v2\/posts\/40870","targetHints":{"allow":["GET"]}}],"collection":[{"href":"https:\/\/miradordeatarfe.es\/index.php?rest_route=\/wp\/v2\/posts"}],"about":[{"href":"https:\/\/miradordeatarfe.es\/index.php?rest_route=\/wp\/v2\/types\/post"}],"author":[{"embeddable":true,"href":"https:\/\/miradordeatarfe.es\/index.php?rest_route=\/wp\/v2\/users\/1"}],"replies":[{"embeddable":true,"href":"https:\/\/miradordeatarfe.es\/index.php?rest_route=%2Fwp%2Fv2%2Fcomments&post=40870"}],"version-history":[{"count":1,"href":"https:\/\/miradordeatarfe.es\/index.php?rest_route=\/wp\/v2\/posts\/40870\/revisions"}],"predecessor-version":[{"id":40872,"href":"https:\/\/miradordeatarfe.es\/index.php?rest_route=\/wp\/v2\/posts\/40870\/revisions\/40872"}],"wp:featuredmedia":[{"embeddable":true,"href":"https:\/\/miradordeatarfe.es\/index.php?rest_route=\/wp\/v2\/media\/40871"}],"wp:attachment":[{"href":"https:\/\/miradordeatarfe.es\/index.php?rest_route=%2Fwp%2Fv2%2Fmedia&parent=40870"}],"wp:term":[{"taxonomy":"category","embeddable":true,"href":"https:\/\/miradordeatarfe.es\/index.php?rest_route=%2Fwp%2Fv2%2Fcategories&post=40870"},{"taxonomy":"post_tag","embeddable":true,"href":"https:\/\/miradordeatarfe.es\/index.php?rest_route=%2Fwp%2Fv2%2Ftags&post=40870"}],"curies":[{"name":"wp","href":"https:\/\/api.w.org\/{rel}","templated":true}]}}