{"id":40880,"date":"2020-07-02T10:17:30","date_gmt":"2020-07-02T08:17:30","guid":{"rendered":"http:\/\/miradordeatarfe.es\/?p=40880"},"modified":"2020-06-28T18:40:54","modified_gmt":"2020-06-28T16:40:54","slug":"efectos-del-cambio-climatico-la-ciencia-avisa-de-que-sierra-nevada-pierde-nieve-y-dejara-menos-agua-para-granada-y-almeria","status":"publish","type":"post","link":"https:\/\/miradordeatarfe.es\/?p=40880","title":{"rendered":"Efectos del cambio clim\u00e1tico: la ciencia avisa de que Sierra Nevada pierde nieve y dejar\u00e1 menos agua para Granada y Almer\u00eda"},"content":{"rendered":"<div class=\"subtitle bkn mce sk2\">\n<h3 class=\"Standard\" style=\"text-align: justify;\">Las proyecciones cient\u00edficas apuntan a un aumento de temperaturas de hasta seis grados en el macizo monta\u00f1oso a final de siglo.Las precipitaciones caer\u00e1n hasta la mitad en algunas zonas, con menos d\u00edas de nevadas y m\u00e1s torrenciales . La nieve cada vez se evapora m\u00e1s sin pasar por el estado l\u00edquido, lo que disminuir\u00e1 los recursos h\u00eddricos de Granada y Almer\u00eda.<\/h3>\n<\/div>\n<div id=\"edi-body\" class=\"mce-body mce no-sticky-adv-socios\">\n<p class=\"mce\" style=\"text-align: justify;\">Los amantes del esqu\u00ed se las promet\u00edan muy felices cuando Sierra Nevada recib\u00eda varias nevadas en octubre y noviembre que permitieron <a class=\"mce\" href=\"https:\/\/www.lugaresdenieve.com\/?q=es\/noticia\/abre-el-dominio-esquiable-conjunto-la-molina-masella-la-fecha-mas-temprana-de-la-historia\" target=\"_blank\" rel=\"noopener noreferrer\">abrir la estaci\u00f3n<strong class=\"mce\"> el 23 de noviembre, la fecha m\u00e1s temprana de su historia<\/strong>.<\/a> Y el pasado puente de diciembre fue de los mejores, con m\u00e1s de 50.000 visitantes. Pero desde entonces no ha vuelto a nevar, las temperaturas\u00a0han subido de forma inusitada y el 20 de diciembre, en vez de nevar, un temporal de lluvia y viento se llev\u00f3 la nieve de numerosas pistas, que se han mantenido esta Navidad entre algodones, con horario restringido para preservar la nieve.<\/p>\n<p class=\"mce\" style=\"text-align: justify;\">No s\u00f3lo sucede en Sierra Nevada, sino que los efectos de la subida de temperaturas tambi\u00e9n se est\u00e1n notando en otros puntos de Espa\u00f1a: sin ir m\u00e1s lejos,\u00a0<a class=\"mce\" href=\"https:\/\/www.eldiario.es\/aragon\/sociedad\/valdelinares-esqui-javalambre-teruel-cambio_climatico-calor_0_978502776.html\" target=\"_blank\" rel=\"noopener noreferrer\">en Teruel han cerrado dos estaciones de esqu\u00ed por exceso de buen tiempo<\/a>. En el caso del macizo monta\u00f1oso granadino presenta estos d\u00edas una inusual escasez de nieve, s\u00f3lo visible en las zonas m\u00e1s altas, nada que ver con la espl\u00e9ndida estampa que luc\u00eda hace mes y medio. Y no se atisban nuevas precipitaciones en los pr\u00f3ximos d\u00edas.<\/p>\n<h3 style=\"text-align: justify;\">El glaciar del Veleta ya es historia<\/h3>\n<p class=\"mce\" style=\"text-align: justify;\">Es lo que le espera a Sierra Nevada en el futuro por el cambio clim\u00e1tico: menos nieve, pero sobre todo, m\u00e1s desigual, nevadas torrenciales y nieve menos persistente, es decir, que durar\u00e1 menos.<\/p>\n<p class=\"mce\" style=\"text-align: justify;\">As\u00ed lo ponen de manifiesto las investigaciones que se llevan a cabo dentro del\u00a0<a class=\"mce\" href=\"http:\/\/wiki.obsnev.es\/index.php\/P%C3%A1gina_principal\" target=\"_blank\" rel=\"noopener noreferrer\">Observatorio de Cambio Global de Sierra Nevada.<\/a> Ya en 2015, el documento <a class=\"mce\" href=\"https:\/\/www.miteco.gob.es\/es\/red-parques-nacionales\/nuestros-parques\/sierra-nevada\/dossierelcambioglobalsierranevada_tcm30-68957.pdf\" target=\"_blank\" rel=\"noopener noreferrer\">\u2018La huella del Cambio Global en Sierra Nevada\u2019<\/a>, que aglutinaba numerosos estudios, recog\u00eda un <strong class=\"mce\">descenso de las precipitaciones en los \u00faltimos 50 a\u00f1os<\/strong>, especialmente en las zonas m\u00e1s altas, con un d\u00eda menos de nevadas por a\u00f1o, y \u00abun aumento significativo de las temperaturas m\u00e1ximas\u00bb, sobre todo a partir de 1970.\u00a0 El documento constataba que el antiguo glaciar bajo el Veleta ya es historia y predec\u00eda que las temperaturas m\u00e1ximas subir\u00edan hasta 6 grados a final del presente siglo si las emisiones de gases de efecto invernadero segu\u00edan como hasta ahora.<\/p>\n<div class=\"inset cf width643\" style=\"text-align: justify;\">\n<figure class=\"media-holder\">\n<div class=\"mg \"><img data-recalc-dims=\"1\" loading=\"lazy\" decoding=\"async\" src=\"https:\/\/i0.wp.com\/www.eldiario.es\/andalucia\/Corral-Veleta-Granada-Espana-JMM_EDIIMA20200107_0275_5.jpg?resize=640%2C361&#038;ssl=1\" alt=\"Corral del Veleta, a finales de julio de 2017, ya sin pr\u00e1cticamente nieve. Ese a\u00f1o se batieron varios r\u00e9cords de calor en Granada y otras zonas de Espa\u00f1a. Foto: J.M.M.\" width=\"640\" height=\"361\" \/><\/div><figcaption class=\"caption-inside\">\n<p>Corral del Veleta, a finales de julio de 2017, ya sin pr\u00e1cticamente nieve. Ese a\u00f1o se batieron varios r\u00e9cords de calor en Granada y otras zonas de Espa\u00f1a. Foto: J.M.M.<\/p>\n<\/figcaption><\/figure>\n<\/div>\n<h3 style=\"text-align: justify;\">En riesgo la despensa de agua de Granada\u00a0<\/h3>\n<p class=\"mce\" style=\"text-align: justify;\">\u00abLo que m\u00e1s est\u00e1 cambiando en Sierra Nevada es la torrencialidad de la nieve:<strong class=\"mce\"> habr\u00e1 a\u00f1os con m\u00e1s nieve que la media y otros con menos, pero m\u00e1s concentrada en menos d\u00edas<\/strong>, lo que afecta a la persistencia de la capa de nieve, que durar\u00e1 menos\u00bb, afirma <strong class=\"mce\">Mar\u00eda Jos\u00e9 Polo,<\/strong> catedr\u00e1tica de Ingenier\u00eda Hidr\u00e1ulica y responsable de la Red Guadalfeo, un conjunto de estaciones meteorol\u00f3gicas desplegadas por la alta monta\u00f1a de Sierra Nevada.<\/p>\n<p class=\"mce\" style=\"text-align: justify;\">Otro de los efectos que m\u00e1s preocupa a los cient\u00edficos, por el incremento de temperaturas, es el aumento de<strong class=\"mce\"> la sublimaci\u00f3n de la nieve: se evapora sin pasar por el estado l\u00edquido,<\/strong> directamente de s\u00f3lido a gas, \u00abpor lo que se pierden recursos h\u00eddricos\u00bb, alerta Mar\u00eda Jos\u00e9 Polo. Y no hay que olvidar que Sierra Nevada es la gran despensa de agua de Granada, que llena r\u00edos y embalses con su deshielo para cubrir unos periodos secos que cada vez se alargan m\u00e1s. La sublimaci\u00f3n ha aumentado ya entre un 28% y un 35% en Sierra Nevada.<\/p>\n<p class=\"mce\" style=\"text-align: justify;\">Una de las cient\u00edficas del departamento de Polo, <strong class=\"mce\">Mar\u00eda Jos\u00e9 P\u00e9rez Palaz\u00f3n<\/strong>, public\u00f3 a finales de octubre su tesis doctoral, centrada en la evoluci\u00f3n y tendencias futuras de la capa de nieve en Sierra Nevada. Se trata de la investigaci\u00f3n m\u00e1s reciente y de mayor relevancia para saber qu\u00e9 futuro depara a la nieve del macizo monta\u00f1oso, pues incorpora los \u00faltimos escenarios de emisiones previstos por el<a class=\"mce\" href=\"https:\/\/archive.ipcc.ch\/home_languages_main_spanish.shtml\" target=\"_blank\" rel=\"noopener noreferrer\"> Panel Intergubernamental de Cambio Clim\u00e1tico (IPCC).<\/a><\/p>\n<div class=\"inset cf width643\" style=\"text-align: justify;\">\n<figure class=\"media-holder\">\n<div class=\"mg \"><img data-recalc-dims=\"1\" loading=\"lazy\" decoding=\"async\" src=\"https:\/\/i0.wp.com\/www.eldiario.es\/andalucia\/Proyeccion-temperaturas-Sierra-Nevada-IPCC_EDIIMA20200107_0267_5.jpg?resize=640%2C244&#038;ssl=1\" alt=\"Proyecci\u00f3n de aumento de temperaturas en Sierra Nevada en el peor escenario del IPCC, esto es, si no se hace nada por reducir las emisiones de gases de efecto invernadero. Se observa un mayor incremento en las temperaturas m\u00e1ximas (en rojo), de cerca de seis grados a finales de este siglo.\" width=\"640\" height=\"244\" \/><\/div><figcaption class=\"caption-inside\">\n<p>Proyecci\u00f3n de aumento de temperaturas en Sierra Nevada en el peor escenario del IPCC, esto es, si no se hace nada por reducir las emisiones de gases de efecto invernadero. Se observa un mayor incremento en las temperaturas m\u00e1ximas (en rojo), de cerca de seis grados a finales de este siglo.\/Fuente:tesis de Mar\u00eda Jos\u00e9 S\u00e1nchez Palaz\u00f3n<\/p>\n<\/figcaption><\/figure>\n<\/div>\n<p class=\"mce\" style=\"text-align: justify;\">\u00a0<\/p>\n<p class=\"mce\" style=\"text-align: justify;\">Los resultados de las proyecciones, realizadas hasta el a\u00f1o 2100, indican \u00abuna disminuci\u00f3n global de precipitaci\u00f3n anual en forma de nieve, con una tendencia significativa que oscila entre 0,21 y 0,55 mm\/a\u00f1o (seg\u00fan se frenen las emisiones o contin\u00faen como hasta ahora) y cambia seg\u00fan el escenario y la regi\u00f3n de la zona\u00bb, afirma la investigadora en su tesis doctoral.<\/p>\n<div class=\"inset cf width643\" style=\"text-align: justify;\">\n<figure class=\"media-holder\">\n<div class=\"mg \"><img data-recalc-dims=\"1\" loading=\"lazy\" decoding=\"async\" src=\"https:\/\/i0.wp.com\/www.eldiario.es\/andalucia\/Evolucion-R1-R2-Sierra-Nevada_EDIIMA20200107_0255_5.jpg?resize=640%2C170&#038;ssl=1\" alt=\"Evoluci\u00f3n anual de las anomal\u00edas de la precipitaci\u00f3n en forma de nieve hasta 2100 en el escenario en que contin\u00faan las emisiones como hasta ahora (R1, R2\u2026 son las cinco zonas en que se divide Sierra Nevada, seg\u00fan sus cuencas fluviales).\" width=\"640\" height=\"170\" \/><\/div><figcaption class=\"caption-inside\">\n<p>Evoluci\u00f3n anual de las anomal\u00edas de la precipitaci\u00f3n en forma de nieve hasta 2100 en el escenario en que contin\u00faan las emisiones como hasta ahora (R1, R2\u2026 son las cinco zonas en que se divide Sierra Nevada, seg\u00fan sus cuencas fluviales).<\/p>\n<\/figcaption><\/figure>\n<\/div>\n<p class=\"mce\" style=\"text-align: justify;\">La peor parte se la llevar\u00e1 la zona oriental de Sierra Nevada, en territorio almeriense, la m\u00e1s \u00e1rida. La cuenca del r\u00edo Andarax, con unas precipitaciones medias de 36,6 mm de nieve anuales en el periodo 1961-2015, pasar\u00eda a 15,7 mm de promedio en el intervalo proyectado en la investigaci\u00f3n, 2006-2100. Es decir, menos de la mitad de nieve. Otras zonas perder\u00e1n menos precipitaciones y en el conjunto de Sierra Nevada pasar\u00edan de 76,6 mm a 60,3.\u00a0<\/p>\n<p class=\"mce\" style=\"text-align: justify;\">Pero, como destaca la investigadora, \u00abel mayor impacto del clima en el r\u00e9gimen de nevadas se refleja en su car\u00e1cter torrencial, con una disminuci\u00f3n en el n\u00famero de d\u00edas con nevadas y un aumento significativo en la intensidad media global de nevadas en ambos escenarios\u00bb.<\/p>\n<p class=\"mce\" style=\"text-align: justify;\">Esa mayor torrencialidad \u00abpuede tener un impacto relevante en el r\u00e9gimen fluvial, que actualmente se caracteriza por flujos no perennes, junto con la ocurrencia de eventos de crecidas repentinas\u00bb especialmente en la parte almeriense de Sierra Nevada.<\/p>\n<div class=\"inset cf width643\" style=\"text-align: justify;\">\n<figure class=\"media-holder\">\n<div class=\"mg \"><img data-recalc-dims=\"1\" loading=\"lazy\" decoding=\"async\" src=\"https:\/\/i0.wp.com\/www.eldiario.es\/andalucia\/Evolucion-Sierra-Nevada-Andarax-Almeria_EDIIMA20200107_0251_5.jpg?resize=640%2C172&#038;ssl=1\" alt=\"Evoluci\u00f3n anual de los d\u00edas con precipitaciones de nieve hasta 2100 en las diferentes zonas de Sierra Nevada. Se observa que la R2, en color \u00e1mbar, que corresponde a la zona de Andarax, en Almer\u00eda, apenas tendr\u00e1 nevadas en la segunda mitad del siglo.\" width=\"640\" height=\"172\" \/><\/div><figcaption class=\"caption-inside\">\n<p>Evoluci\u00f3n anual de los d\u00edas con precipitaciones de nieve hasta 2100 en las diferentes zonas de Sierra Nevada. Se observa que la R2, en color \u00e1mbar, que corresponde a la zona de Andarax, en Almer\u00eda, apenas tendr\u00e1 nevadas en la segunda mitad del siglo.<\/p>\n<\/figcaption><\/figure>\n<\/div>\n<p class=\"mce\" style=\"text-align: justify;\">\u00a0<\/p>\n<p class=\"mce\" style=\"text-align: justify;\">Y la nieve, al durar menos y aumentar la fusi\u00f3n por sublimaci\u00f3n, \u00abtraer\u00eda asociada <strong class=\"mce\">una p\u00e9rdida continuada del volumen de agua de nieve<\/strong> que se aporta de forma directa a los recursos h\u00eddricos superficiales y subterr\u00e1neos. Todo ello plantea la necesidad urgente de avanzar en la planificaci\u00f3n de estrategias de alerta temprana y adaptaci\u00f3n a los escenarios futuros\u00bb, alerta la investigaci\u00f3n de la cient\u00edfica, que recuerda, en cualquier caso, que las proyecciones clim\u00e1ticas \u00abno son pron\u00f3sticos, sino m\u00e1s bien diferentes caminos probables a largo plazo que pueden seguir las variables clim\u00e1ticas, ya que est\u00e1n impulsadas por la din\u00e1mica a largo plazo del sistema de circulaci\u00f3n global en la Tierra bajo diferentes escenarios de emisi\u00f3n\u00bb.<\/p>\n<h3 style=\"text-align: justify;\">Suplir la nieve natural por artificial<\/h3>\n<p class=\"mce\" style=\"text-align: justify;\">La estaci\u00f3n de esqu\u00ed de Sierra Nevada intenta suplir las menguantes nevadas con mayores inversiones en producci\u00f3n de nieve artificial y en m\u00e1quinas que acondicionen y distribuyan mejor la nieve existente.<\/p>\n<div class=\"inset cf width643\" style=\"text-align: justify;\">\n<figure class=\"media-holder\">\n<div class=\"mg \"><img data-recalc-dims=\"1\" loading=\"lazy\" decoding=\"async\" src=\"https:\/\/i0.wp.com\/www.eldiario.es\/andalucia\/Nuevos-Sierra-Nevada-Foto-Cetursa_EDIIMA20200107_0243_4.jpg?resize=640%2C360&#038;ssl=1\" alt=\"Nuevos ca\u00f1ones adquiridos por la estaci\u00f3n de esqu\u00ed de Sierra Nevada para la presente temporada. Foto: Cetursa\" width=\"640\" height=\"360\" \/><\/div><figcaption class=\"caption-inside\">\n<p>Nuevos ca\u00f1ones adquiridos por la estaci\u00f3n de esqu\u00ed de Sierra Nevada para la presente temporada. Foto: Cetursa<\/p>\n<\/figcaption><\/figure>\n<\/div>\n<p class=\"mce\" style=\"text-align: justify;\"><a class=\"mce\" href=\"https:\/\/cetursa.es\/\" target=\"_blank\" rel=\"noopener noreferrer\">Cetursa<\/a>, la empresa p\u00fablica de la Junta que gestiona la estaci\u00f3n, ha comprado para esta temporada 33 nuevos ca\u00f1ones y sus nuevos gestores, tras la entrada del PP y Ciudadanos en el Gobierno andaluz, pese al negativo escenario que describen los cient\u00edficos, planean incluso aumentar la superficie esquiable en un \u00e1rea propiedad de la estaci\u00f3n -fuera del Parque Nacional- pero a cotas no precisamente altas, donde la escasez de nieve ser\u00e1 m\u00e1s acusada. Unos planes que sorprenden a la catedr\u00e1tica Mar\u00eda Jos\u00e9 Polo, que alerta de que \u00abel coste energ\u00e9tico de generar nieve va a ser muy grande\u00bb.<\/p>\n<address class=\"bkn dateline fl\"><small class=\"byline iblk\">Jos\u00e9 Miguel Mu\u00f1oz<\/small> <span class=\"location\">&#8211; Granada<\/span><\/address>\n<div class=\"md-social md cl\"><time class=\"bkn dateline fl\" datetime=\"2020-01-07T20:33:26+01:00\"> <span class=\"date\"><br \/>\n<\/span> <\/time><\/div>\n<\/div>\n<p>FOTO:Cara sur del Mulhac\u00e9n, este 24 de diciembre, con nieve \u00fanicamente a partir de los 2.900 metros de altitud. Foto: Junta de Andaluc\u00eda<\/p>\n<p>https:\/\/www.eldiario.es\/andalucia\/sostenibilidad\/Granada-sierra-nevada-clambio-climatico_0_982351941.html<\/p>\n","protected":false},"excerpt":{"rendered":"<p>Las proyecciones cient\u00edficas apuntan a un aumento de temperaturas de hasta seis grados en el&#8230;<\/p>\n","protected":false},"author":1,"featured_media":40881,"comment_status":"closed","ping_status":"closed","sticky":false,"template":"","format":"standard","meta":{"_coblocks_attr":"","_coblocks_dimensions":"","_coblocks_responsive_height":"","_coblocks_accordion_ie_support":"","jetpack_post_was_ever_published":false,"_jetpack_newsletter_access":"","_jetpack_dont_email_post_to_subs":false,"_jetpack_newsletter_tier_id":0,"_jetpack_memberships_contains_paywalled_content":false,"_jetpack_memberships_contains_paid_content":false,"footnotes":"","jetpack_publicize_message":"","jetpack_publicize_feature_enabled":true,"jetpack_social_post_already_shared":false,"jetpack_social_options":{"image_generator_settings":{"template":"highway","default_image_id":0,"enabled":false},"version":2}},"categories":[1161,9,44,15],"tags":[249,2053,1559],"class_list":["post-40880","post","type-post","status-publish","format-standard","has-post-thumbnail","hentry","category-ciudadania","category-medio-ambiente","category-noticias-de-hoy","category-ultimas-noticias","tag-agua","tag-nieve","tag-sierra-nevada"],"jetpack_publicize_connections":[],"jetpack_featured_media_url":"https:\/\/i0.wp.com\/miradordeatarfe.es\/wp-content\/uploads\/2020\/06\/Cara-Mulhacen-Foto-Junta-Andalucia_EDIIMA20200107_0281_5.jpg?fit=643%2C179&ssl=1","jetpack_likes_enabled":true,"jetpack_sharing_enabled":true,"_links":{"self":[{"href":"https:\/\/miradordeatarfe.es\/index.php?rest_route=\/wp\/v2\/posts\/40880","targetHints":{"allow":["GET"]}}],"collection":[{"href":"https:\/\/miradordeatarfe.es\/index.php?rest_route=\/wp\/v2\/posts"}],"about":[{"href":"https:\/\/miradordeatarfe.es\/index.php?rest_route=\/wp\/v2\/types\/post"}],"author":[{"embeddable":true,"href":"https:\/\/miradordeatarfe.es\/index.php?rest_route=\/wp\/v2\/users\/1"}],"replies":[{"embeddable":true,"href":"https:\/\/miradordeatarfe.es\/index.php?rest_route=%2Fwp%2Fv2%2Fcomments&post=40880"}],"version-history":[{"count":2,"href":"https:\/\/miradordeatarfe.es\/index.php?rest_route=\/wp\/v2\/posts\/40880\/revisions"}],"predecessor-version":[{"id":40883,"href":"https:\/\/miradordeatarfe.es\/index.php?rest_route=\/wp\/v2\/posts\/40880\/revisions\/40883"}],"wp:featuredmedia":[{"embeddable":true,"href":"https:\/\/miradordeatarfe.es\/index.php?rest_route=\/wp\/v2\/media\/40881"}],"wp:attachment":[{"href":"https:\/\/miradordeatarfe.es\/index.php?rest_route=%2Fwp%2Fv2%2Fmedia&parent=40880"}],"wp:term":[{"taxonomy":"category","embeddable":true,"href":"https:\/\/miradordeatarfe.es\/index.php?rest_route=%2Fwp%2Fv2%2Fcategories&post=40880"},{"taxonomy":"post_tag","embeddable":true,"href":"https:\/\/miradordeatarfe.es\/index.php?rest_route=%2Fwp%2Fv2%2Ftags&post=40880"}],"curies":[{"name":"wp","href":"https:\/\/api.w.org\/{rel}","templated":true}]}}