{"id":40921,"date":"2020-07-01T10:36:13","date_gmt":"2020-07-01T08:36:13","guid":{"rendered":"http:\/\/miradordeatarfe.es\/?p=40921"},"modified":"2020-06-30T15:42:00","modified_gmt":"2020-06-30T13:42:00","slug":"nuevo-horario-del-punto-limpio-de-atarfe","status":"publish","type":"post","link":"https:\/\/miradordeatarfe.es\/?p=40921","title":{"rendered":"Nuevo horario del Punto Limpio de Atarfe"},"content":{"rendered":"<h3>Puedes traer tus residuos de Lunes a Viernes de 8:00 a 12:00<\/h3>\n<p>Recordamos que sigue vigente la obligaci\u00f3n de adoptar todas las medidas de seguridad indicadas por las Autoridades Sanitarias y la necesidad de respetar las distancias de seguridad.<\/p>\n<p><span class=\"ILfuVd NA6bn\"><span class=\"e24Kjd\"> Un <b>punto limpio<\/b> es una instalaci\u00f3n controlada de propiedad municipal. Su principal funci\u00f3n es ofrecer a los ciudadanos del municipio un lugar donde depositar de manera separada los residuos que generen en sus hogares<\/span><\/span><\/p>\n<p><span class=\"ILfuVd NA6bn\"><span class=\"e24Kjd\">Qu\u00e9 <b>se puede<\/b> tirar en un <b>punto limpio<\/b> y qu\u00e9 no. Por lo general, en un <b>punto limpio se puede<\/b> tirar casi cualquier residuo o desecho que produce el ciudadano en su d\u00eda a d\u00eda. Como por ejemplo, envases de vidrio (igl\u00fa verde), cart\u00f3n y papel (contenedor azul), latas, briks y envases de pl\u00e1stico (contenedor amarillo<\/span><\/span><\/p>\n<div id=\"_2kD7XpPUCPzigwfVhJfIBg8\" class=\"mWyH1d FXMOpb\" tabindex=\"0\" role=\"button\" aria-controls=\"_2kD7XpPUCPzigwfVhJfIBg7\" aria-expanded=\"true\">\n<div class=\"match-mod-horizontal-padding hide-focus-ring cbphWd\" data-kt=\"Ki_QuNr0j6aw1XfY98zu-OC8xNABkrS84Jb7k5kn5bDT4JDa-LG5AePR6-etkYzEeg\" data-hveid=\"CAEQFg\" data-ved=\"2ahUKEwiTqcKS1anqAhV88eAKHVXCBWkQuk4oAHoECAEQFg\">\u00bfQu\u00e9 se puede hacer con la basura reciclable?<\/div>\n<\/div>\n<div id=\"_2kD7XpPUCPzigwfVhJfIBg7\" class=\"gy6Qzb oNjtBb V1sL5c\" aria-labelledby=\"_2kD7XpPUCPzigwfVhJfIBg8\">\n<div>\n<div data-hveid=\"CAEQFw\" data-ved=\"2ahUKEwiTqcKS1anqAhV88eAKHVXCBWkQu04oAXoECAEQFw\">\n<div class=\"mod\" data-md=\"83\">\n<div class=\"di3YZe\">\n<div class=\"co8aDb gsrt\" role=\"heading\" aria-level=\"3\"><b>Cosas que se pueden hacer con la basura que reciclas<\/b><\/div>\n<div class=\"RqBzHd\">\n<ul class=\"i8Z77e\">\n<li class=\"TrT0Xe\">Con 40 botellas de pl\u00e1stico se puede fabricar un forro polar. &#8230;<\/li>\n<li class=\"TrT0Xe\">40 latas pueden transformarse en una llanta de bicicleta. &#8230;<\/li>\n<li class=\"TrT0Xe\">Con 8 cajas de cereales se puede hacer un libro. &#8230;<\/li>\n<li class=\"TrT0Xe\">Con 8 latas de conserva se puede hacer una olla. &#8230;<\/li>\n<li class=\"TrT0Xe\">6 bricks de leche pueden convertirse en una caja de zapatos. &#8230;<\/li>\n<li class=\"TrT0Xe\">Con 5 latas de aluminio se fabrica un aerosol.<\/li>\n<\/ul>\n<\/div>\n<\/div>\n<\/div>\n<\/div>\n<\/div>\n<\/div>\n<p>&nbsp;<\/p>\n<p><a href=\"https:\/\/i0.wp.com\/miradordeatarfe.es\/wp-content\/uploads\/2020\/06\/web-1081.jpg?ssl=1\"><img data-recalc-dims=\"1\" loading=\"lazy\" decoding=\"async\" class=\"alignnone wp-image-40922 size-full\" src=\"https:\/\/i0.wp.com\/miradordeatarfe.es\/wp-content\/uploads\/2020\/06\/web-1081.jpg?resize=600%2C267&#038;ssl=1\" alt=\"\" width=\"600\" height=\"267\" srcset=\"https:\/\/i0.wp.com\/miradordeatarfe.es\/wp-content\/uploads\/2020\/06\/web-1081.jpg?w=600&amp;ssl=1 600w, https:\/\/i0.wp.com\/miradordeatarfe.es\/wp-content\/uploads\/2020\/06\/web-1081.jpg?resize=300%2C134&amp;ssl=1 300w\" sizes=\"auto, (max-width: 600px) 100vw, 600px\" \/><\/a><\/p>\n","protected":false},"excerpt":{"rendered":"<p>Puedes traer tus residuos de Lunes a Viernes de 8:00 a 12:00 Recordamos que sigue&#8230;<\/p>\n","protected":false},"author":1,"featured_media":0,"comment_status":"closed","ping_status":"closed","sticky":false,"template":"","format":"standard","meta":{"_coblocks_attr":"","_coblocks_dimensions":"","_coblocks_responsive_height":"","_coblocks_accordion_ie_support":"","jetpack_post_was_ever_published":false,"_jetpack_newsletter_access":"","_jetpack_dont_email_post_to_subs":false,"_jetpack_newsletter_tier_id":0,"_jetpack_memberships_contains_paywalled_content":false,"_jetpack_memberships_contains_paid_content":false,"footnotes":"","jetpack_publicize_message":"","jetpack_publicize_feature_enabled":true,"jetpack_social_post_already_shared":false,"jetpack_social_options":{"image_generator_settings":{"template":"highway","default_image_id":0,"enabled":false},"version":2}},"categories":[2,6916,9,44,15],"tags":[],"class_list":["post-40921","post","type-post","status-publish","format-standard","hentry","category-atarfe","category-ayuntamiento-de-atarfe","category-medio-ambiente","category-noticias-de-hoy","category-ultimas-noticias"],"jetpack_publicize_connections":[],"jetpack_featured_media_url":"","jetpack_likes_enabled":true,"jetpack_sharing_enabled":true,"_links":{"self":[{"href":"https:\/\/miradordeatarfe.es\/index.php?rest_route=\/wp\/v2\/posts\/40921","targetHints":{"allow":["GET"]}}],"collection":[{"href":"https:\/\/miradordeatarfe.es\/index.php?rest_route=\/wp\/v2\/posts"}],"about":[{"href":"https:\/\/miradordeatarfe.es\/index.php?rest_route=\/wp\/v2\/types\/post"}],"author":[{"embeddable":true,"href":"https:\/\/miradordeatarfe.es\/index.php?rest_route=\/wp\/v2\/users\/1"}],"replies":[{"embeddable":true,"href":"https:\/\/miradordeatarfe.es\/index.php?rest_route=%2Fwp%2Fv2%2Fcomments&post=40921"}],"version-history":[{"count":1,"href":"https:\/\/miradordeatarfe.es\/index.php?rest_route=\/wp\/v2\/posts\/40921\/revisions"}],"predecessor-version":[{"id":40923,"href":"https:\/\/miradordeatarfe.es\/index.php?rest_route=\/wp\/v2\/posts\/40921\/revisions\/40923"}],"wp:attachment":[{"href":"https:\/\/miradordeatarfe.es\/index.php?rest_route=%2Fwp%2Fv2%2Fmedia&parent=40921"}],"wp:term":[{"taxonomy":"category","embeddable":true,"href":"https:\/\/miradordeatarfe.es\/index.php?rest_route=%2Fwp%2Fv2%2Fcategories&post=40921"},{"taxonomy":"post_tag","embeddable":true,"href":"https:\/\/miradordeatarfe.es\/index.php?rest_route=%2Fwp%2Fv2%2Ftags&post=40921"}],"curies":[{"name":"wp","href":"https:\/\/api.w.org\/{rel}","templated":true}]}}