{"id":40957,"date":"2020-07-06T11:21:53","date_gmt":"2020-07-06T09:21:53","guid":{"rendered":"http:\/\/miradordeatarfe.es\/?p=40957"},"modified":"2020-07-04T12:29:55","modified_gmt":"2020-07-04T10:29:55","slug":"explotadores-por-remedios-sanchez","status":"publish","type":"post","link":"https:\/\/miradordeatarfe.es\/?p=40957","title":{"rendered":"\u00abEXPLOTADORES\u00bb por Remedios S\u00e1nchez"},"content":{"rendered":"<h3 align=\"JUSTIFY\"><span style=\"font-family: Times New Roman, serif;\"><span style=\"font-size: medium;\"><span lang=\"es-ES\">Viven en el primer mundo, \u00e9se donde les contaron que la justicia social exist\u00eda. Vinieron, algunos ya no recuerdan ni cu\u00e1ndo, en pateras que eran poco m\u00e1s que una c\u00e1scara de nuez movida por los vientos en la oscuridad de la noche del Estrecho. Llegaron a tierra y bendijeron el milagro de su suerte.<\/span><\/span><\/span><\/h3>\n<p align=\"JUSTIFY\"><span style=\"font-family: Times New Roman, serif;\"><span style=\"font-size: medium;\"><span lang=\"es-ES\"> Otros viajaron desde Latinoam\u00e9rica en un vuelo barato con un permiso de turista que caduc\u00f3 hace un par de a\u00f1os porque all\u00ed s\u00f3lo hab\u00eda miseria y aqu\u00ed les refirieron que hab\u00eda futuro para criar a sus hijos; tambi\u00e9n, algunos, llegaron de Ruman\u00eda, de Bulgaria, hartos de pobreza y corrupci\u00f3n, de ser considerados europeos s\u00f3lo cuando interesa. Los hay que llegaron solos para empezar la aventura, otros con sus parejas y, los menos, con ni\u00f1os que cambian de colegio al ritmo de las estaciones del a\u00f1o. El oficio de temporero tiene esas servidumbres.<\/span><\/span><\/span><\/p>\n<p align=\"JUSTIFY\"><span style=\"font-family: Times New Roman, serif;\"><span style=\"font-size: medium;\"><span lang=\"es-ES\">Lo que ya no entra dentro de las caracter\u00edsticas de un trabajo, es la explotaci\u00f3n, la maldad repugnante de algunos empresarios del campo, como \u00e9stos del Llano de Zafarraya a los que ahora la Guardia Civil ha denunciado por mantenerlos hacinados en condiciones infrahumanas. Les caer\u00e1 una multa, claro. Mientras, la situaci\u00f3n seguir\u00e1, en otro lugar, tal vez, en otra finca: diez horas de trabajo a seis euros la hora, sin seguridad social ni papeles, para tenerlos atrapados. Da igual, piensan algunos canallas: son s\u00f3lo pobres, y a los pobres del mundo no los escucha nadie porque su voz no alcanza al poder. Qu\u00e9 r\u00e1pido nos hemos olvidado de cuando los temporeros eran nuestros padres vendimiando en la Francia de los sesenta; de cuando las maletas de cart\u00f3n se sub\u00edan en trenes infinitos con destino Suiza o Alemania y los pa\u00f1uelos blancos se agitaban por las ventanillas tristes. Los nuestros, al menos, se marchaban para construir un porvenir con todos los derechos y con un contrato decente. <\/span><\/span><\/span><\/p>\n<p align=\"JUSTIFY\"><span style=\"font-family: Times New Roman, serif;\"><span style=\"font-size: medium;\"><span lang=\"es-ES\">Ahora, cincuenta a\u00f1os despu\u00e9s, a los que vienen a esta tierra a hacer los trabajos que nosotros no queremos los tratamos con un desprecio codicioso en la mirada y buscando las triqui\u00f1uelas para enga\u00f1arlos para que as\u00ed se perpet\u00fae su desgracia a miles de kil\u00f3metros de sus familias y de sus hogares. Cuando las sanguijuelas que se beben su sudor los miran, no ven personas sacrific\u00e1ndose: los examinan como si fueran fuerza bruta, seres inferiores, porque la falta de humanidad, en su vileza m\u00e1s repugnante, puede llegar a tales cotas. La cuesti\u00f3n es sacar el m\u00e1ximo rendimiento con el m\u00ednimo coste, perpetuar penurias, amarguras y desamparo porque estos oprimidos del siglo XXI no pueden defenderse exigiendo derechos desde esos barracones sin agua o luz, desde las chabolas con colchones en el suelo donde aguardan la llamada diaria para volver al tajo. El campo, es evidente, da poco dinero en un pa\u00eds incapaz de hacer una reforma imprescindible para fortalecer un sector econ\u00f3mico fundamental que necesita una regulaci\u00f3n urgente, pero de ah\u00ed a la mera existencia en Espa\u00f1a de tales perversidades inadmisibles hay mucho trecho. El que existe entre la decencia y la ignominia.<\/span><\/span><\/span><\/p>\n","protected":false},"excerpt":{"rendered":"<p>Viven en el primer mundo, \u00e9se donde les contaron que la justicia social exist\u00eda. Vinieron,&#8230;<\/p>\n","protected":false},"author":1,"featured_media":40958,"comment_status":"closed","ping_status":"closed","sticky":false,"template":"","format":"standard","meta":{"_coblocks_attr":"","_coblocks_dimensions":"","_coblocks_responsive_height":"","_coblocks_accordion_ie_support":"","jetpack_post_was_ever_published":false,"_jetpack_newsletter_access":"","_jetpack_dont_email_post_to_subs":false,"_jetpack_newsletter_tier_id":0,"_jetpack_memberships_contains_paywalled_content":false,"_jetpack_memberships_contains_paid_content":false,"footnotes":"","jetpack_publicize_message":"","jetpack_publicize_feature_enabled":true,"jetpack_social_post_already_shared":false,"jetpack_social_options":{"image_generator_settings":{"template":"highway","default_image_id":0,"enabled":false},"version":2}},"categories":[1161,44,6914,6937,15],"tags":[1795,7485],"class_list":["post-40957","post","type-post","status-publish","format-standard","has-post-thumbnail","hentry","category-ciudadania","category-noticias-de-hoy","category-opinion-de-reme-sanchez","category-sociedad","category-ultimas-noticias","tag-extranjeros","tag-hacinados"],"jetpack_publicize_connections":[],"jetpack_featured_media_url":"https:\/\/i0.wp.com\/miradordeatarfe.es\/wp-content\/uploads\/2020\/07\/5e85cf4acdbf2.jpeg?fit=960%2C690&ssl=1","jetpack_likes_enabled":true,"jetpack_sharing_enabled":true,"_links":{"self":[{"href":"https:\/\/miradordeatarfe.es\/index.php?rest_route=\/wp\/v2\/posts\/40957","targetHints":{"allow":["GET"]}}],"collection":[{"href":"https:\/\/miradordeatarfe.es\/index.php?rest_route=\/wp\/v2\/posts"}],"about":[{"href":"https:\/\/miradordeatarfe.es\/index.php?rest_route=\/wp\/v2\/types\/post"}],"author":[{"embeddable":true,"href":"https:\/\/miradordeatarfe.es\/index.php?rest_route=\/wp\/v2\/users\/1"}],"replies":[{"embeddable":true,"href":"https:\/\/miradordeatarfe.es\/index.php?rest_route=%2Fwp%2Fv2%2Fcomments&post=40957"}],"version-history":[{"count":1,"href":"https:\/\/miradordeatarfe.es\/index.php?rest_route=\/wp\/v2\/posts\/40957\/revisions"}],"predecessor-version":[{"id":40959,"href":"https:\/\/miradordeatarfe.es\/index.php?rest_route=\/wp\/v2\/posts\/40957\/revisions\/40959"}],"wp:featuredmedia":[{"embeddable":true,"href":"https:\/\/miradordeatarfe.es\/index.php?rest_route=\/wp\/v2\/media\/40958"}],"wp:attachment":[{"href":"https:\/\/miradordeatarfe.es\/index.php?rest_route=%2Fwp%2Fv2%2Fmedia&parent=40957"}],"wp:term":[{"taxonomy":"category","embeddable":true,"href":"https:\/\/miradordeatarfe.es\/index.php?rest_route=%2Fwp%2Fv2%2Fcategories&post=40957"},{"taxonomy":"post_tag","embeddable":true,"href":"https:\/\/miradordeatarfe.es\/index.php?rest_route=%2Fwp%2Fv2%2Ftags&post=40957"}],"curies":[{"name":"wp","href":"https:\/\/api.w.org\/{rel}","templated":true}]}}