{"id":40977,"date":"2020-07-08T10:28:00","date_gmt":"2020-07-08T08:28:00","guid":{"rendered":"http:\/\/miradordeatarfe.es\/?p=40977"},"modified":"2020-07-05T17:20:03","modified_gmt":"2020-07-05T15:20:03","slug":"la-empresa-espanola-que-crea-bolsas-de-plastico-que-ayudan-a-evitar-focos-de-infeccion-y-contagios","status":"publish","type":"post","link":"https:\/\/miradordeatarfe.es\/?p=40977","title":{"rendered":"La empresa espa\u00f1ola que crea bolsas de pl\u00e1stico que ayudan a evitar focos de infecci\u00f3n y contagios"},"content":{"rendered":"<h3 style=\"text-align: justify;\">Hablamos con Elena Moreno, CEO de Green Cycles sobre las bolsas que son hidrosolubles, biodegradables, compostables e inocuas<\/h3>\n<header><\/header>\n<div class=\"cnt-izq\">\n<div class=\"cnt-body\">\n<div id=\"cuerpo_noticia_r\" class=\"cuerpo\">\n<p style=\"text-align: justify;\"><strong>\u201cHemos desarrollado formulaciones propias que dan lugar a bolsas hidrosolubles, biodegradables, compostables e inocuas\u201d<\/strong>. Es lo que nos ha contado <strong>Elena Moreno, CEO de Green Cycles<\/strong>, en el D\u00eda Internacional Libre de Bolsas de Pl\u00e1stico. Esta empresa espa\u00f1ola ha desarrollado las bolsas que cumplen todas estas propiedades.<\/p>\n<div id=\"_wmass_652\" style=\"text-align: justify;\">\n<figure>\n<div><img data-recalc-dims=\"1\" loading=\"lazy\" decoding=\"async\" class=\"loading alignleft\" title=\".\" src=\"https:\/\/i0.wp.com\/cadenaser00.epimg.net\/programa\/imagenes\/2020\/07\/03\/la_ventana\/1593790357_283081_1593796759_sumario_normal.jpg?resize=321%2C458&#038;ssl=1\" alt=\".\" width=\"321\" height=\"458\" data-was-processed=\"true\" \/><\/div>\n<\/figure>\n<\/div>\n<p style=\"text-align: justify;\"><strong>En Espa\u00f1a, cada ciudadano consume una media de 238 bolsas de pl\u00e1stico al a\u00f1o, de las cuales solo se reciclan un 10%,<\/strong> seg\u00fan datos del Ministerio de Agricultura, Pesca, Alimentaci\u00f3n y Medio Ambiente. Adem\u00e1s, seg\u00fan datos de Greenpeace, una bolsa de pl\u00e1stico de un solo uso tarda d\u00e9cadas en degradarse, en el mejor de los casos.<\/p>\n<p><strong>La compa\u00f1\u00eda de Elena Moreno lleva 16 a\u00f1os trabajando e investigando para llegar a este producto final<\/strong>. Este proceso de investigaci\u00f3n les ha abierto tambi\u00e9n un abanico de posibilidades de otros elementos que podr\u00edan contar con estas propiedades, como botellas o envases de cosm\u00e9tica.<\/div>\n<\/div>\n<\/div>\n<p style=\"text-align: justify;\">Tras conocer esto, podr\u00eda preocuparnos el precio. Frente a los 5 c\u00e9ntimos que puede costarnos de media una bolsa en el mercado, <strong>las bolsas de Green Cycles tendr\u00edan un coste de 17 c\u00e9ntimos<\/strong>. \u201cHay una diferencia sustancial, <strong>pero si al final de todo el ciclo de vida de la bolsa sumamos todos los costes que se incurren, realmente no es m\u00e1s caro\u201d,<\/strong> asegura Elena.<\/p>\n<p style=\"text-align: justify;\">Con la pandemia, en los hospitales y residencias se han dado cuenta que al utilizar este tipo de bolsas evitan focos de infecci\u00f3n y contagio. <strong>\u201cNo solo hacemos un control de infecciones, sino que estamos dando mayor seguridad al proceso y al ciclo completo\u201d<\/strong>, nos cuenta Elena en &#8216;La Ventana&#8217;.<\/p>\n<aside class=\"ssnn estirar\">\n<section class=\"cnt-modulo lst-keywords\">\n<div>\u00a0<\/div>\n<\/section>\n<\/aside>\n<div class=\"cnt-izq\">\n<div class=\"cnt-metas\">\n<div class=\"autor\" style=\"text-align: justify;\"><a href=\"https:\/\/cadenaser.com\/autor\/alba_cobos_sanchez\/a\/\" rel=\"nofollow\">Alba Cobos<\/a><\/div>\n<div style=\"text-align: justify;\">FOTO: <span id=\"multimediaPlayer_1593797393_TopPlayer_titulo\" class=\"mm_titulo\">Green Cycles crea bolsas hidrosolubles, biodegradables, compostables e inocuas<\/span><\/div>\n<div style=\"text-align: justify;\">https:\/\/cadenaser.com\/programa\/2020\/07\/03\/la_ventana\/1593790357_283081.html<\/div>\n<\/div>\n<\/div>\n","protected":false},"excerpt":{"rendered":"<p>Hablamos con Elena Moreno, CEO de Green Cycles sobre las bolsas que son hidrosolubles, biodegradables,&#8230;<\/p>\n","protected":false},"author":1,"featured_media":40978,"comment_status":"closed","ping_status":"closed","sticky":false,"template":"","format":"standard","meta":{"_coblocks_attr":"","_coblocks_dimensions":"","_coblocks_responsive_height":"","_coblocks_accordion_ie_support":"","jetpack_post_was_ever_published":false,"_jetpack_newsletter_access":"","_jetpack_dont_email_post_to_subs":false,"_jetpack_newsletter_tier_id":0,"_jetpack_memberships_contains_paywalled_content":false,"_jetpack_memberships_contains_paid_content":false,"footnotes":"","jetpack_publicize_message":"","jetpack_publicize_feature_enabled":true,"jetpack_social_post_already_shared":false,"jetpack_social_options":{"image_generator_settings":{"template":"highway","default_image_id":0,"enabled":false},"version":2}},"categories":[1161,9,44,15,10],"tags":[725,7491,6535],"class_list":["post-40977","post","type-post","status-publish","format-standard","has-post-thumbnail","hentry","category-ciudadania","category-medio-ambiente","category-noticias-de-hoy","category-ultimas-noticias","category-salud","tag-espana","tag-green-cycles","tag-plastico-biodegradable"],"jetpack_publicize_connections":[],"jetpack_featured_media_url":"https:\/\/i0.wp.com\/miradordeatarfe.es\/wp-content\/uploads\/2020\/07\/%C3%ADndice-1.jpg?fit=310%2C162&ssl=1","jetpack_likes_enabled":true,"jetpack_sharing_enabled":true,"_links":{"self":[{"href":"https:\/\/miradordeatarfe.es\/index.php?rest_route=\/wp\/v2\/posts\/40977","targetHints":{"allow":["GET"]}}],"collection":[{"href":"https:\/\/miradordeatarfe.es\/index.php?rest_route=\/wp\/v2\/posts"}],"about":[{"href":"https:\/\/miradordeatarfe.es\/index.php?rest_route=\/wp\/v2\/types\/post"}],"author":[{"embeddable":true,"href":"https:\/\/miradordeatarfe.es\/index.php?rest_route=\/wp\/v2\/users\/1"}],"replies":[{"embeddable":true,"href":"https:\/\/miradordeatarfe.es\/index.php?rest_route=%2Fwp%2Fv2%2Fcomments&post=40977"}],"version-history":[{"count":1,"href":"https:\/\/miradordeatarfe.es\/index.php?rest_route=\/wp\/v2\/posts\/40977\/revisions"}],"predecessor-version":[{"id":40979,"href":"https:\/\/miradordeatarfe.es\/index.php?rest_route=\/wp\/v2\/posts\/40977\/revisions\/40979"}],"wp:featuredmedia":[{"embeddable":true,"href":"https:\/\/miradordeatarfe.es\/index.php?rest_route=\/wp\/v2\/media\/40978"}],"wp:attachment":[{"href":"https:\/\/miradordeatarfe.es\/index.php?rest_route=%2Fwp%2Fv2%2Fmedia&parent=40977"}],"wp:term":[{"taxonomy":"category","embeddable":true,"href":"https:\/\/miradordeatarfe.es\/index.php?rest_route=%2Fwp%2Fv2%2Fcategories&post=40977"},{"taxonomy":"post_tag","embeddable":true,"href":"https:\/\/miradordeatarfe.es\/index.php?rest_route=%2Fwp%2Fv2%2Ftags&post=40977"}],"curies":[{"name":"wp","href":"https:\/\/api.w.org\/{rel}","templated":true}]}}