{"id":40980,"date":"2020-07-08T08:34:11","date_gmt":"2020-07-08T06:34:11","guid":{"rendered":"http:\/\/miradordeatarfe.es\/?p=40980"},"modified":"2020-07-04T13:48:47","modified_gmt":"2020-07-04T11:48:47","slug":"140-plataformas-ciudadanas-se-han-reunido-para-luchar-contra-la-espana-vaciada","status":"publish","type":"post","link":"https:\/\/miradordeatarfe.es\/?p=40980","title":{"rendered":"140 plataformas ciudadanas se han reunido para luchar contra &#8216;La Espa\u00f1a Vaciada&#8217;"},"content":{"rendered":"<header>\n<h3 style=\"text-align: justify;\">M\u00e1s de un centenar de personas se han dado cita en una convocatoria virtual en la que se han tratado temas como la creaci\u00f3n de un documento para el avance hacia el \u00abreequilibrio territorial<\/h3>\n<\/header>\n<div class=\"cnt-izq\">\n<div class=\"cnt-body\">\n<div id=\"cuerpo_noticia_r\" class=\"cuerpo\">\n<p style=\"text-align: justify;\">M\u00e1s de un centenar de participantes se han reunido telem\u00e1ticamente en la cita de la <strong>Espa\u00f1a Vaciada &#8216;Ja\u00e9n Virtual 2020&#8217;, un encuentro masivo de 140 plataformas ciudadanas<\/strong> de una veintena de provincias espa\u00f1olas que se consideran \u00abhist\u00f3ricamente agraviadas y ninguneadas por parte de las instituciones y sin distinci\u00f3n de siglas\u00bb.<\/p>\n<p style=\"text-align: justify;\">En el encuentro, celebrado este fin de semana, se ha definido c\u00f3mo trabajar colaborativamente un documento en el que plantear\u00e1n un modelo de desarrollo que necesita Espa\u00f1a para avanzar hacia el reequilibrio territorial.<\/p>\n<p style=\"text-align: justify;\">Seg\u00fan indican las plataformas, se ha fraguado \u00abuna estructura operativa que se concreta en ocho mesas de trabajo, con \u00e1reas definidas, para un fin com\u00fan que persigue objetivos para el consenso nacional de un <strong>Pacto de Estado para el reequilibrio territorial y la repoblaci\u00f3n de esa &#8216;Espa\u00f1a Vaciada&#8217;<\/strong>cuyo concepto han conseguido que ya est\u00e9 presente en la agenda de todos los grupos pol\u00edticos espa\u00f1oles\u00bb, tras la manifestaci\u00f3n que tuvo lugar en Madrid en marzo de 2019 en la que se dieron cita cerca de 100.000 personas. Los manifestantes proced\u00edan de esa Espa\u00f1a que, aseguran, <strong>\u00absufre una grave sangr\u00eda poblacional originada por la p\u00e9rdida de oportunidades generada de la falta de inversiones, la ausencia y desmantelamiento de infraestructuras y la merma progresiva de servicios,<\/strong> lo que est\u00e1 abocando al vaciamiento poblacional porque sus habitantes se ven forzados a emigrar fuera de su tierra\u00bb.<\/p>\n<p style=\"text-align: justify;\">Desde la coordinadora han relatado c\u00f3mo en la Comisi\u00f3n de Reconstrucci\u00f3n del pa\u00eds \u00abse est\u00e1 escuchando a muchos comparecientes la necesidad de solucionar el problema del equilibrio territorial y la despoblaci\u00f3n, y a los diputados expresar estar de acuerdo\u00bb. Por este motivo, plantean que \u00abes necesario pasar de las palabras a los hechos\u00bb<em>\u00a0<\/em>y han anunciado que<strong>\u00a0en este mes, el Congreso de los Diputados va a ver una interpelaci\u00f3n urgente al Gobierno del diputado de &#8216;Teruel Existe&#8217;, Tom\u00e1s Guitarte, en este sentido y que va a dar voz com\u00fan a este problema del hartazgo social existente en la denominada &#8216;Espa\u00f1a Vaciada&#8217;.<\/strong><\/p>\n<p style=\"text-align: justify;\"><a href=\"https:\/\/cadenaser.com\/autor\/paola_serrano_mataran\/a\/\" rel=\"nofollow\">Paola Serrano<\/a><\/p>\n<p>FOTO: Reuni\u00f3n telem\u00e1tica de &#8216;La Espa\u00f1a Vaciada&#8217; \/ La Espa\u00f1a Vaciada<\/p>\n<p>https:\/\/cadenaser.com\/emisora\/2020\/06\/15\/radio_jaen\/1592197642_677996.html<\/p>\n<\/div>\n<\/div>\n<\/div>\n","protected":false},"excerpt":{"rendered":"<p>M\u00e1s de un centenar de personas se han dado cita en una convocatoria virtual en&#8230;<\/p>\n","protected":false},"author":1,"featured_media":40981,"comment_status":"closed","ping_status":"closed","sticky":false,"template":"","format":"standard","meta":{"_coblocks_attr":"","_coblocks_dimensions":"","_coblocks_responsive_height":"","_coblocks_accordion_ie_support":"","jetpack_post_was_ever_published":false,"_jetpack_newsletter_access":"","_jetpack_dont_email_post_to_subs":false,"_jetpack_newsletter_tier_id":0,"_jetpack_memberships_contains_paywalled_content":false,"_jetpack_memberships_contains_paid_content":false,"footnotes":"","jetpack_publicize_message":"","jetpack_publicize_feature_enabled":true,"jetpack_social_post_already_shared":false,"jetpack_social_options":{"image_generator_settings":{"template":"highway","default_image_id":0,"enabled":false},"version":2}},"categories":[1161,9,44,15],"tags":[7252,99,4071],"class_list":["post-40980","post","type-post","status-publish","format-standard","has-post-thumbnail","hentry","category-ciudadania","category-medio-ambiente","category-noticias-de-hoy","category-ultimas-noticias","tag-espana-vaciada","tag-medio-ambiente","tag-plataformas"],"jetpack_publicize_connections":[],"jetpack_featured_media_url":"https:\/\/i0.wp.com\/miradordeatarfe.es\/wp-content\/uploads\/2020\/07\/1592197642_677996_1592198755_noticia_normal_recorte1.jpg?fit=1300%2C604&ssl=1","jetpack_likes_enabled":true,"jetpack_sharing_enabled":true,"_links":{"self":[{"href":"https:\/\/miradordeatarfe.es\/index.php?rest_route=\/wp\/v2\/posts\/40980","targetHints":{"allow":["GET"]}}],"collection":[{"href":"https:\/\/miradordeatarfe.es\/index.php?rest_route=\/wp\/v2\/posts"}],"about":[{"href":"https:\/\/miradordeatarfe.es\/index.php?rest_route=\/wp\/v2\/types\/post"}],"author":[{"embeddable":true,"href":"https:\/\/miradordeatarfe.es\/index.php?rest_route=\/wp\/v2\/users\/1"}],"replies":[{"embeddable":true,"href":"https:\/\/miradordeatarfe.es\/index.php?rest_route=%2Fwp%2Fv2%2Fcomments&post=40980"}],"version-history":[{"count":1,"href":"https:\/\/miradordeatarfe.es\/index.php?rest_route=\/wp\/v2\/posts\/40980\/revisions"}],"predecessor-version":[{"id":40982,"href":"https:\/\/miradordeatarfe.es\/index.php?rest_route=\/wp\/v2\/posts\/40980\/revisions\/40982"}],"wp:featuredmedia":[{"embeddable":true,"href":"https:\/\/miradordeatarfe.es\/index.php?rest_route=\/wp\/v2\/media\/40981"}],"wp:attachment":[{"href":"https:\/\/miradordeatarfe.es\/index.php?rest_route=%2Fwp%2Fv2%2Fmedia&parent=40980"}],"wp:term":[{"taxonomy":"category","embeddable":true,"href":"https:\/\/miradordeatarfe.es\/index.php?rest_route=%2Fwp%2Fv2%2Fcategories&post=40980"},{"taxonomy":"post_tag","embeddable":true,"href":"https:\/\/miradordeatarfe.es\/index.php?rest_route=%2Fwp%2Fv2%2Ftags&post=40980"}],"curies":[{"name":"wp","href":"https:\/\/api.w.org\/{rel}","templated":true}]}}