{"id":41044,"date":"2020-07-11T11:31:01","date_gmt":"2020-07-11T09:31:01","guid":{"rendered":"http:\/\/miradordeatarfe.es\/?p=41044"},"modified":"2020-07-08T13:41:03","modified_gmt":"2020-07-08T11:41:03","slug":"asociacion-de-las-hijas-de-maria-por-jose-enrique-granados","status":"publish","type":"post","link":"https:\/\/miradordeatarfe.es\/?p=41044","title":{"rendered":"\u00abAsociaci\u00f3n de las Hijas de Mar\u00eda\u00bb por Jos\u00e9 Enrique Granados"},"content":{"rendered":"<p>En 1907 se establecieron en Atarfe, las hijas de la Caridad, creando en 1929 la Asociaci\u00f3n de las Hijas de Mar\u00eda. El inicio de estas asociaciones vinculadas a las Hijas de la Caridad de San Vicente de Pa\u00fal se remonta a 1830, cuando la Virgen se apareci\u00f3 a Santa Catalina Labour\u00e9le manifest\u00e1ndole su deseo de que se fundase una Asociaci\u00f3n de Hijas de Mar\u00eda.<\/p>\n<p>Estas Hijas de Mar\u00eda se mantienen fieles al esp\u00edritu de \u201chonrar a Mar\u00eda Inmaculada por la imitaci\u00f3n de sus virtudes, parti<span class=\"text_exposed_show\">cularmente su pureza, humildad, obediencia y caridad\u201d, usando como insignia la medalla milagrosa.<\/span><\/p>\n<p><a href=\"https:\/\/i0.wp.com\/miradordeatarfe.es\/wp-content\/uploads\/2020\/07\/100957988_3091270657625595_8138092844070993920_o.jpg?ssl=1\"><img data-recalc-dims=\"1\" loading=\"lazy\" decoding=\"async\" class=\"wp-image-41045 size-full aligncenter\" src=\"https:\/\/i0.wp.com\/miradordeatarfe.es\/wp-content\/uploads\/2020\/07\/100957988_3091270657625595_8138092844070993920_o.jpg?resize=594%2C960&#038;ssl=1\" alt=\"\" width=\"594\" height=\"960\" srcset=\"https:\/\/i0.wp.com\/miradordeatarfe.es\/wp-content\/uploads\/2020\/07\/100957988_3091270657625595_8138092844070993920_o.jpg?w=594&amp;ssl=1 594w, https:\/\/i0.wp.com\/miradordeatarfe.es\/wp-content\/uploads\/2020\/07\/100957988_3091270657625595_8138092844070993920_o.jpg?resize=186%2C300&amp;ssl=1 186w\" sizes=\"auto, (max-width: 594px) 100vw, 594px\" \/><\/a><\/p>\n<div class=\"text_exposed_show\">\n<p>En la fotograf\u00eda, procesionando a la imagen milagrosa por parte de las Hijas de Mar\u00eda en la calle Real, a la altura del Casino de Labradores, cuya fachada a\u00fan no se encuentra remodelada.<\/p>\n<p>Curiosidades elvirenses.<\/p>\n<p>&nbsp;<\/p>\n<\/div>\n","protected":false},"excerpt":{"rendered":"<p>En 1907 se establecieron en Atarfe, las hijas de la Caridad, creando en 1929 la&#8230;<\/p>\n","protected":false},"author":1,"featured_media":41046,"comment_status":"closed","ping_status":"closed","sticky":false,"template":"","format":"standard","meta":{"_coblocks_attr":"","_coblocks_dimensions":"","_coblocks_responsive_height":"","_coblocks_accordion_ie_support":"","jetpack_post_was_ever_published":false,"_jetpack_newsletter_access":"","_jetpack_dont_email_post_to_subs":false,"_jetpack_newsletter_tier_id":0,"_jetpack_memberships_contains_paywalled_content":false,"_jetpack_memberships_contains_paid_content":false,"footnotes":"","jetpack_publicize_message":"","jetpack_publicize_feature_enabled":true,"jetpack_social_post_already_shared":false,"jetpack_social_options":{"image_generator_settings":{"template":"highway","default_image_id":0,"enabled":false},"version":2}},"categories":[2,1225,186,38,44,15],"tags":[81,7501],"class_list":["post-41044","post","type-post","status-publish","format-standard","has-post-thumbnail","hentry","category-atarfe","category-ha-de-atarfe","category-instituciones","category-opinion-de-jose-enrique-granados","category-noticias-de-hoy","category-ultimas-noticias","tag-atarfe","tag-hijas-de-la-caridad"],"jetpack_publicize_connections":[],"jetpack_featured_media_url":"https:\/\/i0.wp.com\/miradordeatarfe.es\/wp-content\/uploads\/2020\/07\/unnamed.jpg?fit=512%2C256&ssl=1","jetpack_likes_enabled":true,"jetpack_sharing_enabled":true,"_links":{"self":[{"href":"https:\/\/miradordeatarfe.es\/index.php?rest_route=\/wp\/v2\/posts\/41044","targetHints":{"allow":["GET"]}}],"collection":[{"href":"https:\/\/miradordeatarfe.es\/index.php?rest_route=\/wp\/v2\/posts"}],"about":[{"href":"https:\/\/miradordeatarfe.es\/index.php?rest_route=\/wp\/v2\/types\/post"}],"author":[{"embeddable":true,"href":"https:\/\/miradordeatarfe.es\/index.php?rest_route=\/wp\/v2\/users\/1"}],"replies":[{"embeddable":true,"href":"https:\/\/miradordeatarfe.es\/index.php?rest_route=%2Fwp%2Fv2%2Fcomments&post=41044"}],"version-history":[{"count":1,"href":"https:\/\/miradordeatarfe.es\/index.php?rest_route=\/wp\/v2\/posts\/41044\/revisions"}],"predecessor-version":[{"id":41047,"href":"https:\/\/miradordeatarfe.es\/index.php?rest_route=\/wp\/v2\/posts\/41044\/revisions\/41047"}],"wp:featuredmedia":[{"embeddable":true,"href":"https:\/\/miradordeatarfe.es\/index.php?rest_route=\/wp\/v2\/media\/41046"}],"wp:attachment":[{"href":"https:\/\/miradordeatarfe.es\/index.php?rest_route=%2Fwp%2Fv2%2Fmedia&parent=41044"}],"wp:term":[{"taxonomy":"category","embeddable":true,"href":"https:\/\/miradordeatarfe.es\/index.php?rest_route=%2Fwp%2Fv2%2Fcategories&post=41044"},{"taxonomy":"post_tag","embeddable":true,"href":"https:\/\/miradordeatarfe.es\/index.php?rest_route=%2Fwp%2Fv2%2Ftags&post=41044"}],"curies":[{"name":"wp","href":"https:\/\/api.w.org\/{rel}","templated":true}]}}